{"id":37331,"date":"2023-06-23T14:32:05","date_gmt":"2023-06-23T12:32:05","guid":{"rendered":"https:\/\/blogs.diariosur.es\/tormentas-y-rayos\/?p=37331"},"modified":"2023-06-23T14:33:17","modified_gmt":"2023-06-23T12:33:17","slug":"ultima-hora-aviso-especial-primera-ola-de-calor-del-verano-de-2023","status":"publish","type":"post","link":"https:\/\/blogs.diariosur.es\/tormentas-y-rayos\/2023\/06\/23\/ultima-hora-aviso-especial-primera-ola-de-calor-del-verano-de-2023\/","title":{"rendered":"\u00daltima hora: Aviso especial. Primera ola de calor del verano de 2023."},"content":{"rendered":"<p><a href=\"https:\/\/static-blogs.diariosur.es\/wp-content\/uploads\/sites\/12\/2023\/04\/13055600_10207552088459273_1169643538142501376_n.jpg\"><img loading=\"lazy\" class=\"aligncenter size-thumbnail wp-image-36680\" src=\"https:\/\/static-blogs.diariosur.es\/wp-content\/uploads\/sites\/12\/2023\/04\/13055600_10207552088459273_1169643538142501376_n-150x150.jpg\" alt=\"\" width=\"150\" height=\"150\" \/><\/a><\/p>\n<p>Buenas tardes, amigos de la meteo. Se activa el aviso por ola de calor, la primera del verano de 2023. Os paso el aviso especial de la aemet. De momento, la mayoria de la provincia de M\u00e1laga un oasis.<\/p>\n<p>LA AGENCIA ESTATAL DE METEOROLOG\u00cdA INFORMA: 1.- Fen\u00f3meno meteorol\u00f3gico: Ola de calor 2.- \u00c1mbito geogr\u00e1fico: Mitad sur peninsular. 3.- Comienzo de la situaci\u00f3n: Domingo, 25 4.- Duraci\u00f3n: Hasta el mi\u00e9rcoles 28. 5.- Grado de probabilidad: Alto (mayor del 80%) 6.- Descripci\u00f3n de la situaci\u00f3n meteorol\u00f3gica: Durante los pr\u00f3ximos d\u00edas dominar\u00e1 una situaci\u00f3n anticicl\u00f3nica con atm\u00f3sfera estable en general, favoreciendo una fuerte insolaci\u00f3n, que, junto con la entrada de una masa de aire muy c\u00e1lido procedente del norte de \u00c1frica, est\u00e1 dando lugar a un aumento progresivo de las temperaturas en la Pen\u00ednsula y Baleares, desde ayer y que continuar\u00e1 principalmente hasta el lunes, alcanzando unos valores claramente superiores a los normales para esta \u00e9poca del a\u00f1o en la mitad sur peninsular y que se mantendr\u00e1n durante la primera mitad de la semana pr\u00f3xima. Debido al fuerte calentamiento diurno es probable que se formen algunas tormentas en zonas de monta\u00f1a de la zona centro y mitad este peninsular a partir del domingo. La zona m\u00e1s afectada por el calor ser\u00e1 la mitad sur, con unas temperaturas m\u00e1ximas que probablemente superen los 38\u00baC, sobrepasando los 40-42\u00baC en zonas del cuadrante suroeste. Por otro lado, las temperaturas m\u00ednimas tambi\u00e9n ser\u00e1n muy elevadas; se esperan noches tropicales con m\u00ednimas por encima de 20-22\u00baC en amplias zonas. Las altas temperaturas se extender\u00e1n al resto de la Pen\u00ednsula y Baleares, pero de forma m\u00e1s moderada. Durante el d\u00eda de hoy y ma\u00f1ana, se producir\u00e1 un ascenso generalizado de temperaturas, que continuar\u00e1 el domingo, excepto en Galicia y Cant\u00e1brico, donde bajar\u00e1n. El domingo se podr\u00e1n superar los 40-42\u00baC en \u00e1reas del cuadrante suroeste, sobre todo en el valle del Guadiana, Guadalquivir y Tajo, los 38\u00baC en gran parte del resto de la mitad sur, zona centro y puntos del valle del Ebro y los 35\u00baC en zonas de la meseta norte. El lunes se producir\u00e1 un descenso de temperaturas en la mitad norte, aunque seguir\u00e1n subiendo en la mitad sur, con lo que es probable que este d\u00eda sea el de mayor calor en esta zona, sin descartar que se alcancen los 44\u00baC en el valle del Guadalquivir. A partir del martes 27 se iniciar\u00e1 un descenso ligero y progresivo de temperaturas, tambi\u00e9n en la mitad sur, aunque todav\u00eda se mantendr\u00e1n las temperaturas muy elevadas en esa zona, siendo probable que a partir del jueves el descenso sea algo m\u00e1s acusado, momento que las temperaturas se acercar\u00e1n a valores normales para la \u00e9poca.<\/p>\n<p>&nbsp;<\/p>\n","protected":false},"excerpt":{"rendered":"<p>Buenas tardes, amigos de la meteo. Se activa el aviso por ola de calor, la primera del verano de 2023. Os paso el aviso especial de la aemet. De momento, la mayoria de la provincia de M\u00e1laga un oasis. LA AGENCIA ESTATAL DE METEOROLOG\u00cdA INFORMA: 1.- Fen\u00f3meno meteorol\u00f3gico: Ola de calor 2.- \u00c1mbito geogr\u00e1fico: Mitad [&hellip;]<\/p>\n","protected":false},"author":16,"featured_media":37327,"comment_status":"open","ping_status":"open","sticky":false,"template":"","format":"standard","meta":[],"categories":[2],"tags":[212,375,485,539,732,1028,1052],"_links":{"self":[{"href":"https:\/\/blogs.diariosur.es\/tormentas-y-rayos\/wp-json\/wp\/v2\/posts\/37331"}],"collection":[{"href":"https:\/\/blogs.diariosur.es\/tormentas-y-rayos\/wp-json\/wp\/v2\/posts"}],"about":[{"href":"https:\/\/blogs.diariosur.es\/tormentas-y-rayos\/wp-json\/wp\/v2\/types\/post"}],"author":[{"embeddable":true,"href":"https:\/\/blogs.diariosur.es\/tormentas-y-rayos\/wp-json\/wp\/v2\/users\/16"}],"replies":[{"embeddable":true,"href":"https:\/\/blogs.diariosur.es\/tormentas-y-rayos\/wp-json\/wp\/v2\/comments?post=37331"}],"version-history":[{"count":5,"href":"https:\/\/blogs.diariosur.es\/tormentas-y-rayos\/wp-json\/wp\/v2\/posts\/37331\/revisions"}],"predecessor-version":[{"id":37335,"href":"https:\/\/blogs.diariosur.es\/tormentas-y-rayos\/wp-json\/wp\/v2\/posts\/37331\/revisions\/37335"}],"wp:featuredmedia":[{"embeddable":true,"href":"https:\/\/blogs.diariosur.es\/tormentas-y-rayos\/wp-json\/wp\/v2\/media\/37327"}],"wp:attachment":[{"href":"https:\/\/blogs.diariosur.es\/tormentas-y-rayos\/wp-json\/wp\/v2\/media?parent=37331"}],"wp:term":[{"taxonomy":"category","embeddable":true,"href":"https:\/\/blogs.diariosur.es\/tormentas-y-rayos\/wp-json\/wp\/v2\/categories?post=37331"},{"taxonomy":"post_tag","embeddable":true,"href":"https:\/\/blogs.diariosur.es\/tormentas-y-rayos\/wp-json\/wp\/v2\/tags?post=37331"}],"curies":[{"name":"wp","href":"https:\/\/api.w.org\/{rel}","templated":true}]}}