{"id":37338,"date":"2023-06-25T12:48:14","date_gmt":"2023-06-25T10:48:14","guid":{"rendered":"https:\/\/blogs.diariosur.es\/tormentas-y-rayos\/?p=37338"},"modified":"2023-06-25T12:48:31","modified_gmt":"2023-06-25T10:48:31","slug":"ultima-hora-se-activa-el-aviso-rojo-por-altas-temperaturas-en-dos-provincias-andaluzas","status":"publish","type":"post","link":"https:\/\/blogs.diariosur.es\/tormentas-y-rayos\/2023\/06\/25\/ultima-hora-se-activa-el-aviso-rojo-por-altas-temperaturas-en-dos-provincias-andaluzas\/","title":{"rendered":"\u00daltima hora: Se activa el aviso rojo por altas temperaturas en dos provincias andaluzas."},"content":{"rendered":"<p><a href=\"https:\/\/static-blogs.diariosur.es\/wp-content\/uploads\/sites\/12\/2022\/12\/15003244_10209205767200208_5978289506419899153_o-1.jpg\"><img loading=\"lazy\" class=\"aligncenter size-thumbnail wp-image-35431\" src=\"https:\/\/static-blogs.diariosur.es\/wp-content\/uploads\/sites\/12\/2022\/12\/15003244_10209205767200208_5978289506419899153_o-1-150x150.jpg\" alt=\"\" width=\"150\" height=\"150\" srcset=\"https:\/\/static-blogs.diariosur.es\/wp-content\/uploads\/sites\/12\/2022\/12\/15003244_10209205767200208_5978289506419899153_o-1-150x150.jpg 150w, https:\/\/static-blogs.diariosur.es\/wp-content\/uploads\/sites\/12\/2022\/12\/15003244_10209205767200208_5978289506419899153_o-1-400x400.jpg 400w, https:\/\/static-blogs.diariosur.es\/wp-content\/uploads\/sites\/12\/2022\/12\/15003244_10209205767200208_5978289506419899153_o-1-768x768.jpg 768w, https:\/\/static-blogs.diariosur.es\/wp-content\/uploads\/sites\/12\/2022\/12\/15003244_10209205767200208_5978289506419899153_o-1.jpg 1069w\" sizes=\"(max-width: 150px) 100vw, 150px\" \/><\/a><\/p>\n<p>Muy buenas tardes, amigos de la meteo. La aemet activa para ma\u00f1ana lunes el aviso rojo por altas temperaturas de 44 grados en las campi\u00f1as de Sevilla y C\u00f3rdoba. Adem\u00e1s tambien se activa el naranja en las provincias de Huelva, Ja\u00e9n, e interior de las de Granada y C\u00e1diz por temperaturas de 41 a 43 grados. La provincia de M\u00e1laga y Almer\u00eda se libran de momento de estas altas temperaturas.<\/p>\n<p>Os paso el mapa de avisos de la aemet y una foto de la playa de la misericordia en M\u00e1laga. La temperatura del agua 20.6 grados, la del aire 29.3 grados.<\/p>\n<p>&nbsp;<\/p>\n<p><a href=\"https:\/\/static-blogs.diariosur.es\/wp-content\/uploads\/sites\/12\/2023\/06\/Captura-de-pantalla-2023-06-25-123800.jpg\"><img loading=\"lazy\" class=\"aligncenter size-full wp-image-37339\" src=\"https:\/\/static-blogs.diariosur.es\/wp-content\/uploads\/sites\/12\/2023\/06\/Captura-de-pantalla-2023-06-25-123800.jpg\" alt=\"\" width=\"699\" height=\"555\" srcset=\"https:\/\/static-blogs.diariosur.es\/wp-content\/uploads\/sites\/12\/2023\/06\/Captura-de-pantalla-2023-06-25-123800.jpg 699w, https:\/\/static-blogs.diariosur.es\/wp-content\/uploads\/sites\/12\/2023\/06\/Captura-de-pantalla-2023-06-25-123800-504x400.jpg 504w\" sizes=\"(max-width: 699px) 100vw, 699px\" \/><\/a><\/p>\n<p>&nbsp;<\/p>\n<p><a href=\"https:\/\/static-blogs.diariosur.es\/wp-content\/uploads\/sites\/12\/2023\/06\/FzdjewwWcAAJaK9-e1687689937256.jpg\"><img loading=\"lazy\" class=\"aligncenter size-full wp-image-37340\" src=\"https:\/\/static-blogs.diariosur.es\/wp-content\/uploads\/sites\/12\/2023\/06\/FzdjewwWcAAJaK9-e1687689937256.jpg\" alt=\"\" width=\"1200\" height=\"800\" \/><\/a><\/p>\n","protected":false},"excerpt":{"rendered":"<p>Muy buenas tardes, amigos de la meteo. La aemet activa para ma\u00f1ana lunes el aviso rojo por altas temperaturas de 44 grados en las campi\u00f1as de Sevilla y C\u00f3rdoba. Adem\u00e1s tambien se activa el naranja en las provincias de Huelva, Ja\u00e9n, e interior de las de Granada y C\u00e1diz por temperaturas de 41 a 43 [&hellip;]<\/p>\n","protected":false},"author":16,"featured_media":37340,"comment_status":"open","ping_status":"open","sticky":false,"template":"","format":"standard","meta":[],"categories":[2],"tags":[81,82,100,151,212,485,732,872,1028],"_links":{"self":[{"href":"https:\/\/blogs.diariosur.es\/tormentas-y-rayos\/wp-json\/wp\/v2\/posts\/37338"}],"collection":[{"href":"https:\/\/blogs.diariosur.es\/tormentas-y-rayos\/wp-json\/wp\/v2\/posts"}],"about":[{"href":"https:\/\/blogs.diariosur.es\/tormentas-y-rayos\/wp-json\/wp\/v2\/types\/post"}],"author":[{"embeddable":true,"href":"https:\/\/blogs.diariosur.es\/tormentas-y-rayos\/wp-json\/wp\/v2\/users\/16"}],"replies":[{"embeddable":true,"href":"https:\/\/blogs.diariosur.es\/tormentas-y-rayos\/wp-json\/wp\/v2\/comments?post=37338"}],"version-history":[{"count":2,"href":"https:\/\/blogs.diariosur.es\/tormentas-y-rayos\/wp-json\/wp\/v2\/posts\/37338\/revisions"}],"predecessor-version":[{"id":37342,"href":"https:\/\/blogs.diariosur.es\/tormentas-y-rayos\/wp-json\/wp\/v2\/posts\/37338\/revisions\/37342"}],"wp:featuredmedia":[{"embeddable":true,"href":"https:\/\/blogs.diariosur.es\/tormentas-y-rayos\/wp-json\/wp\/v2\/media\/37340"}],"wp:attachment":[{"href":"https:\/\/blogs.diariosur.es\/tormentas-y-rayos\/wp-json\/wp\/v2\/media?parent=37338"}],"wp:term":[{"taxonomy":"category","embeddable":true,"href":"https:\/\/blogs.diariosur.es\/tormentas-y-rayos\/wp-json\/wp\/v2\/categories?post=37338"},{"taxonomy":"post_tag","embeddable":true,"href":"https:\/\/blogs.diariosur.es\/tormentas-y-rayos\/wp-json\/wp\/v2\/tags?post=37338"}],"curies":[{"name":"wp","href":"https:\/\/api.w.org\/{rel}","templated":true}]}}