{"id":37343,"date":"2023-06-26T07:21:03","date_gmt":"2023-06-26T05:21:03","guid":{"rendered":"https:\/\/blogs.diariosur.es\/tormentas-y-rayos\/?p=37343"},"modified":"2023-06-26T07:21:03","modified_gmt":"2023-06-26T05:21:03","slug":"el-tiempo-en-malaga-aviso-amarillo-por-altas-temperaturas-pero-seguimos-en-el-oasis","status":"publish","type":"post","link":"https:\/\/blogs.diariosur.es\/tormentas-y-rayos\/2023\/06\/26\/el-tiempo-en-malaga-aviso-amarillo-por-altas-temperaturas-pero-seguimos-en-el-oasis\/","title":{"rendered":"El tiempo en M\u00e1laga. Aviso amarillo por altas temperaturas. Pero seguimos en el oasis."},"content":{"rendered":"<p><a href=\"https:\/\/static-blogs.diariosur.es\/wp-content\/uploads\/sites\/12\/2023\/06\/66505616_10216972270637940_5684453640765440_n.jpg\"><img loading=\"lazy\" class=\"aligncenter size-thumbnail wp-image-37348\" src=\"https:\/\/static-blogs.diariosur.es\/wp-content\/uploads\/sites\/12\/2023\/06\/66505616_10216972270637940_5684453640765440_n-150x150.jpg\" alt=\"\" width=\"150\" height=\"150\" srcset=\"https:\/\/static-blogs.diariosur.es\/wp-content\/uploads\/sites\/12\/2023\/06\/66505616_10216972270637940_5684453640765440_n-150x150.jpg 150w, https:\/\/static-blogs.diariosur.es\/wp-content\/uploads\/sites\/12\/2023\/06\/66505616_10216972270637940_5684453640765440_n-400x400.jpg 400w, https:\/\/static-blogs.diariosur.es\/wp-content\/uploads\/sites\/12\/2023\/06\/66505616_10216972270637940_5684453640765440_n.jpg 768w\" sizes=\"(max-width: 150px) 100vw, 150px\" \/><\/a><\/p>\n<p style=\"text-align: justify;\">Muy buenos d\u00edas, amigos de la meteo. Cuando son las seis y media de la ma\u00f1ana en M\u00e1laga capital, la estaci\u00f3n de la aemet del Aeropuerto registra 22.4 grados, los cielos est\u00e1n despejados y el viento en calma. Destacar de las ocho capitales andaluzas, la temperatura de C\u00e1diz\u00a0 27.6 grados a las 6:30 de la ma\u00f1ana. Para los que van muy temprano a la playa, la temperatura del agua en la boya del puerto de M\u00e1laga es de 20.7 grados. A primeras horas de la tarde rondaran los 22.8 grados.<\/p>\n<p style=\"text-align: justify;\">Ayer domingo la temperatura m\u00e1xima en el Aeropuerto fue de 32.9 grados, en el Puerto 30 grados y Centro Meteorol\u00f3gico 31.8 grados. Las temperaturas m\u00e1ximas en la provincia malague\u00f1a se registraron en Fuente Piedra con 37.6 grados, Ronda 37.4 grados, Alpandeire 37.3 grados y Antequera con 36.3 grados. Comparando estas temperaturas m\u00e1ximas con las que se dieron en las provincias de Huelva, Sevilla, C\u00f3rdoba, Ja\u00e9n e interior de Granada y C\u00e1diz, las provincias de M\u00e1laga y Almer\u00eda estuvieron en un oasis. Os recuerdo que las m\u00e1ximas rondaron entre los 40 y 44 grados. Fuente aemet.<\/p>\n<p style=\"text-align: justify;\">Hoy lunes y ma\u00f1ana martes se activa el aviso amarillo por altas temperaturas de 38 grados en la comarca de Antequera, aunque la comarca de Ronda e interior del Valle del Guadalhorce no est\u00e1n en avisos, las m\u00e1ximas rondaran entre los 35 y 37 grados.<\/p>\n<p>Os recuerdo que las campi\u00f1as de Sevilla y C\u00f3rdoba entran hoy en aviso rojo por temperaturas de 44 grados. Os paso el mapa actualizado de avisos, la \u00fanica provincia que no esta en la de Almeria.<\/p>\n<p>&nbsp;<\/p>\n<p><a href=\"https:\/\/static-blogs.diariosur.es\/wp-content\/uploads\/sites\/12\/2023\/06\/lunes.jpg\"><img loading=\"lazy\" class=\"aligncenter size-full wp-image-37347\" src=\"https:\/\/static-blogs.diariosur.es\/wp-content\/uploads\/sites\/12\/2023\/06\/lunes.jpg\" alt=\"\" width=\"699\" height=\"550\" srcset=\"https:\/\/static-blogs.diariosur.es\/wp-content\/uploads\/sites\/12\/2023\/06\/lunes.jpg 699w, https:\/\/static-blogs.diariosur.es\/wp-content\/uploads\/sites\/12\/2023\/06\/lunes-508x400.jpg 508w\" sizes=\"(max-width: 699px) 100vw, 699px\" \/><\/a><\/p>\n<p style=\"text-align: justify;\">\n<p style=\"text-align: justify;\">Os dejo con esta refrescante foto, de mi amigo Crist\u00f3bal Gambero.<\/p>\n<p>&nbsp;<\/p>\n<p><a href=\"https:\/\/static-blogs.diariosur.es\/wp-content\/uploads\/sites\/12\/2023\/06\/355718828_6235188293196779_7396898293663225509_n.jpg\"><img loading=\"lazy\" class=\"aligncenter size-full wp-image-37349\" src=\"https:\/\/static-blogs.diariosur.es\/wp-content\/uploads\/sites\/12\/2023\/06\/355718828_6235188293196779_7396898293663225509_n-e1687754464552.jpg\" alt=\"\" width=\"900\" height=\"678\" \/><\/a><\/p>\n","protected":false},"excerpt":{"rendered":"<p>Muy buenos d\u00edas, amigos de la meteo. Cuando son las seis y media de la ma\u00f1ana en M\u00e1laga capital, la estaci\u00f3n de la aemet del Aeropuerto registra 22.4 grados, los cielos est\u00e1n despejados y el viento en calma. Destacar de las ocho capitales andaluzas, la temperatura de C\u00e1diz\u00a0 27.6 grados a las 6:30 de la [&hellip;]<\/p>\n","protected":false},"author":16,"featured_media":37349,"comment_status":"open","ping_status":"open","sticky":false,"template":"","format":"standard","meta":[],"categories":[2],"tags":[81,100,151,212,358,587,676,732,872,962],"_links":{"self":[{"href":"https:\/\/blogs.diariosur.es\/tormentas-y-rayos\/wp-json\/wp\/v2\/posts\/37343"}],"collection":[{"href":"https:\/\/blogs.diariosur.es\/tormentas-y-rayos\/wp-json\/wp\/v2\/posts"}],"about":[{"href":"https:\/\/blogs.diariosur.es\/tormentas-y-rayos\/wp-json\/wp\/v2\/types\/post"}],"author":[{"embeddable":true,"href":"https:\/\/blogs.diariosur.es\/tormentas-y-rayos\/wp-json\/wp\/v2\/users\/16"}],"replies":[{"embeddable":true,"href":"https:\/\/blogs.diariosur.es\/tormentas-y-rayos\/wp-json\/wp\/v2\/comments?post=37343"}],"version-history":[{"count":4,"href":"https:\/\/blogs.diariosur.es\/tormentas-y-rayos\/wp-json\/wp\/v2\/posts\/37343\/revisions"}],"predecessor-version":[{"id":37350,"href":"https:\/\/blogs.diariosur.es\/tormentas-y-rayos\/wp-json\/wp\/v2\/posts\/37343\/revisions\/37350"}],"wp:featuredmedia":[{"embeddable":true,"href":"https:\/\/blogs.diariosur.es\/tormentas-y-rayos\/wp-json\/wp\/v2\/media\/37349"}],"wp:attachment":[{"href":"https:\/\/blogs.diariosur.es\/tormentas-y-rayos\/wp-json\/wp\/v2\/media?parent=37343"}],"wp:term":[{"taxonomy":"category","embeddable":true,"href":"https:\/\/blogs.diariosur.es\/tormentas-y-rayos\/wp-json\/wp\/v2\/categories?post=37343"},{"taxonomy":"post_tag","embeddable":true,"href":"https:\/\/blogs.diariosur.es\/tormentas-y-rayos\/wp-json\/wp\/v2\/tags?post=37343"}],"curies":[{"name":"wp","href":"https:\/\/api.w.org\/{rel}","templated":true}]}}