{"id":37356,"date":"2023-06-27T19:14:24","date_gmt":"2023-06-27T17:14:24","guid":{"rendered":"https:\/\/blogs.diariosur.es\/tormentas-y-rayos\/?p=37356"},"modified":"2023-06-27T23:01:37","modified_gmt":"2023-06-27T21:01:37","slug":"sorpresa-hoy-martes-en-malaga-capital","status":"publish","type":"post","link":"https:\/\/blogs.diariosur.es\/tormentas-y-rayos\/2023\/06\/27\/sorpresa-hoy-martes-en-malaga-capital\/","title":{"rendered":"Sorpresa hoy martes en M\u00e1laga capital."},"content":{"rendered":"<p><a href=\"https:\/\/static-blogs.diariosur.es\/wp-content\/uploads\/sites\/12\/2023\/06\/66505616_10216972270637940_5684453640765440_n.jpg\"><img loading=\"lazy\" class=\"aligncenter size-thumbnail wp-image-37348\" src=\"https:\/\/static-blogs.diariosur.es\/wp-content\/uploads\/sites\/12\/2023\/06\/66505616_10216972270637940_5684453640765440_n-150x150.jpg\" alt=\"\" width=\"150\" height=\"150\" srcset=\"https:\/\/static-blogs.diariosur.es\/wp-content\/uploads\/sites\/12\/2023\/06\/66505616_10216972270637940_5684453640765440_n-150x150.jpg 150w, https:\/\/static-blogs.diariosur.es\/wp-content\/uploads\/sites\/12\/2023\/06\/66505616_10216972270637940_5684453640765440_n-400x400.jpg 400w, https:\/\/static-blogs.diariosur.es\/wp-content\/uploads\/sites\/12\/2023\/06\/66505616_10216972270637940_5684453640765440_n.jpg 768w\" sizes=\"(max-width: 150px) 100vw, 150px\" \/><\/a><\/p>\n<p style=\"text-align: justify;\">Buenas tardes, amigos de la meteo. Yo pensaba que hoy 27 de junio de 2023, ser\u00eda un d\u00eda tranquilo, pero&#8230;&#8230;. no. Primero, porque la aemet desactivo el aviso amarillo por altas temperaturas en la comarca de Antequera, pero esto se puede comprender, y no actualice el blog. Pero, lo que no esperaba era terral, si amigos, lo hemos tenido hasta mas o menos pasado las doce de la ma\u00f1ana, y\u00a0 las tres estaciones de la aemet han sobrepasado los 35 grados, si llega a seguir habr\u00edamos llegado a m\u00e1s de 40 grados. Incluso habr\u00edamos batido el r\u00e9cord de junio del a\u00f1o 1983 con\u00a041 grados<\/p>\n<p style=\"text-align: justify;\">Cuando a las doce de la ma\u00f1ana estaba en la calle, seguidores m\u00edos del barrio, me preguntaban: \u00bfJose hace terral? yo le contestaba&#8230;.creo que no, puede que sea fen\u00f3meno de <a href=\"https:\/\/blogs.diariosur.es\/tormentas-y-rayos\/2019\/07\/02\/el-tiempo-en-malaga-andalucia-fenomeno-de-subsidencia\/?ref=https%3A%2F%2Fblogs.diariosur.es%2F\"><strong><span style=\"color: blue;\">subsidencia<\/span><\/strong><\/a>. Una vez llegue, a casa sobre las dos de la tarde, empec\u00e9 a mirar los gr\u00e1ficos de las tres estaciones de la aemet y sorpresa&#8230; era terral. Aunque la mayor prueba era que no se sudaba tanto como paso ayer.<\/p>\n<p style=\"text-align: justify;\">Os paso unos gr\u00e1ficos de las tres estaciones de la aemet en M\u00e1laga capital de temperatura y viento.<\/p>\n<p><a href=\"https:\/\/static-blogs.diariosur.es\/wp-content\/uploads\/sites\/12\/2023\/06\/a-1.jpg\"><img loading=\"lazy\" class=\"aligncenter size-full wp-image-37358\" src=\"https:\/\/static-blogs.diariosur.es\/wp-content\/uploads\/sites\/12\/2023\/06\/a-1.jpg\" alt=\"\" width=\"1044\" height=\"487\" srcset=\"https:\/\/static-blogs.diariosur.es\/wp-content\/uploads\/sites\/12\/2023\/06\/a-1.jpg 1044w, https:\/\/static-blogs.diariosur.es\/wp-content\/uploads\/sites\/12\/2023\/06\/a-1-640x299.jpg 640w, https:\/\/static-blogs.diariosur.es\/wp-content\/uploads\/sites\/12\/2023\/06\/a-1-768x358.jpg 768w\" sizes=\"(max-width: 1044px) 100vw, 1044px\" \/><\/a> <a href=\"https:\/\/static-blogs.diariosur.es\/wp-content\/uploads\/sites\/12\/2023\/06\/a1.jpg\"><img loading=\"lazy\" class=\"aligncenter size-full wp-image-37359\" src=\"https:\/\/static-blogs.diariosur.es\/wp-content\/uploads\/sites\/12\/2023\/06\/a1.jpg\" alt=\"\" width=\"1032\" height=\"466\" srcset=\"https:\/\/static-blogs.diariosur.es\/wp-content\/uploads\/sites\/12\/2023\/06\/a1.jpg 1032w, https:\/\/static-blogs.diariosur.es\/wp-content\/uploads\/sites\/12\/2023\/06\/a1-640x289.jpg 640w, https:\/\/static-blogs.diariosur.es\/wp-content\/uploads\/sites\/12\/2023\/06\/a1-768x347.jpg 768w\" sizes=\"(max-width: 1032px) 100vw, 1032px\" \/><\/a> <a href=\"https:\/\/static-blogs.diariosur.es\/wp-content\/uploads\/sites\/12\/2023\/06\/c.jpg\"><img loading=\"lazy\" class=\"aligncenter size-full wp-image-37360\" src=\"https:\/\/static-blogs.diariosur.es\/wp-content\/uploads\/sites\/12\/2023\/06\/c.jpg\" alt=\"\" width=\"1020\" height=\"453\" srcset=\"https:\/\/static-blogs.diariosur.es\/wp-content\/uploads\/sites\/12\/2023\/06\/c.jpg 1020w, https:\/\/static-blogs.diariosur.es\/wp-content\/uploads\/sites\/12\/2023\/06\/c-640x284.jpg 640w, https:\/\/static-blogs.diariosur.es\/wp-content\/uploads\/sites\/12\/2023\/06\/c-768x341.jpg 768w\" sizes=\"(max-width: 1020px) 100vw, 1020px\" \/><\/a> <a href=\"https:\/\/static-blogs.diariosur.es\/wp-content\/uploads\/sites\/12\/2023\/06\/c1.jpg\"><img loading=\"lazy\" class=\"aligncenter size-full wp-image-37361\" src=\"https:\/\/static-blogs.diariosur.es\/wp-content\/uploads\/sites\/12\/2023\/06\/c1.jpg\" alt=\"\" width=\"1033\" height=\"485\" srcset=\"https:\/\/static-blogs.diariosur.es\/wp-content\/uploads\/sites\/12\/2023\/06\/c1.jpg 1033w, https:\/\/static-blogs.diariosur.es\/wp-content\/uploads\/sites\/12\/2023\/06\/c1-640x300.jpg 640w, https:\/\/static-blogs.diariosur.es\/wp-content\/uploads\/sites\/12\/2023\/06\/c1-768x361.jpg 768w\" sizes=\"(max-width: 1033px) 100vw, 1033px\" \/><\/a> <a href=\"https:\/\/static-blogs.diariosur.es\/wp-content\/uploads\/sites\/12\/2023\/06\/p.jpg\"><img loading=\"lazy\" class=\"aligncenter size-full wp-image-37362\" src=\"https:\/\/static-blogs.diariosur.es\/wp-content\/uploads\/sites\/12\/2023\/06\/p.jpg\" alt=\"\" width=\"1055\" height=\"471\" srcset=\"https:\/\/static-blogs.diariosur.es\/wp-content\/uploads\/sites\/12\/2023\/06\/p.jpg 1055w, https:\/\/static-blogs.diariosur.es\/wp-content\/uploads\/sites\/12\/2023\/06\/p-640x286.jpg 640w, https:\/\/static-blogs.diariosur.es\/wp-content\/uploads\/sites\/12\/2023\/06\/p-768x343.jpg 768w\" sizes=\"(max-width: 1055px) 100vw, 1055px\" \/><\/a> <a href=\"https:\/\/static-blogs.diariosur.es\/wp-content\/uploads\/sites\/12\/2023\/06\/p1.jpg\"><img loading=\"lazy\" class=\"aligncenter size-full wp-image-37363\" src=\"https:\/\/static-blogs.diariosur.es\/wp-content\/uploads\/sites\/12\/2023\/06\/p1.jpg\" alt=\"\" width=\"1028\" height=\"470\" srcset=\"https:\/\/static-blogs.diariosur.es\/wp-content\/uploads\/sites\/12\/2023\/06\/p1.jpg 1028w, https:\/\/static-blogs.diariosur.es\/wp-content\/uploads\/sites\/12\/2023\/06\/p1-640x293.jpg 640w, https:\/\/static-blogs.diariosur.es\/wp-content\/uploads\/sites\/12\/2023\/06\/p1-768x351.jpg 768w\" sizes=\"(max-width: 1028px) 100vw, 1028px\" \/><\/a><\/p>\n<p>Ma\u00f1ana nos vemos, amigos de la meteo.<\/p>\n<p>&nbsp;<\/p>\n","protected":false},"excerpt":{"rendered":"<p>Buenas tardes, amigos de la meteo. Yo pensaba que hoy 27 de junio de 2023, ser\u00eda un d\u00eda tranquilo, pero&#8230;&#8230;. no. Primero, porque la aemet desactivo el aviso amarillo por altas temperaturas en la comarca de Antequera, pero esto se puede comprender, y no actualice el blog. Pero, lo que no esperaba era terral, si [&hellip;]<\/p>\n","protected":false},"author":16,"featured_media":37364,"comment_status":"open","ping_status":"open","sticky":false,"template":"","format":"standard","meta":[],"categories":[2],"tags":[358,587,800,975],"_links":{"self":[{"href":"https:\/\/blogs.diariosur.es\/tormentas-y-rayos\/wp-json\/wp\/v2\/posts\/37356"}],"collection":[{"href":"https:\/\/blogs.diariosur.es\/tormentas-y-rayos\/wp-json\/wp\/v2\/posts"}],"about":[{"href":"https:\/\/blogs.diariosur.es\/tormentas-y-rayos\/wp-json\/wp\/v2\/types\/post"}],"author":[{"embeddable":true,"href":"https:\/\/blogs.diariosur.es\/tormentas-y-rayos\/wp-json\/wp\/v2\/users\/16"}],"replies":[{"embeddable":true,"href":"https:\/\/blogs.diariosur.es\/tormentas-y-rayos\/wp-json\/wp\/v2\/comments?post=37356"}],"version-history":[{"count":3,"href":"https:\/\/blogs.diariosur.es\/tormentas-y-rayos\/wp-json\/wp\/v2\/posts\/37356\/revisions"}],"predecessor-version":[{"id":37366,"href":"https:\/\/blogs.diariosur.es\/tormentas-y-rayos\/wp-json\/wp\/v2\/posts\/37356\/revisions\/37366"}],"wp:featuredmedia":[{"embeddable":true,"href":"https:\/\/blogs.diariosur.es\/tormentas-y-rayos\/wp-json\/wp\/v2\/media\/37364"}],"wp:attachment":[{"href":"https:\/\/blogs.diariosur.es\/tormentas-y-rayos\/wp-json\/wp\/v2\/media?parent=37356"}],"wp:term":[{"taxonomy":"category","embeddable":true,"href":"https:\/\/blogs.diariosur.es\/tormentas-y-rayos\/wp-json\/wp\/v2\/categories?post=37356"},{"taxonomy":"post_tag","embeddable":true,"href":"https:\/\/blogs.diariosur.es\/tormentas-y-rayos\/wp-json\/wp\/v2\/tags?post=37356"}],"curies":[{"name":"wp","href":"https:\/\/api.w.org\/{rel}","templated":true}]}}