{"id":37367,"date":"2023-06-28T12:08:24","date_gmt":"2023-06-28T10:08:24","guid":{"rendered":"https:\/\/blogs.diariosur.es\/tormentas-y-rayos\/?p=37367"},"modified":"2023-06-28T12:10:47","modified_gmt":"2023-06-28T10:10:47","slug":"probabilidad-de-terral-manana-jueves-en-algunas-zonas-aviso-amarillo-por-altas-temperaturas-en-la-comarca-de-antequera","status":"publish","type":"post","link":"https:\/\/blogs.diariosur.es\/tormentas-y-rayos\/2023\/06\/28\/probabilidad-de-terral-manana-jueves-en-algunas-zonas-aviso-amarillo-por-altas-temperaturas-en-la-comarca-de-antequera\/","title":{"rendered":"Probabilidad de terral ma\u00f1ana jueves en algunas zonas. Aviso amarillo por altas temperaturas en la comarca de Antequera."},"content":{"rendered":"<p><a href=\"https:\/\/static-blogs.diariosur.es\/wp-content\/uploads\/sites\/12\/2023\/06\/66505616_10216972270637940_5684453640765440_n-1.jpg\"><img loading=\"lazy\" class=\"aligncenter size-thumbnail wp-image-37370\" src=\"https:\/\/static-blogs.diariosur.es\/wp-content\/uploads\/sites\/12\/2023\/06\/66505616_10216972270637940_5684453640765440_n-1-150x150.jpg\" alt=\"\" width=\"150\" height=\"150\" srcset=\"https:\/\/static-blogs.diariosur.es\/wp-content\/uploads\/sites\/12\/2023\/06\/66505616_10216972270637940_5684453640765440_n-1-150x150.jpg 150w, https:\/\/static-blogs.diariosur.es\/wp-content\/uploads\/sites\/12\/2023\/06\/66505616_10216972270637940_5684453640765440_n-1-400x400.jpg 400w, https:\/\/static-blogs.diariosur.es\/wp-content\/uploads\/sites\/12\/2023\/06\/66505616_10216972270637940_5684453640765440_n-1.jpg 768w\" sizes=\"(max-width: 150px) 100vw, 150px\" \/><\/a><\/p>\n<p>Hola, amigos de la meteo. Cuando son las doce del mediod\u00eda en M\u00e1laga capital, el Aeropuerto registra 33.6 grados, los cielos est\u00e1n despejados y el viento sopla de direcci\u00f3n variable en mi zona. Los cielos sucios que veis se debe al humo que ha llegado de los incendios de Canad\u00e1.<\/p>\n<p>Ma\u00f1ana jueves hay probabilidad de terral en el interior del Valle del Guadalhorce y Estepona, las temperaturas m\u00e1ximas rondar\u00e1n entre los 35 y 39 grados. Las temperaturas m\u00e1s altas se dar\u00e1n en \u00c1lora y Pizarra.<\/p>\n<p><strong>En lo que respecta a M\u00e1laga capital, salvo sorpresas, no creo que entre nuestro amigo, la temperatura m\u00e1xima rondar\u00e1 entre los 29 y 32 grados seg\u00fan zonas de la capital. <\/strong><\/p>\n<p>La comarca de Antequera entra en aviso amarillo por altas temperaturas de 38 grados.<\/p>\n<p>Os paso el mapa de avisos de la Aemet. Si os fij\u00e1is no sale el aviso en el Guadalhorce y Estepona, ya mismo esto se solucionara, espero.<\/p>\n<p>&nbsp;<\/p>\n<p><a href=\"https:\/\/static-blogs.diariosur.es\/wp-content\/uploads\/sites\/12\/2023\/06\/Captura-de-pantalla-2023-06-28-120032.jpg\"><img loading=\"lazy\" class=\"aligncenter size-full wp-image-37372\" src=\"https:\/\/static-blogs.diariosur.es\/wp-content\/uploads\/sites\/12\/2023\/06\/Captura-de-pantalla-2023-06-28-120032.jpg\" alt=\"\" width=\"694\" height=\"549\" srcset=\"https:\/\/static-blogs.diariosur.es\/wp-content\/uploads\/sites\/12\/2023\/06\/Captura-de-pantalla-2023-06-28-120032.jpg 694w, https:\/\/static-blogs.diariosur.es\/wp-content\/uploads\/sites\/12\/2023\/06\/Captura-de-pantalla-2023-06-28-120032-506x400.jpg 506w\" sizes=\"(max-width: 694px) 100vw, 694px\" \/><\/a><\/p>\n<p>Hasta ma\u00f1ana.<\/p>\n<p>&nbsp;<\/p>\n","protected":false},"excerpt":{"rendered":"<p>Hola, amigos de la meteo. Cuando son las doce del mediod\u00eda en M\u00e1laga capital, el Aeropuerto registra 33.6 grados, los cielos est\u00e1n despejados y el viento sopla de direcci\u00f3n variable en mi zona. Los cielos sucios que veis se debe al humo que ha llegado de los incendios de Canad\u00e1. Ma\u00f1ana jueves hay probabilidad de [&hellip;]<\/p>\n","protected":false},"author":16,"featured_media":36575,"comment_status":"open","ping_status":"open","sticky":false,"template":"","format":"standard","meta":[],"categories":[2],"tags":[81,94,112,151,358,587,962,975],"_links":{"self":[{"href":"https:\/\/blogs.diariosur.es\/tormentas-y-rayos\/wp-json\/wp\/v2\/posts\/37367"}],"collection":[{"href":"https:\/\/blogs.diariosur.es\/tormentas-y-rayos\/wp-json\/wp\/v2\/posts"}],"about":[{"href":"https:\/\/blogs.diariosur.es\/tormentas-y-rayos\/wp-json\/wp\/v2\/types\/post"}],"author":[{"embeddable":true,"href":"https:\/\/blogs.diariosur.es\/tormentas-y-rayos\/wp-json\/wp\/v2\/users\/16"}],"replies":[{"embeddable":true,"href":"https:\/\/blogs.diariosur.es\/tormentas-y-rayos\/wp-json\/wp\/v2\/comments?post=37367"}],"version-history":[{"count":5,"href":"https:\/\/blogs.diariosur.es\/tormentas-y-rayos\/wp-json\/wp\/v2\/posts\/37367\/revisions"}],"predecessor-version":[{"id":37374,"href":"https:\/\/blogs.diariosur.es\/tormentas-y-rayos\/wp-json\/wp\/v2\/posts\/37367\/revisions\/37374"}],"wp:featuredmedia":[{"embeddable":true,"href":"https:\/\/blogs.diariosur.es\/tormentas-y-rayos\/wp-json\/wp\/v2\/media\/36575"}],"wp:attachment":[{"href":"https:\/\/blogs.diariosur.es\/tormentas-y-rayos\/wp-json\/wp\/v2\/media?parent=37367"}],"wp:term":[{"taxonomy":"category","embeddable":true,"href":"https:\/\/blogs.diariosur.es\/tormentas-y-rayos\/wp-json\/wp\/v2\/categories?post=37367"},{"taxonomy":"post_tag","embeddable":true,"href":"https:\/\/blogs.diariosur.es\/tormentas-y-rayos\/wp-json\/wp\/v2\/tags?post=37367"}],"curies":[{"name":"wp","href":"https:\/\/api.w.org\/{rel}","templated":true}]}}