{"id":37383,"date":"2023-06-29T18:06:49","date_gmt":"2023-06-29T16:06:49","guid":{"rendered":"https:\/\/blogs.diariosur.es\/tormentas-y-rayos\/?p=37383"},"modified":"2023-06-30T12:32:48","modified_gmt":"2023-06-30T10:32:48","slug":"estepona-y-valle-del-guadalhorce-registran-mas-de-40-grados-los-caminos-del-terral","status":"publish","type":"post","link":"https:\/\/blogs.diariosur.es\/tormentas-y-rayos\/2023\/06\/29\/estepona-y-valle-del-guadalhorce-registran-mas-de-40-grados-los-caminos-del-terral\/","title":{"rendered":"Estepona y Valle del Guadalhorce registran m\u00e1s de 40 grados. Los caminos del terral."},"content":{"rendered":"<p><a href=\"https:\/\/static-blogs.diariosur.es\/wp-content\/uploads\/sites\/12\/2023\/06\/66505616_10216972270637940_5684453640765440_n-1.jpg\"><img loading=\"lazy\" class=\"aligncenter size-thumbnail wp-image-37370\" src=\"https:\/\/static-blogs.diariosur.es\/wp-content\/uploads\/sites\/12\/2023\/06\/66505616_10216972270637940_5684453640765440_n-1-150x150.jpg\" alt=\"\" width=\"150\" height=\"150\" srcset=\"https:\/\/static-blogs.diariosur.es\/wp-content\/uploads\/sites\/12\/2023\/06\/66505616_10216972270637940_5684453640765440_n-1-150x150.jpg 150w, https:\/\/static-blogs.diariosur.es\/wp-content\/uploads\/sites\/12\/2023\/06\/66505616_10216972270637940_5684453640765440_n-1-400x400.jpg 400w, https:\/\/static-blogs.diariosur.es\/wp-content\/uploads\/sites\/12\/2023\/06\/66505616_10216972270637940_5684453640765440_n-1.jpg 768w\" sizes=\"(max-width: 150px) 100vw, 150px\" \/><\/a><\/p>\n<p>Buenas tardes, amigos de la meteo. Os recuerdo que hoy a las 18.30 estar\u00e9 en directo en el PTV, en el programa de Diego Banderas mirando el cielo. Hoy es muy interesante.<\/p>\n<p>El terral de m\u00e1s de 40 grados ha sido protagonista esta tarde en el interior del Valle del Guadalhorce y Estepona. Zonas de Co\u00edn, \u00c1lora, Pizarra y Alhaur\u00edn el Grande se han aproximado e incluso sobrepasado los 40 grados, destacar<strong> Estepona con 40.9 grados, fuente aemet. Reedito 42 grados<\/strong><\/p>\n<p><span style=\"color: #ff0000;\"><strong>De momento, cuando son las seis de la tarde, el terral no ha entrado en la capital malague\u00f1a.<\/strong><\/span><\/p>\n<p>Ma\u00f1ana viernes el terral nos dar\u00e1 un respiro<\/p>\n<p>Hasta ma\u00f1ana.<\/p>\n","protected":false},"excerpt":{"rendered":"<p>Buenas tardes, amigos de la meteo. Os recuerdo que hoy a las 18.30 estar\u00e9 en directo en el PTV, en el programa de Diego Banderas mirando el cielo. Hoy es muy interesante. El terral de m\u00e1s de 40 grados ha sido protagonista esta tarde en el interior del Valle del Guadalhorce y Estepona. Zonas de [&hellip;]<\/p>\n","protected":false},"author":16,"featured_media":33921,"comment_status":"open","ping_status":"open","sticky":false,"template":"","format":"standard","meta":[],"categories":[2],"tags":[],"_links":{"self":[{"href":"https:\/\/blogs.diariosur.es\/tormentas-y-rayos\/wp-json\/wp\/v2\/posts\/37383"}],"collection":[{"href":"https:\/\/blogs.diariosur.es\/tormentas-y-rayos\/wp-json\/wp\/v2\/posts"}],"about":[{"href":"https:\/\/blogs.diariosur.es\/tormentas-y-rayos\/wp-json\/wp\/v2\/types\/post"}],"author":[{"embeddable":true,"href":"https:\/\/blogs.diariosur.es\/tormentas-y-rayos\/wp-json\/wp\/v2\/users\/16"}],"replies":[{"embeddable":true,"href":"https:\/\/blogs.diariosur.es\/tormentas-y-rayos\/wp-json\/wp\/v2\/comments?post=37383"}],"version-history":[{"count":12,"href":"https:\/\/blogs.diariosur.es\/tormentas-y-rayos\/wp-json\/wp\/v2\/posts\/37383\/revisions"}],"predecessor-version":[{"id":37405,"href":"https:\/\/blogs.diariosur.es\/tormentas-y-rayos\/wp-json\/wp\/v2\/posts\/37383\/revisions\/37405"}],"wp:featuredmedia":[{"embeddable":true,"href":"https:\/\/blogs.diariosur.es\/tormentas-y-rayos\/wp-json\/wp\/v2\/media\/33921"}],"wp:attachment":[{"href":"https:\/\/blogs.diariosur.es\/tormentas-y-rayos\/wp-json\/wp\/v2\/media?parent=37383"}],"wp:term":[{"taxonomy":"category","embeddable":true,"href":"https:\/\/blogs.diariosur.es\/tormentas-y-rayos\/wp-json\/wp\/v2\/categories?post=37383"},{"taxonomy":"post_tag","embeddable":true,"href":"https:\/\/blogs.diariosur.es\/tormentas-y-rayos\/wp-json\/wp\/v2\/tags?post=37383"}],"curies":[{"name":"wp","href":"https:\/\/api.w.org\/{rel}","templated":true}]}}