{"id":37397,"date":"2023-06-30T08:28:37","date_gmt":"2023-06-30T06:28:37","guid":{"rendered":"https:\/\/blogs.diariosur.es\/tormentas-y-rayos\/?p=37397"},"modified":"2023-06-30T12:27:16","modified_gmt":"2023-06-30T10:27:16","slug":"que-tiempo-hara-en-malaga-el-primer-fin-de-semana-de-julio","status":"publish","type":"post","link":"https:\/\/blogs.diariosur.es\/tormentas-y-rayos\/2023\/06\/30\/que-tiempo-hara-en-malaga-el-primer-fin-de-semana-de-julio\/","title":{"rendered":"\u00bfQu\u00e9 tiempo hara en M\u00e1laga el primer fin de semana de julio?"},"content":{"rendered":"<p><a href=\"https:\/\/static-blogs.diariosur.es\/wp-content\/uploads\/sites\/12\/2023\/06\/66505616_10216972270637940_5684453640765440_n-2.jpg\"><img loading=\"lazy\" class=\"aligncenter size-thumbnail wp-image-37376\" src=\"https:\/\/static-blogs.diariosur.es\/wp-content\/uploads\/sites\/12\/2023\/06\/66505616_10216972270637940_5684453640765440_n-2-150x150.jpg\" alt=\"\" width=\"150\" height=\"150\" srcset=\"https:\/\/static-blogs.diariosur.es\/wp-content\/uploads\/sites\/12\/2023\/06\/66505616_10216972270637940_5684453640765440_n-2-150x150.jpg 150w, https:\/\/static-blogs.diariosur.es\/wp-content\/uploads\/sites\/12\/2023\/06\/66505616_10216972270637940_5684453640765440_n-2-400x400.jpg 400w, https:\/\/static-blogs.diariosur.es\/wp-content\/uploads\/sites\/12\/2023\/06\/66505616_10216972270637940_5684453640765440_n-2.jpg 768w\" sizes=\"(max-width: 150px) 100vw, 150px\" \/><\/a><\/p>\n<p>Muy buenos d\u00edas, amigos de la meteo. Antes de daros la predicci\u00f3n del fin de semana, os comento que ayer Estepona registro 42 grados. Es la temperatura m\u00e1xima m\u00e1s alta que se ha dado en un mes junio. Curiosamente, aunque ya lo comente en el blog cuando se activo el aviso amarillo, en M\u00e1laga capital no llego el terral.<\/p>\n<p><strong>Ma\u00f1ana s\u00e1bado<\/strong> a primeras horas, tendremos bastantes nubes bajas, las t\u00edpicas de levante. A partir del mediod\u00eda ir\u00e1n a menos. Incluso pueden escaparse alguna mijilla. Las temperaturas m\u00e1ximas rondaran entre los 25 y 33 grados, dandose las m\u00e1s altas en la comarca de Antequera. Esta ma\u00f1ana a las siete la temperatura del agua era de 22.4 grados.<\/p>\n<p><strong>El domingo tendremos<\/strong> menos nubes bajas, las temperaturas m\u00e1ximas rondaran entre los 25 y 33 grados. Al igual que el s\u00e1bado, las m\u00e1ximas en la comarca de Antequera.<\/p>\n<p>Os dejo con unas cuantas fotos y un video del amanecer de hoy\u00a0 30 de junio en la playa de la misericordia. A\u00fan tenemos concentraci\u00f3n de cenizas de los fuegos de Canad\u00e1, aunque menos que ayer.<\/p>\n<p>&nbsp;<\/p>\n<p><a href=\"https:\/\/static-blogs.diariosur.es\/wp-content\/uploads\/sites\/12\/2023\/06\/DSC_1241-e1688105592801.jpg\"><img loading=\"lazy\" class=\"aligncenter size-full wp-image-37398\" src=\"https:\/\/static-blogs.diariosur.es\/wp-content\/uploads\/sites\/12\/2023\/06\/DSC_1241-e1688105592801.jpg\" alt=\"\" width=\"1200\" height=\"800\" \/><\/a><\/p>\n<p>&nbsp;<\/p>\n<p><a href=\"https:\/\/static-blogs.diariosur.es\/wp-content\/uploads\/sites\/12\/2023\/06\/DSC_1245-e1688105724193.jpg\"><img loading=\"lazy\" class=\"aligncenter size-full wp-image-37399\" src=\"https:\/\/static-blogs.diariosur.es\/wp-content\/uploads\/sites\/12\/2023\/06\/DSC_1245-e1688105724193.jpg\" alt=\"\" width=\"1200\" height=\"800\" \/><\/a><\/p>\n<p>&nbsp;<\/p>\n<p><a href=\"https:\/\/static-blogs.diariosur.es\/wp-content\/uploads\/sites\/12\/2023\/06\/DSC_1248-e1688105798393.jpg\"><img loading=\"lazy\" class=\"aligncenter size-full wp-image-37400\" src=\"https:\/\/static-blogs.diariosur.es\/wp-content\/uploads\/sites\/12\/2023\/06\/DSC_1248-e1688105798393.jpg\" alt=\"\" width=\"1200\" height=\"800\" \/><\/a><\/p>\n<p>&nbsp;<\/p>\n<p>&nbsp;<\/p>\n<p><iframe loading=\"lazy\" title=\"YouTube video player\" src=\"https:\/\/www.youtube.com\/embed\/EWAXbBxS_Dw\" width=\"560\" height=\"315\" frameborder=\"0\" allowfullscreen=\"allowfullscreen\"><\/iframe><\/p>\n","protected":false},"excerpt":{"rendered":"<p>Muy buenos d\u00edas, amigos de la meteo. Antes de daros la predicci\u00f3n del fin de semana, os comento que ayer Estepona registro 42 grados. Es la temperatura m\u00e1xima m\u00e1s alta que se ha dado en un mes junio. Curiosamente, aunque ya lo comente en el blog cuando se activo el aviso amarillo, en M\u00e1laga capital [&hellip;]<\/p>\n","protected":false},"author":16,"featured_media":37399,"comment_status":"open","ping_status":"open","sticky":false,"template":"","format":"standard","meta":[],"categories":[2],"tags":[358,538,587,800],"_links":{"self":[{"href":"https:\/\/blogs.diariosur.es\/tormentas-y-rayos\/wp-json\/wp\/v2\/posts\/37397"}],"collection":[{"href":"https:\/\/blogs.diariosur.es\/tormentas-y-rayos\/wp-json\/wp\/v2\/posts"}],"about":[{"href":"https:\/\/blogs.diariosur.es\/tormentas-y-rayos\/wp-json\/wp\/v2\/types\/post"}],"author":[{"embeddable":true,"href":"https:\/\/blogs.diariosur.es\/tormentas-y-rayos\/wp-json\/wp\/v2\/users\/16"}],"replies":[{"embeddable":true,"href":"https:\/\/blogs.diariosur.es\/tormentas-y-rayos\/wp-json\/wp\/v2\/comments?post=37397"}],"version-history":[{"count":4,"href":"https:\/\/blogs.diariosur.es\/tormentas-y-rayos\/wp-json\/wp\/v2\/posts\/37397\/revisions"}],"predecessor-version":[{"id":37404,"href":"https:\/\/blogs.diariosur.es\/tormentas-y-rayos\/wp-json\/wp\/v2\/posts\/37397\/revisions\/37404"}],"wp:featuredmedia":[{"embeddable":true,"href":"https:\/\/blogs.diariosur.es\/tormentas-y-rayos\/wp-json\/wp\/v2\/media\/37399"}],"wp:attachment":[{"href":"https:\/\/blogs.diariosur.es\/tormentas-y-rayos\/wp-json\/wp\/v2\/media?parent=37397"}],"wp:term":[{"taxonomy":"category","embeddable":true,"href":"https:\/\/blogs.diariosur.es\/tormentas-y-rayos\/wp-json\/wp\/v2\/categories?post=37397"},{"taxonomy":"post_tag","embeddable":true,"href":"https:\/\/blogs.diariosur.es\/tormentas-y-rayos\/wp-json\/wp\/v2\/tags?post=37397"}],"curies":[{"name":"wp","href":"https:\/\/api.w.org\/{rel}","templated":true}]}}