{"id":37575,"date":"2023-07-16T08:58:08","date_gmt":"2023-07-16T06:58:08","guid":{"rendered":"https:\/\/blogs.diariosur.es\/tormentas-y-rayos\/?p=37575"},"modified":"2023-07-21T05:07:40","modified_gmt":"2023-07-21T03:07:40","slug":"ola-de-calor-el-tiempo-en-andalucia-y-malaga-repetiremos-el-terral-fuerte-el-miercoles-19-maximas-previstas","status":"publish","type":"post","link":"https:\/\/blogs.diariosur.es\/tormentas-y-rayos\/2023\/07\/16\/ola-de-calor-el-tiempo-en-andalucia-y-malaga-repetiremos-el-terral-fuerte-el-miercoles-19-maximas-previstas\/","title":{"rendered":"Ola de calor. El tiempo en Andaluc\u00eda y M\u00e1laga. \u00bfRepetiremos el terral fuerte el mi\u00e9rcoles 19? M\u00e1ximas previstas"},"content":{"rendered":"<p>&nbsp;<\/p>\n<p><a href=\"https:\/\/static-blogs.diariosur.es\/wp-content\/uploads\/sites\/12\/2023\/06\/66505616_10216972270637940_5684453640765440_n-2.jpg\"><img loading=\"lazy\" class=\"aligncenter size-thumbnail wp-image-37376\" src=\"https:\/\/static-blogs.diariosur.es\/wp-content\/uploads\/sites\/12\/2023\/06\/66505616_10216972270637940_5684453640765440_n-2-150x150.jpg\" alt=\"\" width=\"150\" height=\"150\" srcset=\"https:\/\/static-blogs.diariosur.es\/wp-content\/uploads\/sites\/12\/2023\/06\/66505616_10216972270637940_5684453640765440_n-2-150x150.jpg 150w, https:\/\/static-blogs.diariosur.es\/wp-content\/uploads\/sites\/12\/2023\/06\/66505616_10216972270637940_5684453640765440_n-2-400x400.jpg 400w, https:\/\/static-blogs.diariosur.es\/wp-content\/uploads\/sites\/12\/2023\/06\/66505616_10216972270637940_5684453640765440_n-2.jpg 768w\" sizes=\"(max-width: 150px) 100vw, 150px\" \/><\/a><\/p>\n<p style=\"text-align: justify;\">Muy buenos d\u00edas, amigos de la meteo. Madrugada con una humedad baja ( 33% ) que ha hecho que no sudemos como d\u00edas anteriores, adem\u00e1s acompa\u00f1ada de rachas de poniente aterralado de 33 km\/h, particularmente he dormido mejor. Tambi\u00e9n la salida del sol viene acompa\u00f1ada de bonitas nubes y rayos crepusculares. Os paso una foto.<\/p>\n<p>&nbsp;<\/p>\n<p><a href=\"https:\/\/static-blogs.diariosur.es\/wp-content\/uploads\/sites\/12\/2023\/07\/359836957_10227178209540034_6506475263228605127_n-e1689488002520.jpg\"><img loading=\"lazy\" class=\"aligncenter size-full wp-image-37582\" src=\"https:\/\/static-blogs.diariosur.es\/wp-content\/uploads\/sites\/12\/2023\/07\/359836957_10227178209540034_6506475263228605127_n-e1689488002520.jpg\" alt=\"\" width=\"900\" height=\"675\" \/><\/a><\/p>\n<p>&nbsp;<\/p>\n<p style=\"text-align: justify;\">Ayer actualizaba el blog para comentaros que a partir de ma\u00f1ana lunes empieza otra <a href=\"https:\/\/blogs.diariosur.es\/tormentas-y-rayos\/2023\/07\/15\/repeticion-de-la-jugada-aviso-especial-ola-de-calor-a-partir-del-lunes-17\/\">ola de calor<\/a> que probablemente dure tres d\u00edas. En su comunicado especial, la aemet explica que esta ola de calor es muy parecida a la anterior, que tambi\u00e9n empez\u00f3 el lunes y termino el mi\u00e9rcoles con los 43.3 grados en M\u00e1laga Capital. Es probable que venga acompa\u00f1ada de calima, pero se espera menos concentraci\u00f3n. Aunque parezca raro, este pr\u00f3ximo mi\u00e9rcoles puede ser parecido al de esta semana en la provincia de M\u00e1laga con terral fuerte. En lo que respecta a la provincia malague\u00f1a, ma\u00f1ana lunes y el martes se activan avisos amarillos por altas temperaturas de 39 grados en las Comarcas de Ronda y Antequera.<\/p>\n<p style=\"text-align: justify;\">Os paso los avisos de ma\u00f1ana y el martes, los naranjas son por 42 grados. En nuevas actualizaciones pueden cambiar.<\/p>\n<p style=\"text-align: justify;\">Reedito los avisos para ma\u00f1ana, se activa el rojo en la provincia de C\u00f3rdoba y Ja\u00e9n por temperaturas de 44 grados<\/p>\n<p>&nbsp;<\/p>\n<p><a href=\"https:\/\/static-blogs.diariosur.es\/wp-content\/uploads\/sites\/12\/2023\/07\/Captura-de-pantalla-2023-07-16-112457.jpg\"><img loading=\"lazy\" class=\"aligncenter size-full wp-image-37604\" src=\"https:\/\/static-blogs.diariosur.es\/wp-content\/uploads\/sites\/12\/2023\/07\/Captura-de-pantalla-2023-07-16-112457.jpg\" alt=\"\" width=\"694\" height=\"548\" srcset=\"https:\/\/static-blogs.diariosur.es\/wp-content\/uploads\/sites\/12\/2023\/07\/Captura-de-pantalla-2023-07-16-112457.jpg 694w, https:\/\/static-blogs.diariosur.es\/wp-content\/uploads\/sites\/12\/2023\/07\/Captura-de-pantalla-2023-07-16-112457-507x400.jpg 507w\" sizes=\"(max-width: 694px) 100vw, 694px\" \/><\/a><\/p>\n<p>&nbsp;<\/p>\n<p>&nbsp;<\/p>\n<p>&nbsp;<\/p>\n<p><a href=\"https:\/\/static-blogs.diariosur.es\/wp-content\/uploads\/sites\/12\/2023\/07\/martes-5.jpg\"><img loading=\"lazy\" class=\"aligncenter size-full wp-image-37581\" src=\"https:\/\/static-blogs.diariosur.es\/wp-content\/uploads\/sites\/12\/2023\/07\/martes-5.jpg\" alt=\"\" width=\"687\" height=\"546\" srcset=\"https:\/\/static-blogs.diariosur.es\/wp-content\/uploads\/sites\/12\/2023\/07\/martes-5.jpg 687w, https:\/\/static-blogs.diariosur.es\/wp-content\/uploads\/sites\/12\/2023\/07\/martes-5-503x400.jpg 503w\" sizes=\"(max-width: 687px) 100vw, 687px\" \/><\/a><\/p>\n<p>&nbsp;<\/p>\n<p>Os paso las temperaturas m\u00e1ximas en M\u00e1laga y Andaluc\u00eda del lunes al mi\u00e9rcoles. Modelo europeo, fuente meteologix.<\/p>\n<p><span style=\"color: #ff0000;\"><strong>LUNES<\/strong><\/span><\/p>\n<p>&nbsp;<\/p>\n<p><a href=\"https:\/\/static-blogs.diariosur.es\/wp-content\/uploads\/sites\/12\/2023\/07\/1-1.jpg\"><img loading=\"lazy\" class=\"aligncenter size-full wp-image-37584\" src=\"https:\/\/static-blogs.diariosur.es\/wp-content\/uploads\/sites\/12\/2023\/07\/1-1.jpg\" alt=\"\" width=\"767\" height=\"800\" srcset=\"https:\/\/static-blogs.diariosur.es\/wp-content\/uploads\/sites\/12\/2023\/07\/1-1.jpg 767w, https:\/\/static-blogs.diariosur.es\/wp-content\/uploads\/sites\/12\/2023\/07\/1-1-384x400.jpg 384w\" sizes=\"(max-width: 767px) 100vw, 767px\" \/><\/a> <a href=\"https:\/\/static-blogs.diariosur.es\/wp-content\/uploads\/sites\/12\/2023\/07\/2-1.jpg\"><img loading=\"lazy\" class=\"aligncenter size-full wp-image-37585\" src=\"https:\/\/static-blogs.diariosur.es\/wp-content\/uploads\/sites\/12\/2023\/07\/2-1.jpg\" alt=\"\" width=\"758\" height=\"784\" srcset=\"https:\/\/static-blogs.diariosur.es\/wp-content\/uploads\/sites\/12\/2023\/07\/2-1.jpg 758w, https:\/\/static-blogs.diariosur.es\/wp-content\/uploads\/sites\/12\/2023\/07\/2-1-387x400.jpg 387w\" sizes=\"(max-width: 758px) 100vw, 758px\" \/><\/a><\/p>\n<p>&nbsp;<\/p>\n<p><strong>MARTES<\/strong><\/p>\n<p>&nbsp;<\/p>\n<p><a href=\"https:\/\/static-blogs.diariosur.es\/wp-content\/uploads\/sites\/12\/2023\/07\/3-3.jpg\"><img loading=\"lazy\" class=\"aligncenter size-full wp-image-37590\" src=\"https:\/\/static-blogs.diariosur.es\/wp-content\/uploads\/sites\/12\/2023\/07\/3-3.jpg\" alt=\"\" width=\"761\" height=\"785\" srcset=\"https:\/\/static-blogs.diariosur.es\/wp-content\/uploads\/sites\/12\/2023\/07\/3-3.jpg 761w, https:\/\/static-blogs.diariosur.es\/wp-content\/uploads\/sites\/12\/2023\/07\/3-3-388x400.jpg 388w\" sizes=\"(max-width: 761px) 100vw, 761px\" \/><\/a><\/p>\n<p>&nbsp;<\/p>\n<p><a href=\"https:\/\/static-blogs.diariosur.es\/wp-content\/uploads\/sites\/12\/2023\/07\/4-2.jpg\"><img loading=\"lazy\" class=\"aligncenter size-full wp-image-37589\" src=\"https:\/\/static-blogs.diariosur.es\/wp-content\/uploads\/sites\/12\/2023\/07\/4-2.jpg\" alt=\"\" width=\"762\" height=\"785\" srcset=\"https:\/\/static-blogs.diariosur.es\/wp-content\/uploads\/sites\/12\/2023\/07\/4-2.jpg 762w, https:\/\/static-blogs.diariosur.es\/wp-content\/uploads\/sites\/12\/2023\/07\/4-2-388x400.jpg 388w\" sizes=\"(max-width: 762px) 100vw, 762px\" \/><\/a><\/p>\n<p>&nbsp;<\/p>\n<p><span style=\"color: #ff0000;\"><strong>MI\u00c9RCOLES.<\/strong><\/span><\/p>\n<p>De cumplirse las m\u00e1ximas del modelo europeo, se activar\u00eda el aviso rojo en el Valle del Guadalhorce y M\u00e1laga. Es probable que la temperatura m\u00e1xima se acerque al r\u00e9cord del a\u00f1o 1978 y que se bata el de temperatura m\u00ednima m\u00e1s alta.<\/p>\n<p>&nbsp;<\/p>\n<p><a href=\"https:\/\/static-blogs.diariosur.es\/wp-content\/uploads\/sites\/12\/2023\/07\/5.jpg\"><img loading=\"lazy\" class=\"aligncenter size-full wp-image-37591\" src=\"https:\/\/static-blogs.diariosur.es\/wp-content\/uploads\/sites\/12\/2023\/07\/5.jpg\" alt=\"\" width=\"762\" height=\"791\" srcset=\"https:\/\/static-blogs.diariosur.es\/wp-content\/uploads\/sites\/12\/2023\/07\/5.jpg 762w, https:\/\/static-blogs.diariosur.es\/wp-content\/uploads\/sites\/12\/2023\/07\/5-385x400.jpg 385w\" sizes=\"(max-width: 762px) 100vw, 762px\" \/><\/a><\/p>\n<p>Nos vemos ma\u00f1ana.<\/p>\n","protected":false},"excerpt":{"rendered":"<p>&nbsp; Muy buenos d\u00edas, amigos de la meteo. Madrugada con una humedad baja ( 33% ) que ha hecho que no sudemos como d\u00edas anteriores, adem\u00e1s acompa\u00f1ada de rachas de poniente aterralado de 33 km\/h, particularmente he dormido mejor. Tambi\u00e9n la salida del sol viene acompa\u00f1ada de bonitas nubes y rayos crepusculares. Os paso una [&hellip;]<\/p>\n","protected":false},"author":16,"featured_media":37583,"comment_status":"open","ping_status":"open","sticky":false,"template":"","format":"standard","meta":[],"categories":[2],"tags":[81,100,151,212,587,676,732,800,962],"_links":{"self":[{"href":"https:\/\/blogs.diariosur.es\/tormentas-y-rayos\/wp-json\/wp\/v2\/posts\/37575"}],"collection":[{"href":"https:\/\/blogs.diariosur.es\/tormentas-y-rayos\/wp-json\/wp\/v2\/posts"}],"about":[{"href":"https:\/\/blogs.diariosur.es\/tormentas-y-rayos\/wp-json\/wp\/v2\/types\/post"}],"author":[{"embeddable":true,"href":"https:\/\/blogs.diariosur.es\/tormentas-y-rayos\/wp-json\/wp\/v2\/users\/16"}],"replies":[{"embeddable":true,"href":"https:\/\/blogs.diariosur.es\/tormentas-y-rayos\/wp-json\/wp\/v2\/comments?post=37575"}],"version-history":[{"count":13,"href":"https:\/\/blogs.diariosur.es\/tormentas-y-rayos\/wp-json\/wp\/v2\/posts\/37575\/revisions"}],"predecessor-version":[{"id":37721,"href":"https:\/\/blogs.diariosur.es\/tormentas-y-rayos\/wp-json\/wp\/v2\/posts\/37575\/revisions\/37721"}],"wp:featuredmedia":[{"embeddable":true,"href":"https:\/\/blogs.diariosur.es\/tormentas-y-rayos\/wp-json\/wp\/v2\/media\/37583"}],"wp:attachment":[{"href":"https:\/\/blogs.diariosur.es\/tormentas-y-rayos\/wp-json\/wp\/v2\/media?parent=37575"}],"wp:term":[{"taxonomy":"category","embeddable":true,"href":"https:\/\/blogs.diariosur.es\/tormentas-y-rayos\/wp-json\/wp\/v2\/categories?post=37575"},{"taxonomy":"post_tag","embeddable":true,"href":"https:\/\/blogs.diariosur.es\/tormentas-y-rayos\/wp-json\/wp\/v2\/tags?post=37575"}],"curies":[{"name":"wp","href":"https:\/\/api.w.org\/{rel}","templated":true}]}}