{"id":37701,"date":"2023-07-20T17:51:06","date_gmt":"2023-07-20T15:51:06","guid":{"rendered":"https:\/\/blogs.diariosur.es\/tormentas-y-rayos\/?p=37701"},"modified":"2023-07-21T06:52:22","modified_gmt":"2023-07-21T04:52:22","slug":"el-embalse-conde-de-guadalhorce-muy-cerca-del-minimo-historico-videos-y-fotos","status":"publish","type":"post","link":"https:\/\/blogs.diariosur.es\/tormentas-y-rayos\/2023\/07\/20\/el-embalse-conde-de-guadalhorce-muy-cerca-del-minimo-historico-videos-y-fotos\/","title":{"rendered":"El Embalse Conde de Guadalhorce muy cerca del m\u00ednimo hist\u00f3rico. Videos y fotos"},"content":{"rendered":"<p><a href=\"https:\/\/static-blogs.diariosur.es\/wp-content\/uploads\/sites\/12\/2023\/06\/66505616_10216972270637940_5684453640765440_n-1.jpg\"><img loading=\"lazy\" class=\"aligncenter size-thumbnail wp-image-37370\" src=\"https:\/\/static-blogs.diariosur.es\/wp-content\/uploads\/sites\/12\/2023\/06\/66505616_10216972270637940_5684453640765440_n-1-150x150.jpg\" alt=\"\" width=\"150\" height=\"150\" srcset=\"https:\/\/static-blogs.diariosur.es\/wp-content\/uploads\/sites\/12\/2023\/06\/66505616_10216972270637940_5684453640765440_n-1-150x150.jpg 150w, https:\/\/static-blogs.diariosur.es\/wp-content\/uploads\/sites\/12\/2023\/06\/66505616_10216972270637940_5684453640765440_n-1-400x400.jpg 400w, https:\/\/static-blogs.diariosur.es\/wp-content\/uploads\/sites\/12\/2023\/06\/66505616_10216972270637940_5684453640765440_n-1.jpg 768w\" sizes=\"(max-width: 150px) 100vw, 150px\" \/><\/a><\/p>\n<p>Muy buenas tardes, amigos de la meteo. Esta ma\u00f1ana muy temprano, mi cu\u00f1ado Jos\u00e9 y yo, hemos ido a visitar el Embalse Conde de Guadalhorce. La meteo no tenia preparada una sorpresa en forma de chaparr\u00f3n, esta ma\u00f1ana cuando actualice el blog sobre las seis, <a href=\"https:\/\/blogs.diariosur.es\/tormentas-y-rayos\/2023\/07\/20\/tendremos-ola-de-calor-en-las-urnas-el-domingo-23\/\">hablando de la ola de calor en las urnas,<\/a>\u00a0os comente que de madrugada hab\u00edamos tenido tormentas, pues los restos de una\u00a0 nos cogi\u00f3 de sorpresa y nos pusimos chorreando.<\/p>\n<p>&nbsp;<\/p>\n<p><iframe loading=\"lazy\" title=\"YouTube video player\" src=\"https:\/\/www.youtube.com\/embed\/8o1MDySi0vI\" width=\"560\" height=\"315\" frameborder=\"0\" allowfullscreen=\"allowfullscreen\"><\/iframe><\/p>\n<p>Os cuento: El Embalse Conde de Guadalhorce en noviembre de 2005 estuvo al 19,4%, en estos momentos julio de 2023 esta al 21,26%, se acerca al m\u00ednimo hist\u00f3rico. Por este motivo he querido ir hoy para hacer fotos videos.<\/p>\n<p>Os paso unas fotos de como esta en estos momentos y como estuvo a finales de abril del a\u00f1o 2022, recordar que llovi\u00f3 mucho en Marzo y Abril. Al final os pongo un par de videos.<\/p>\n<p>&nbsp;<\/p>\n<p><a href=\"https:\/\/static-blogs.diariosur.es\/wp-content\/uploads\/sites\/12\/2023\/07\/2-6-e1689866558738.jpg\"><img loading=\"lazy\" class=\"aligncenter size-full wp-image-37702\" src=\"https:\/\/static-blogs.diariosur.es\/wp-content\/uploads\/sites\/12\/2023\/07\/2-6-e1689866558738.jpg\" alt=\"\" width=\"1200\" height=\"800\" \/><\/a><\/p>\n<p>&nbsp;<\/p>\n<p><a href=\"https:\/\/static-blogs.diariosur.es\/wp-content\/uploads\/sites\/12\/2023\/07\/3-8-e1689866592412.jpg\"><img loading=\"lazy\" class=\"aligncenter size-full wp-image-37703\" src=\"https:\/\/static-blogs.diariosur.es\/wp-content\/uploads\/sites\/12\/2023\/07\/3-8-e1689866592412.jpg\" alt=\"\" width=\"1200\" height=\"800\" \/><\/a><\/p>\n<p>&nbsp;<\/p>\n<p><a href=\"https:\/\/static-blogs.diariosur.es\/wp-content\/uploads\/sites\/12\/2023\/07\/4-6-e1689866619573.jpg\"><img loading=\"lazy\" class=\"aligncenter size-full wp-image-37704\" src=\"https:\/\/static-blogs.diariosur.es\/wp-content\/uploads\/sites\/12\/2023\/07\/4-6-e1689866619573.jpg\" alt=\"\" width=\"1200\" height=\"675\" \/><\/a><\/p>\n<p>&nbsp;<\/p>\n<p><a href=\"https:\/\/static-blogs.diariosur.es\/wp-content\/uploads\/sites\/12\/2023\/07\/5-3-e1689866706847.jpg\"><img loading=\"lazy\" class=\"aligncenter size-full wp-image-37705\" src=\"https:\/\/static-blogs.diariosur.es\/wp-content\/uploads\/sites\/12\/2023\/07\/5-3-e1689866706847.jpg\" alt=\"\" width=\"1200\" height=\"800\" \/><\/a><\/p>\n<p>&nbsp;<\/p>\n<p><a href=\"https:\/\/static-blogs.diariosur.es\/wp-content\/uploads\/sites\/12\/2023\/07\/6-3-e1689866751425.jpg\"><img loading=\"lazy\" class=\"aligncenter size-full wp-image-37706\" src=\"https:\/\/static-blogs.diariosur.es\/wp-content\/uploads\/sites\/12\/2023\/07\/6-3-e1689866751425.jpg\" alt=\"\" width=\"1200\" height=\"675\" \/><\/a><\/p>\n<p>&nbsp;<\/p>\n<p><a href=\"https:\/\/static-blogs.diariosur.es\/wp-content\/uploads\/sites\/12\/2023\/07\/7-3-e1689866777266.jpg\"><img loading=\"lazy\" class=\"aligncenter size-full wp-image-37707\" src=\"https:\/\/static-blogs.diariosur.es\/wp-content\/uploads\/sites\/12\/2023\/07\/7-3-e1689866777266.jpg\" alt=\"\" width=\"1200\" height=\"800\" \/><\/a><\/p>\n<p>&nbsp;<\/p>\n<p><a href=\"https:\/\/static-blogs.diariosur.es\/wp-content\/uploads\/sites\/12\/2023\/07\/8-1-e1689866848756.jpg\"><img loading=\"lazy\" class=\"aligncenter size-full wp-image-37708\" src=\"https:\/\/static-blogs.diariosur.es\/wp-content\/uploads\/sites\/12\/2023\/07\/8-1-e1689866848756.jpg\" alt=\"\" width=\"1200\" height=\"800\" \/><\/a><\/p>\n<p>&nbsp;<\/p>\n<p><a href=\"https:\/\/static-blogs.diariosur.es\/wp-content\/uploads\/sites\/12\/2023\/07\/9-e1689866876469.jpg\"><img loading=\"lazy\" class=\"aligncenter size-full wp-image-37709\" src=\"https:\/\/static-blogs.diariosur.es\/wp-content\/uploads\/sites\/12\/2023\/07\/9-e1689866876469.jpg\" alt=\"\" width=\"1200\" height=\"900\" \/><\/a><\/p>\n<p>&nbsp;<\/p>\n<p><a href=\"https:\/\/static-blogs.diariosur.es\/wp-content\/uploads\/sites\/12\/2023\/07\/10-e1689866949599.jpg\"><img loading=\"lazy\" class=\"aligncenter size-full wp-image-37710\" src=\"https:\/\/static-blogs.diariosur.es\/wp-content\/uploads\/sites\/12\/2023\/07\/10-e1689866949599.jpg\" alt=\"\" width=\"1200\" height=\"800\" \/><\/a><\/p>\n<p>&nbsp;<\/p>\n<p><a href=\"https:\/\/static-blogs.diariosur.es\/wp-content\/uploads\/sites\/12\/2023\/07\/11-e1689867044605.jpg\"><img loading=\"lazy\" class=\"aligncenter size-full wp-image-37711\" src=\"https:\/\/static-blogs.diariosur.es\/wp-content\/uploads\/sites\/12\/2023\/07\/11-e1689867044605.jpg\" alt=\"\" width=\"1200\" height=\"800\" \/><\/a><\/p>\n<p>&nbsp;<\/p>\n<p><iframe loading=\"lazy\" title=\"YouTube video player\" src=\"https:\/\/www.youtube.com\/embed\/R_Y-KDS4rqM\" width=\"560\" height=\"315\" frameborder=\"0\" allowfullscreen=\"allowfullscreen\"><\/iframe><\/p>\n<p>Os pongo tambi\u00e9n una foto del Embalse de Guadalteba y la siguiente del Embalse del Guadalhorce, que como muchas sab\u00e9is es salino.<\/p>\n<p>El Embalse de Guadalteba esta ahora al 39.38% de su capacidad. El m\u00ednimo hist\u00f3rico se dio en el a\u00f1o 2005 que estuvo al 7,9%<\/p>\n<p>&nbsp;<\/p>\n<p><a href=\"https:\/\/static-blogs.diariosur.es\/wp-content\/uploads\/sites\/12\/2023\/07\/GUADALTEBA-e1689914871433.jpg\"><img loading=\"lazy\" class=\"aligncenter size-full wp-image-37724\" src=\"https:\/\/static-blogs.diariosur.es\/wp-content\/uploads\/sites\/12\/2023\/07\/GUADALTEBA-e1689914871433.jpg\" alt=\"\" width=\"1200\" height=\"800\" \/><\/a><\/p>\n<p>&nbsp;<\/p>\n<p>El Embalse del Guadalhorce esta en estos momentos al 27.78% de su capacidad. El minimo historico se dio en septiembre del a\u00f1o 2008 que estuvo al 9,5%.<\/p>\n<p>&nbsp;<\/p>\n<p><a href=\"https:\/\/static-blogs.diariosur.es\/wp-content\/uploads\/sites\/12\/2023\/07\/GUADALHORCE-e1689915033140.jpg\"><img loading=\"lazy\" class=\"aligncenter size-full wp-image-37725\" src=\"https:\/\/static-blogs.diariosur.es\/wp-content\/uploads\/sites\/12\/2023\/07\/GUADALHORCE-e1689915033140.jpg\" alt=\"\" width=\"1200\" height=\"800\" \/><\/a><\/p>\n<p>Nos vemos ma\u00f1ana con un probable r\u00e9cord hist\u00f3rico de m\u00ednima m\u00e1s alta. Hasta esta noche a \u00faltima hora no se sabr\u00e1.<\/p>\n","protected":false},"excerpt":{"rendered":"<p>Muy buenas tardes, amigos de la meteo. Esta ma\u00f1ana muy temprano, mi cu\u00f1ado Jos\u00e9 y yo, hemos ido a visitar el Embalse Conde de Guadalhorce. La meteo no tenia preparada una sorpresa en forma de chaparr\u00f3n, esta ma\u00f1ana cuando actualice el blog sobre las seis, hablando de la ola de calor en las urnas,\u00a0os comente [&hellip;]<\/p>\n","protected":false},"author":16,"featured_media":37713,"comment_status":"open","ping_status":"open","sticky":false,"template":"","format":"standard","meta":[],"categories":[2],"tags":[1777,1135,470,482,1845],"_links":{"self":[{"href":"https:\/\/blogs.diariosur.es\/tormentas-y-rayos\/wp-json\/wp\/v2\/posts\/37701"}],"collection":[{"href":"https:\/\/blogs.diariosur.es\/tormentas-y-rayos\/wp-json\/wp\/v2\/posts"}],"about":[{"href":"https:\/\/blogs.diariosur.es\/tormentas-y-rayos\/wp-json\/wp\/v2\/types\/post"}],"author":[{"embeddable":true,"href":"https:\/\/blogs.diariosur.es\/tormentas-y-rayos\/wp-json\/wp\/v2\/users\/16"}],"replies":[{"embeddable":true,"href":"https:\/\/blogs.diariosur.es\/tormentas-y-rayos\/wp-json\/wp\/v2\/comments?post=37701"}],"version-history":[{"count":5,"href":"https:\/\/blogs.diariosur.es\/tormentas-y-rayos\/wp-json\/wp\/v2\/posts\/37701\/revisions"}],"predecessor-version":[{"id":37726,"href":"https:\/\/blogs.diariosur.es\/tormentas-y-rayos\/wp-json\/wp\/v2\/posts\/37701\/revisions\/37726"}],"wp:featuredmedia":[{"embeddable":true,"href":"https:\/\/blogs.diariosur.es\/tormentas-y-rayos\/wp-json\/wp\/v2\/media\/37713"}],"wp:attachment":[{"href":"https:\/\/blogs.diariosur.es\/tormentas-y-rayos\/wp-json\/wp\/v2\/media?parent=37701"}],"wp:term":[{"taxonomy":"category","embeddable":true,"href":"https:\/\/blogs.diariosur.es\/tormentas-y-rayos\/wp-json\/wp\/v2\/categories?post=37701"},{"taxonomy":"post_tag","embeddable":true,"href":"https:\/\/blogs.diariosur.es\/tormentas-y-rayos\/wp-json\/wp\/v2\/tags?post=37701"}],"curies":[{"name":"wp","href":"https:\/\/api.w.org\/{rel}","templated":true}]}}