{"id":37812,"date":"2023-07-27T21:09:10","date_gmt":"2023-07-27T19:09:10","guid":{"rendered":"https:\/\/blogs.diariosur.es\/tormentas-y-rayos\/?p=37812"},"modified":"2023-09-30T18:30:37","modified_gmt":"2023-09-30T16:30:37","slug":"cual-es-la-temperatura-del-agua-mas-alta-y-mas-baja-que-se-ha-dado-en-verano-en-la-boya-del-puerto-de-malaga-desde1985","status":"publish","type":"post","link":"https:\/\/blogs.diariosur.es\/tormentas-y-rayos\/2023\/07\/27\/cual-es-la-temperatura-del-agua-mas-alta-y-mas-baja-que-se-ha-dado-en-verano-en-la-boya-del-puerto-de-malaga-desde1985\/","title":{"rendered":"\u00bfCu\u00e1l es la temperatura del agua m\u00e1s alta y m\u00e1s baja que se ha dado en verano en la boya del Puerto de M\u00e1laga desde1985?"},"content":{"rendered":"<p><a href=\"https:\/\/static-blogs.diariosur.es\/wp-content\/uploads\/sites\/12\/2023\/06\/66505616_10216972270637940_5684453640765440_n-2.jpg\"><img loading=\"lazy\" class=\"aligncenter size-thumbnail wp-image-37376\" src=\"https:\/\/static-blogs.diariosur.es\/wp-content\/uploads\/sites\/12\/2023\/06\/66505616_10216972270637940_5684453640765440_n-2-150x150.jpg\" alt=\"\" width=\"150\" height=\"150\" srcset=\"https:\/\/static-blogs.diariosur.es\/wp-content\/uploads\/sites\/12\/2023\/06\/66505616_10216972270637940_5684453640765440_n-2-150x150.jpg 150w, https:\/\/static-blogs.diariosur.es\/wp-content\/uploads\/sites\/12\/2023\/06\/66505616_10216972270637940_5684453640765440_n-2-400x400.jpg 400w, https:\/\/static-blogs.diariosur.es\/wp-content\/uploads\/sites\/12\/2023\/06\/66505616_10216972270637940_5684453640765440_n-2.jpg 768w\" sizes=\"(max-width: 150px) 100vw, 150px\" \/><\/a><\/p>\n<p>Muy buenas tardes noches, amigos de la meteo. Como ahora mismo de lo que m\u00e1s se habla es de la temperatura del agua del mar en M\u00e1laga, he investigado en la pagina de Puertos del Estado y la temperatura m\u00e1s alta se registro el<strong> 7 de agosto del a\u00f1o 2015 con 29.1 grados a las 16:00 horas. <\/strong>A finales de julio y primeros de agosto de 2014, estuvo soplando levante muy flojo.<\/p>\n<p>Tambi\u00e9n he investigado la temperatura m\u00e1s<strong> fr\u00eda<\/strong> que se ha dado en julio y agosto, os pongo las fechas.<\/p>\n<p>Ocho de julio del a\u00f1o 2014 se dio una temperatura <strong>15.4 grados<\/strong><\/p>\n<p>Tres de agosto del a\u00f1o 2014 se dio una temperatura de <strong>16.3 grados<\/strong><\/p>\n<p>&nbsp;<\/p>\n<p>En estas fechas del a\u00f1o 2014 soplaron terrales de moderados a fuertes una semana antes.<\/p>\n<p>Y la m\u00e1s fr\u00eda se dio el 25 de enero de 2020 con <strong>11.7 grados<\/strong>. Ese d\u00eda solo me moje los pies jijiji.<\/p>\n<p>Todos estos datos son de Puerto del Estado desde 1985 que empez\u00f3 a tomar datos.<\/p>\n<p>Nos vemos ma\u00f1ana con la \u00faltima hora del terral del domingo 30.<\/p>\n","protected":false},"excerpt":{"rendered":"<p>Muy buenas tardes noches, amigos de la meteo. Como ahora mismo de lo que m\u00e1s se habla es de la temperatura del agua del mar en M\u00e1laga, he investigado en la pagina de Puertos del Estado y la temperatura m\u00e1s alta se registro el 7 de agosto del a\u00f1o 2015 con 29.1 grados a las [&hellip;]<\/p>\n","protected":false},"author":16,"featured_media":37814,"comment_status":"open","ping_status":"open","sticky":false,"template":"","format":"standard","meta":[],"categories":[2],"tags":[51,1851,587,597,1850],"_links":{"self":[{"href":"https:\/\/blogs.diariosur.es\/tormentas-y-rayos\/wp-json\/wp\/v2\/posts\/37812"}],"collection":[{"href":"https:\/\/blogs.diariosur.es\/tormentas-y-rayos\/wp-json\/wp\/v2\/posts"}],"about":[{"href":"https:\/\/blogs.diariosur.es\/tormentas-y-rayos\/wp-json\/wp\/v2\/types\/post"}],"author":[{"embeddable":true,"href":"https:\/\/blogs.diariosur.es\/tormentas-y-rayos\/wp-json\/wp\/v2\/users\/16"}],"replies":[{"embeddable":true,"href":"https:\/\/blogs.diariosur.es\/tormentas-y-rayos\/wp-json\/wp\/v2\/comments?post=37812"}],"version-history":[{"count":4,"href":"https:\/\/blogs.diariosur.es\/tormentas-y-rayos\/wp-json\/wp\/v2\/posts\/37812\/revisions"}],"predecessor-version":[{"id":38639,"href":"https:\/\/blogs.diariosur.es\/tormentas-y-rayos\/wp-json\/wp\/v2\/posts\/37812\/revisions\/38639"}],"wp:featuredmedia":[{"embeddable":true,"href":"https:\/\/blogs.diariosur.es\/tormentas-y-rayos\/wp-json\/wp\/v2\/media\/37814"}],"wp:attachment":[{"href":"https:\/\/blogs.diariosur.es\/tormentas-y-rayos\/wp-json\/wp\/v2\/media?parent=37812"}],"wp:term":[{"taxonomy":"category","embeddable":true,"href":"https:\/\/blogs.diariosur.es\/tormentas-y-rayos\/wp-json\/wp\/v2\/categories?post=37812"},{"taxonomy":"post_tag","embeddable":true,"href":"https:\/\/blogs.diariosur.es\/tormentas-y-rayos\/wp-json\/wp\/v2\/tags?post=37812"}],"curies":[{"name":"wp","href":"https:\/\/api.w.org\/{rel}","templated":true}]}}