{"id":37828,"date":"2023-07-30T08:33:44","date_gmt":"2023-07-30T06:33:44","guid":{"rendered":"https:\/\/blogs.diariosur.es\/tormentas-y-rayos\/?p=37828"},"modified":"2023-07-30T08:33:44","modified_gmt":"2023-07-30T06:33:44","slug":"comenzara-agosto-con-terral-en-la-provincia-de-malaga","status":"publish","type":"post","link":"https:\/\/blogs.diariosur.es\/tormentas-y-rayos\/2023\/07\/30\/comenzara-agosto-con-terral-en-la-provincia-de-malaga\/","title":{"rendered":"\u00bfComenzar\u00e1 agosto con terral en la provincia de M\u00e1laga?"},"content":{"rendered":"<p><a href=\"https:\/\/static-blogs.diariosur.es\/wp-content\/uploads\/sites\/12\/2023\/06\/66505616_10216972270637940_5684453640765440_n-1.jpg\"><img loading=\"lazy\" class=\"aligncenter size-thumbnail wp-image-37370\" src=\"https:\/\/static-blogs.diariosur.es\/wp-content\/uploads\/sites\/12\/2023\/06\/66505616_10216972270637940_5684453640765440_n-1-150x150.jpg\" alt=\"\" width=\"150\" height=\"150\" srcset=\"https:\/\/static-blogs.diariosur.es\/wp-content\/uploads\/sites\/12\/2023\/06\/66505616_10216972270637940_5684453640765440_n-1-150x150.jpg 150w, https:\/\/static-blogs.diariosur.es\/wp-content\/uploads\/sites\/12\/2023\/06\/66505616_10216972270637940_5684453640765440_n-1-400x400.jpg 400w, https:\/\/static-blogs.diariosur.es\/wp-content\/uploads\/sites\/12\/2023\/06\/66505616_10216972270637940_5684453640765440_n-1.jpg 768w\" sizes=\"(max-width: 150px) 100vw, 150px\" \/><\/a><\/p>\n<p>Muy buenos d\u00edas, amigos de la meteo. Cuando son las siete de la ma\u00f1ana en M\u00e1laga capital, la estaci\u00f3n del Aeropuerto de M\u00e1laga registra 22.3 grados, los cielos est\u00e1n despejaos y el viento sopla flojo de componente oeste. La temperatura del agua del mar en M\u00e1laga capital es de 20.2 grados. Por la zonas de \u00c1lora, Co\u00edn y Alhaur\u00edn el Grande ha entrado el terral.<\/p>\n<h3><span style=\"color: #ff0000;\"><strong>\u00bfComenzar\u00e1 agosto con terral en la provincia de M\u00e1laga?<\/strong><\/span><\/h3>\n<p>Con los modelos actualizados, hay<strong> probabilidad<\/strong> que el terral sea protagonista el martes, mi\u00e9rcoles y jueves, as\u00ed como tambi\u00e9n rachas fuertes de poniente en toda la costa malague\u00f1a y Mar de Albor\u00e1n. En esta ocasi\u00f3n el terral, de producirse, si entrar\u00eda en la zona de la Axarqu\u00eda e incluso en el Rinc\u00f3n en algunos momentos del d\u00eda. Sobre las temperaturas m\u00e1ximas que se esperan en las zonas habituales no lo tengo muy claro, pero nuevamente ser\u00e1 el Valle del Guadalhorce donde de acerquen a los 40 grados. Esta noche, con los modelos actualizados, estar\u00e1 m\u00e1s claro que temperatura se pueden alcanzar en M\u00e1laga capital y otras zonas. De momento no se han activado avisos por altas temperaturas en la provincia de M\u00e1laga, es probable que durante el d\u00eda de hoy se activen para el martes.<\/p>\n<p>Esta noche si me da tiempo podre las temperaturas m\u00e1ximas que se esperan el martes en la provincia de M\u00e1laga. Que pas\u00e9is un buen domingo.<\/p>\n<p>&nbsp;<\/p>\n<p>&nbsp;<\/p>\n<p>&nbsp;<\/p>\n<p>&nbsp;<\/p>\n<p>&nbsp;<\/p>\n","protected":false},"excerpt":{"rendered":"<p>Muy buenos d\u00edas, amigos de la meteo. Cuando son las siete de la ma\u00f1ana en M\u00e1laga capital, la estaci\u00f3n del Aeropuerto de M\u00e1laga registra 22.3 grados, los cielos est\u00e1n despejaos y el viento sopla flojo de componente oeste. La temperatura del agua del mar en M\u00e1laga capital es de 20.2 grados. Por la zonas de [&hellip;]<\/p>\n","protected":false},"author":16,"featured_media":37829,"comment_status":"open","ping_status":"open","sticky":false,"template":"","format":"standard","meta":[],"categories":[2],"tags":[50,587,975,980,1052],"_links":{"self":[{"href":"https:\/\/blogs.diariosur.es\/tormentas-y-rayos\/wp-json\/wp\/v2\/posts\/37828"}],"collection":[{"href":"https:\/\/blogs.diariosur.es\/tormentas-y-rayos\/wp-json\/wp\/v2\/posts"}],"about":[{"href":"https:\/\/blogs.diariosur.es\/tormentas-y-rayos\/wp-json\/wp\/v2\/types\/post"}],"author":[{"embeddable":true,"href":"https:\/\/blogs.diariosur.es\/tormentas-y-rayos\/wp-json\/wp\/v2\/users\/16"}],"replies":[{"embeddable":true,"href":"https:\/\/blogs.diariosur.es\/tormentas-y-rayos\/wp-json\/wp\/v2\/comments?post=37828"}],"version-history":[{"count":1,"href":"https:\/\/blogs.diariosur.es\/tormentas-y-rayos\/wp-json\/wp\/v2\/posts\/37828\/revisions"}],"predecessor-version":[{"id":37830,"href":"https:\/\/blogs.diariosur.es\/tormentas-y-rayos\/wp-json\/wp\/v2\/posts\/37828\/revisions\/37830"}],"wp:featuredmedia":[{"embeddable":true,"href":"https:\/\/blogs.diariosur.es\/tormentas-y-rayos\/wp-json\/wp\/v2\/media\/37829"}],"wp:attachment":[{"href":"https:\/\/blogs.diariosur.es\/tormentas-y-rayos\/wp-json\/wp\/v2\/media?parent=37828"}],"wp:term":[{"taxonomy":"category","embeddable":true,"href":"https:\/\/blogs.diariosur.es\/tormentas-y-rayos\/wp-json\/wp\/v2\/categories?post=37828"},{"taxonomy":"post_tag","embeddable":true,"href":"https:\/\/blogs.diariosur.es\/tormentas-y-rayos\/wp-json\/wp\/v2\/tags?post=37828"}],"curies":[{"name":"wp","href":"https:\/\/api.w.org\/{rel}","templated":true}]}}