{"id":37853,"date":"2023-07-31T08:39:08","date_gmt":"2023-07-31T06:39:08","guid":{"rendered":"https:\/\/blogs.diariosur.es\/tormentas-y-rayos\/?p=37853"},"modified":"2023-07-31T11:31:11","modified_gmt":"2023-07-31T09:31:11","slug":"agosto-comenzara-con-tres-dias-de-terral-en-la-provincia-malaguena-probables-temperaturas","status":"publish","type":"post","link":"https:\/\/blogs.diariosur.es\/tormentas-y-rayos\/2023\/07\/31\/agosto-comenzara-con-tres-dias-de-terral-en-la-provincia-malaguena-probables-temperaturas\/","title":{"rendered":"Agosto comenzar\u00e1 con tres d\u00edas de terral en la provincia malague\u00f1a. Aviso naranja. Probables temperaturas."},"content":{"rendered":"<p><a href=\"https:\/\/static-blogs.diariosur.es\/wp-content\/uploads\/sites\/12\/2023\/06\/66505616_10216972270637940_5684453640765440_n-2.jpg\"><img loading=\"lazy\" class=\"aligncenter size-thumbnail wp-image-37376\" src=\"https:\/\/static-blogs.diariosur.es\/wp-content\/uploads\/sites\/12\/2023\/06\/66505616_10216972270637940_5684453640765440_n-2-150x150.jpg\" alt=\"\" width=\"150\" height=\"150\" srcset=\"https:\/\/static-blogs.diariosur.es\/wp-content\/uploads\/sites\/12\/2023\/06\/66505616_10216972270637940_5684453640765440_n-2-150x150.jpg 150w, https:\/\/static-blogs.diariosur.es\/wp-content\/uploads\/sites\/12\/2023\/06\/66505616_10216972270637940_5684453640765440_n-2-400x400.jpg 400w, https:\/\/static-blogs.diariosur.es\/wp-content\/uploads\/sites\/12\/2023\/06\/66505616_10216972270637940_5684453640765440_n-2.jpg 768w\" sizes=\"(max-width: 150px) 100vw, 150px\" \/><\/a><\/p>\n<p>Reedito, se activa el aviso naranja por temperaturas de 40 grados.<\/p>\n<table class=\"table\">\n<tbody>\n<tr data-tipo-av=\"AT\">\n<td><strong><span class=\"la-zona-zona\" data-zona-id=\"612903\">Sol y Guadalhorce<\/span>&#8211;<span class=\"la-zona-provincia\" data-zona-id=\"6129\">M\u00e1laga<\/span><\/strong><\/td>\n<td><strong>01\/08\/2023 13:00<\/strong><\/td>\n<td><strong>01\/08\/2023 20:59<\/strong><\/td>\n<td class=\"col-fin\"><strong>Temperatura m\u00e1xima: 40 \u00baC<\/strong>.<\/td>\n<\/tr>\n<\/tbody>\n<\/table>\n<p>Muy buenos d\u00edas, amigos de la meteo. Seguimos con madrugadas m\u00e1s llevaderas desde el jueves 27 en la costa malague\u00f1a, la m\u00ednima en el Aeropuerto ha sido de 23.3 grados. La temperatura del agua del mar en la boya del puerto es de 21.1 grados, hoy puede llegar a 22 grados. A los que le gusta calentita aprovechar, lo m\u00e1s seguro que el mi\u00e9rcoles o jueves baje a 18 grados.<\/p>\n<p>Ayer actualice el blog con un fen\u00f3meno que se llama Efecto Morgana, al final no lo es. He reeditado el post explic\u00e1ndolo<\/p>\n<p><a href=\"https:\/\/blogs.diariosur.es\/tormentas-y-rayos\/2023\/07\/30\/efecto-morgana-hada-en-la-bahia-de-malaga-temperaturas-maximas-hoy\/\"><strong>\u00bfEfecto Morgana (Hada) en la Bah\u00eda de M\u00e1laga?<\/strong><\/a><\/p>\n<h3><span style=\"color: #ff0000;\"><strong>Agosto comenzar\u00e1 con tres d\u00edas de terral en la provincia malague\u00f1a. Probables temperaturas<\/strong><\/span><\/h3>\n<p style=\"text-align: justify;\">Ma\u00f1ana 1 de agosto empezaremos el mes con terral en las zonas habituales de la provincia malague\u00f1a, en esta ocasi\u00f3n si llegar\u00e1 a la capital y a la Axarqu\u00eda. Ayer domingo nos libramos.<\/p>\n<p style=\"text-align: justify;\">De momento la aemet activa el aviso amarillo por temperaturas de 36 grados en Sol y Guadalhorce para ma\u00f1ana martes y mi\u00e9rcoles, es posible que en nuevas actualizaciones se active tambi\u00e9n la Axarqu\u00eda.\u00a0El aviso amarillo es por 36 grados, pero no me extra\u00f1ar\u00eda que lo suban a 38 o 39. El jueves tambi\u00e9n tendremos terral, pero las temperaturas m\u00e1ximas no ser\u00e1n tal altas. Hay probabilidad de que el terral llegue al Rinc\u00f3n de la Victoria en algunos momentos del dia.<\/p>\n<p style=\"text-align: justify;\">Aviso ma\u00f1ana martes 1 de agosto. Fuente Aemet<\/p>\n<table class=\"table\">\n<tbody>\n<tr data-tipo-av=\"AT\">\n<td><strong><span class=\"la-zona-zona\" data-zona-id=\"612903\">Sol y Guadalhorce<\/span>&#8211;<span class=\"la-zona-provincia\" data-zona-id=\"6129\">M\u00e1laga<\/span><\/strong><\/td>\n<td><strong>01\/08\/2023 13:00<\/strong><\/td>\n<td><strong>01\/08\/2023 20:59<\/strong><\/td>\n<td class=\"col-fin\"><strong>Temperatura m\u00e1xima: 36 \u00baC.<\/strong><\/td>\n<\/tr>\n<\/tbody>\n<\/table>\n<p>Aviso\u00a0 mi\u00e9rcoles 2 de agosto<\/p>\n<table class=\"table\">\n<tbody>\n<tr data-tipo-av=\"AT\">\n<td><strong><span class=\"la-zona-zona\" data-zona-id=\"612903\">Sol y Guadalhorce<\/span>&#8211;<span class=\"la-zona-provincia\" data-zona-id=\"6129\">M\u00e1laga<\/span><\/strong><\/td>\n<td><strong>02\/08\/2023 13:00<\/strong><\/td>\n<td><strong>02\/08\/2023 20:59<\/strong><\/td>\n<td class=\"col-fin\"><strong>Temperatura m\u00e1xima: 36 \u00baC.<\/strong><\/td>\n<\/tr>\n<\/tbody>\n<\/table>\n<p>En las Comarcas de Ronda y Antequera no ser\u00e1n tan altas como estos d\u00edas pasados.<\/p>\n<p>Destacar tambi\u00e9n que tendremos rachas fuertes de poniente en la Costa de M\u00e1laga y Mar de Albor\u00e1n, es probable que tambi\u00e9n se active el aviso amarillo por fen\u00f3menos costeros en los litorales de M\u00e1laga, Granada y Almer\u00eda. El jueves la temperatura del agua del mar rondara los 18 grados.<\/p>\n<p>Os paso las temperaturas m\u00e1ximas que prev\u00e9 el modelo europeo en la provincia de M\u00e1laga para estos tres d\u00edas. Fuente meteologix.<\/p>\n<p>&nbsp;<\/p>\n<p><a href=\"https:\/\/static-blogs.diariosur.es\/wp-content\/uploads\/sites\/12\/2023\/07\/1-7.jpg\"><img loading=\"lazy\" class=\"aligncenter size-full wp-image-37859\" src=\"https:\/\/static-blogs.diariosur.es\/wp-content\/uploads\/sites\/12\/2023\/07\/1-7.jpg\" alt=\"\" width=\"763\" height=\"766\" srcset=\"https:\/\/static-blogs.diariosur.es\/wp-content\/uploads\/sites\/12\/2023\/07\/1-7.jpg 763w, https:\/\/static-blogs.diariosur.es\/wp-content\/uploads\/sites\/12\/2023\/07\/1-7-150x150.jpg 150w, https:\/\/static-blogs.diariosur.es\/wp-content\/uploads\/sites\/12\/2023\/07\/1-7-398x400.jpg 398w\" sizes=\"(max-width: 763px) 100vw, 763px\" \/><\/a> <a href=\"https:\/\/static-blogs.diariosur.es\/wp-content\/uploads\/sites\/12\/2023\/07\/2-8.jpg\"><img loading=\"lazy\" class=\"aligncenter size-full wp-image-37860\" src=\"https:\/\/static-blogs.diariosur.es\/wp-content\/uploads\/sites\/12\/2023\/07\/2-8.jpg\" alt=\"\" width=\"764\" height=\"764\" srcset=\"https:\/\/static-blogs.diariosur.es\/wp-content\/uploads\/sites\/12\/2023\/07\/2-8.jpg 764w, https:\/\/static-blogs.diariosur.es\/wp-content\/uploads\/sites\/12\/2023\/07\/2-8-150x150.jpg 150w, https:\/\/static-blogs.diariosur.es\/wp-content\/uploads\/sites\/12\/2023\/07\/2-8-400x400.jpg 400w\" sizes=\"(max-width: 764px) 100vw, 764px\" \/><\/a> <a href=\"https:\/\/static-blogs.diariosur.es\/wp-content\/uploads\/sites\/12\/2023\/07\/3-10.jpg\"><img loading=\"lazy\" class=\"aligncenter size-full wp-image-37861\" src=\"https:\/\/static-blogs.diariosur.es\/wp-content\/uploads\/sites\/12\/2023\/07\/3-10.jpg\" alt=\"\" width=\"769\" height=\"763\" srcset=\"https:\/\/static-blogs.diariosur.es\/wp-content\/uploads\/sites\/12\/2023\/07\/3-10.jpg 769w, https:\/\/static-blogs.diariosur.es\/wp-content\/uploads\/sites\/12\/2023\/07\/3-10-150x150.jpg 150w, https:\/\/static-blogs.diariosur.es\/wp-content\/uploads\/sites\/12\/2023\/07\/3-10-403x400.jpg 403w, https:\/\/static-blogs.diariosur.es\/wp-content\/uploads\/sites\/12\/2023\/07\/3-10-768x762.jpg 768w\" sizes=\"(max-width: 769px) 100vw, 769px\" \/><\/a><\/p>\n<p>&nbsp;<\/p>\n<p>Os dejo con esta fotaza de mi amigo Crist\u00f3bal Gambero.<\/p>\n<p>&nbsp;<\/p>\n<p><a href=\"https:\/\/static-blogs.diariosur.es\/wp-content\/uploads\/sites\/12\/2023\/07\/362987134_6344480712267536_2443739407034923942_n-e1690785490995.jpg\"><img loading=\"lazy\" class=\"aligncenter size-full wp-image-37862\" src=\"https:\/\/static-blogs.diariosur.es\/wp-content\/uploads\/sites\/12\/2023\/07\/362987134_6344480712267536_2443739407034923942_n-e1690785490995.jpg\" alt=\"\" width=\"900\" height=\"609\" \/><\/a><\/p>\n<p>&nbsp;<\/p>\n<p>&nbsp;<\/p>\n<p>&nbsp;<\/p>\n<p>&nbsp;<\/p>\n<p>&nbsp;<\/p>\n<p>&nbsp;<\/p>\n","protected":false},"excerpt":{"rendered":"<p>Reedito, se activa el aviso naranja por temperaturas de 40 grados. Sol y Guadalhorce&#8211;M\u00e1laga 01\/08\/2023 13:00 01\/08\/2023 20:59 Temperatura m\u00e1xima: 40 \u00baC. Muy buenos d\u00edas, amigos de la meteo. Seguimos con madrugadas m\u00e1s llevaderas desde el jueves 27 en la costa malague\u00f1a, la m\u00ednima en el Aeropuerto ha sido de 23.3 grados. La temperatura del [&hellip;]<\/p>\n","protected":false},"author":16,"featured_media":37862,"comment_status":"open","ping_status":"open","sticky":false,"template":"","format":"standard","meta":[],"categories":[2],"tags":[94,100,151,358,587,975],"_links":{"self":[{"href":"https:\/\/blogs.diariosur.es\/tormentas-y-rayos\/wp-json\/wp\/v2\/posts\/37853"}],"collection":[{"href":"https:\/\/blogs.diariosur.es\/tormentas-y-rayos\/wp-json\/wp\/v2\/posts"}],"about":[{"href":"https:\/\/blogs.diariosur.es\/tormentas-y-rayos\/wp-json\/wp\/v2\/types\/post"}],"author":[{"embeddable":true,"href":"https:\/\/blogs.diariosur.es\/tormentas-y-rayos\/wp-json\/wp\/v2\/users\/16"}],"replies":[{"embeddable":true,"href":"https:\/\/blogs.diariosur.es\/tormentas-y-rayos\/wp-json\/wp\/v2\/comments?post=37853"}],"version-history":[{"count":9,"href":"https:\/\/blogs.diariosur.es\/tormentas-y-rayos\/wp-json\/wp\/v2\/posts\/37853\/revisions"}],"predecessor-version":[{"id":37873,"href":"https:\/\/blogs.diariosur.es\/tormentas-y-rayos\/wp-json\/wp\/v2\/posts\/37853\/revisions\/37873"}],"wp:featuredmedia":[{"embeddable":true,"href":"https:\/\/blogs.diariosur.es\/tormentas-y-rayos\/wp-json\/wp\/v2\/media\/37862"}],"wp:attachment":[{"href":"https:\/\/blogs.diariosur.es\/tormentas-y-rayos\/wp-json\/wp\/v2\/media?parent=37853"}],"wp:term":[{"taxonomy":"category","embeddable":true,"href":"https:\/\/blogs.diariosur.es\/tormentas-y-rayos\/wp-json\/wp\/v2\/categories?post=37853"},{"taxonomy":"post_tag","embeddable":true,"href":"https:\/\/blogs.diariosur.es\/tormentas-y-rayos\/wp-json\/wp\/v2\/tags?post=37853"}],"curies":[{"name":"wp","href":"https:\/\/api.w.org\/{rel}","templated":true}]}}