{"id":37869,"date":"2023-08-01T07:42:23","date_gmt":"2023-08-01T05:42:23","guid":{"rendered":"https:\/\/blogs.diariosur.es\/tormentas-y-rayos\/?p=37869"},"modified":"2023-08-04T08:44:46","modified_gmt":"2023-08-04T06:44:46","slug":"julio-de-2023-en-malaga-capital-ha-sido-el-mas-caluroso-desde-el-ano1942","status":"publish","type":"post","link":"https:\/\/blogs.diariosur.es\/tormentas-y-rayos\/2023\/08\/01\/julio-de-2023-en-malaga-capital-ha-sido-el-mas-caluroso-desde-el-ano1942\/","title":{"rendered":"Julio de 2023 en M\u00e1laga capital, ha sido el m\u00e1s caluroso desde el a\u00f1o 1942."},"content":{"rendered":"<p><a href=\"https:\/\/static-blogs.diariosur.es\/wp-content\/uploads\/sites\/12\/2023\/06\/66505616_10216972270637940_5684453640765440_n-1.jpg\"><img loading=\"lazy\" class=\"aligncenter size-thumbnail wp-image-37370\" src=\"https:\/\/static-blogs.diariosur.es\/wp-content\/uploads\/sites\/12\/2023\/06\/66505616_10216972270637940_5684453640765440_n-1-150x150.jpg\" alt=\"\" width=\"150\" height=\"150\" srcset=\"https:\/\/static-blogs.diariosur.es\/wp-content\/uploads\/sites\/12\/2023\/06\/66505616_10216972270637940_5684453640765440_n-1-150x150.jpg 150w, https:\/\/static-blogs.diariosur.es\/wp-content\/uploads\/sites\/12\/2023\/06\/66505616_10216972270637940_5684453640765440_n-1-400x400.jpg 400w, https:\/\/static-blogs.diariosur.es\/wp-content\/uploads\/sites\/12\/2023\/06\/66505616_10216972270637940_5684453640765440_n-1.jpg 768w\" sizes=\"(max-width: 150px) 100vw, 150px\" \/><\/a><\/p>\n<p>Buenos d\u00edas, amigos de la meteo. Ya tenemos a nuestro amigo o enemigo malague\u00f1o el terral, desde primeras horas de la madrugada. Ha entrado con rachas moderadas de viento y la humedad bajo al 27%. Durante la madrugada la temperatura en el Aeropuerto ha rondado entre los 28 y 31 grados. Os paso las gr\u00e1ficas de viento y humedad.<\/p>\n<p>Fuente aemet<\/p>\n<p><a href=\"https:\/\/static-blogs.diariosur.es\/wp-content\/uploads\/sites\/12\/2023\/08\/aeropuerto.jpg\"><img loading=\"lazy\" class=\"aligncenter size-full wp-image-37880\" src=\"https:\/\/static-blogs.diariosur.es\/wp-content\/uploads\/sites\/12\/2023\/08\/aeropuerto.jpg\" alt=\"\" width=\"1028\" height=\"457\" srcset=\"https:\/\/static-blogs.diariosur.es\/wp-content\/uploads\/sites\/12\/2023\/08\/aeropuerto.jpg 1028w, https:\/\/static-blogs.diariosur.es\/wp-content\/uploads\/sites\/12\/2023\/08\/aeropuerto-640x285.jpg 640w, https:\/\/static-blogs.diariosur.es\/wp-content\/uploads\/sites\/12\/2023\/08\/aeropuerto-768x341.jpg 768w\" sizes=\"(max-width: 1028px) 100vw, 1028px\" \/><\/a><\/p>\n<p><a href=\"https:\/\/static-blogs.diariosur.es\/wp-content\/uploads\/sites\/12\/2023\/08\/aeropuerto-hume.jpg\"><img loading=\"lazy\" class=\"aligncenter size-full wp-image-37881\" src=\"https:\/\/static-blogs.diariosur.es\/wp-content\/uploads\/sites\/12\/2023\/08\/aeropuerto-hume.jpg\" alt=\"\" width=\"1014\" height=\"470\" srcset=\"https:\/\/static-blogs.diariosur.es\/wp-content\/uploads\/sites\/12\/2023\/08\/aeropuerto-hume.jpg 1014w, https:\/\/static-blogs.diariosur.es\/wp-content\/uploads\/sites\/12\/2023\/08\/aeropuerto-hume-640x297.jpg 640w, https:\/\/static-blogs.diariosur.es\/wp-content\/uploads\/sites\/12\/2023\/08\/aeropuerto-hume-768x356.jpg 768w\" sizes=\"(max-width: 1014px) 100vw, 1014px\" \/><\/a><\/p>\n<p>La aemet ha activado el aviso naranja en Sol y Guadalhorce por m\u00e1ximas de 40 grados, el amarillo en la Axarqu\u00eda por 37 grados. Hoy hay probabilidad que el terral entre en el Rinc\u00f3n de la Victoria en algunos momentos del d\u00eda.<\/p>\n<p>Ma\u00f1ana mi\u00e9rcoles estamos en aviso amarillo en Sol y Guadalhorce por m\u00e1ximas de 38, es muy probable que se active nuevamente el naranja y el amarillo en la Axarqu\u00eda. En estos momentos a las siete de la ma\u00f1ana, la temperatura del agua del mar esta a 21.5 grados, el jueves rondar\u00e1 los 18 grados.<\/p>\n<h3><span style=\"color: #0000ff;\"><strong>Julio de 2023 en M\u00e1laga capital, ha sido el m\u00e1s caluroso desde el a\u00f1o 1942.<\/strong><\/span><\/h3>\n<p>Aunque a\u00fan est\u00e1 por confirmar por la aemet, se han batido los valores extremos absolutos en julio de temperatura media de las m\u00e1ximas m\u00e1s altas, tambi\u00e9n la de temperatura media de las m\u00ednimas m\u00e1s alta y temperatura media. No solo de julio, tambi\u00e9n los de agosto desde que se tienen registros en el Aeropuerto, a\u00f1o 1942.<\/p>\n<p>Os paso a continuaci\u00f3n los valores extremos que ten\u00edamos anteriormente y los nuevos que pueden variar apenas una d\u00e9cima, seg\u00fan mis cuentas.<\/p>\n<p><strong>Temperatura media de las m\u00e1ximas m\u00e1s alta\u00a033.5 grados (agosto de 2020) <\/strong><\/p>\n<p><span style=\"color: #ff0000;\"><strong>Julio de 2023 temperatura media de las m\u00e1ximas m\u00e1s alta 34.3 grados<\/strong><\/span><\/p>\n<p><strong>Temperatura media de las m\u00ednimas m\u00e1s alta 23.8 grados (agosto de 2015) <\/strong><\/p>\n<p><span style=\"color: #ff0000;\"><strong>Julio de 2023 temperatura media de las m\u00ednimas m\u00e1s alta 24.6 grados\u00a0<\/strong><\/span><\/p>\n<p><strong>Temperatura media m\u00e1s alta\u00a028.3 grados (julio de 2015)<\/strong><\/p>\n<p><strong style=\"color: #ff0000;\">Julio de 2023 temperatura media 29.5 grados\u00a0<\/strong><\/p>\n<p>Si os fij\u00e1is m\u00e1s de un grado, impresionante.<\/p>\n<p style=\"text-align: justify;\">Tambi\u00e9n recordar que igualamos la temperatura m\u00e1xima del 18 de julio de 1978 con 44.2 grados y registramos la m\u00ednima m\u00e1s alta desde que se tienen registros con 31.6 grados, el anterior estaba en 29.4 grados, un 3 de agosto del a\u00f1o 1949.<\/p>\n<p style=\"text-align: justify;\">Hemos tenido un total de once terrales, cuatro han pasado de 40 grados, en agosto de 1950 tuvimos tres. Y por \u00faltimo tres avisos rojos.<\/p>\n<p style=\"text-align: justify;\">La estaci\u00f3n del Centro Meteorol\u00f3gico y el Puerto han batido tambi\u00e9n r\u00e9cords de las medias.<\/p>\n<p style=\"text-align: justify;\">A nivel de Espa\u00f1a y Andaluc\u00eda el mes de julio ha tenido<span style=\"color: #ff0000;\"><strong> dos episodios de calor intenso<\/strong><\/span> ( 10 a 12 de julio y 17 a 19 de julio\u00a0)<\/p>\n<p style=\"text-align: justify;\">La aemet cuando haga el estudio, determinara cuantas olas de calor hemos tenido en julio y la media de temperaturas con respecto a la serie. En cuanto lo tengan listo os informo.<\/p>\n<p>&nbsp;<\/p>\n<p>&nbsp;<\/p>\n","protected":false},"excerpt":{"rendered":"<p>Buenos d\u00edas, amigos de la meteo. Ya tenemos a nuestro amigo o enemigo malague\u00f1o el terral, desde primeras horas de la madrugada. Ha entrado con rachas moderadas de viento y la humedad bajo al 27%. Durante la madrugada la temperatura en el Aeropuerto ha rondado entre los 28 y 31 grados. Os paso las gr\u00e1ficas [&hellip;]<\/p>\n","protected":false},"author":16,"featured_media":37583,"comment_status":"open","ping_status":"open","sticky":false,"template":"","format":"standard","meta":[],"categories":[2],"tags":[81,100,151,587,1854,962,975,1052],"_links":{"self":[{"href":"https:\/\/blogs.diariosur.es\/tormentas-y-rayos\/wp-json\/wp\/v2\/posts\/37869"}],"collection":[{"href":"https:\/\/blogs.diariosur.es\/tormentas-y-rayos\/wp-json\/wp\/v2\/posts"}],"about":[{"href":"https:\/\/blogs.diariosur.es\/tormentas-y-rayos\/wp-json\/wp\/v2\/types\/post"}],"author":[{"embeddable":true,"href":"https:\/\/blogs.diariosur.es\/tormentas-y-rayos\/wp-json\/wp\/v2\/users\/16"}],"replies":[{"embeddable":true,"href":"https:\/\/blogs.diariosur.es\/tormentas-y-rayos\/wp-json\/wp\/v2\/comments?post=37869"}],"version-history":[{"count":16,"href":"https:\/\/blogs.diariosur.es\/tormentas-y-rayos\/wp-json\/wp\/v2\/posts\/37869\/revisions"}],"predecessor-version":[{"id":37938,"href":"https:\/\/blogs.diariosur.es\/tormentas-y-rayos\/wp-json\/wp\/v2\/posts\/37869\/revisions\/37938"}],"wp:featuredmedia":[{"embeddable":true,"href":"https:\/\/blogs.diariosur.es\/tormentas-y-rayos\/wp-json\/wp\/v2\/media\/37583"}],"wp:attachment":[{"href":"https:\/\/blogs.diariosur.es\/tormentas-y-rayos\/wp-json\/wp\/v2\/media?parent=37869"}],"wp:term":[{"taxonomy":"category","embeddable":true,"href":"https:\/\/blogs.diariosur.es\/tormentas-y-rayos\/wp-json\/wp\/v2\/categories?post=37869"},{"taxonomy":"post_tag","embeddable":true,"href":"https:\/\/blogs.diariosur.es\/tormentas-y-rayos\/wp-json\/wp\/v2\/tags?post=37869"}],"curies":[{"name":"wp","href":"https:\/\/api.w.org\/{rel}","templated":true}]}}