{"id":38106,"date":"2023-08-24T09:32:35","date_gmt":"2023-08-24T07:32:35","guid":{"rendered":"https:\/\/blogs.diariosur.es\/tormentas-y-rayos\/?p=38106"},"modified":"2026-03-13T10:48:34","modified_gmt":"2026-03-13T09:48:34","slug":"tendremos-terral-en-malaga-y-otras-zonas-se-pulverizan-valores-extremos-de-temperatura-en-el-norte-de-espana","status":"publish","type":"post","link":"https:\/\/blogs.diariosur.es\/tormentas-y-rayos\/2023\/08\/24\/tendremos-terral-en-malaga-y-otras-zonas-se-pulverizan-valores-extremos-de-temperatura-en-el-norte-de-espana\/","title":{"rendered":"\u00bfTendremos terral en M\u00e1laga y otras zonas? Se pulverizan valores extremos de temperatura en el norte de Espa\u00f1a"},"content":{"rendered":"<blockquote><p><a href=\"https:\/\/static-blogs.diariosur.es\/wp-content\/uploads\/sites\/12\/2023\/06\/66505616_10216972270637940_5684453640765440_n.jpg\"><img loading=\"lazy\" class=\"aligncenter size-thumbnail wp-image-37348\" src=\"https:\/\/static-blogs.diariosur.es\/wp-content\/uploads\/sites\/12\/2023\/06\/66505616_10216972270637940_5684453640765440_n-150x150.jpg\" alt=\"\" width=\"150\" height=\"150\" srcset=\"https:\/\/static-blogs.diariosur.es\/wp-content\/uploads\/sites\/12\/2023\/06\/66505616_10216972270637940_5684453640765440_n-150x150.jpg 150w, https:\/\/static-blogs.diariosur.es\/wp-content\/uploads\/sites\/12\/2023\/06\/66505616_10216972270637940_5684453640765440_n-400x400.jpg 400w, https:\/\/static-blogs.diariosur.es\/wp-content\/uploads\/sites\/12\/2023\/06\/66505616_10216972270637940_5684453640765440_n.jpg 768w\" sizes=\"(max-width: 150px) 100vw, 150px\" \/><\/a><\/p><\/blockquote>\n<p>&nbsp;<\/p>\n<p data-pm-slice=\"1 1 []\">Muy buenos d\u00edas, amigos de la meteo. Ayer mi\u00e9rcoles se batieron muchos r\u00e9cords extremos de temperatura m\u00e1xima en muchas zonas del norte, en algunos casos hasta por 2 y 3 grados. Destacar Bilbao Aeropuerto con 44 grados y Santander con 41.4 grados. En Bilbao Aeropuerto, el anterior valor extremo se dio el 26 de julio de 1947 con 42 grados. En Santander Aeropuerto ha sido una pasada; el anterior valor extremo se dio el 17 de septiembre de 1987 con 37.6 grados.<\/p>\n<p>Os paso las m\u00e1ximas m\u00e1s destacadas, fuente AEMET.<\/p>\n<p>&nbsp;<\/p>\n<p><a href=\"https:\/\/static-blogs.diariosur.es\/wp-content\/uploads\/sites\/12\/2023\/08\/1-2.jpg\"><img loading=\"lazy\" class=\"aligncenter size-full wp-image-38109\" src=\"https:\/\/static-blogs.diariosur.es\/wp-content\/uploads\/sites\/12\/2023\/08\/1-2.jpg\" alt=\"\" width=\"986\" height=\"279\" srcset=\"https:\/\/static-blogs.diariosur.es\/wp-content\/uploads\/sites\/12\/2023\/08\/1-2.jpg 986w, https:\/\/static-blogs.diariosur.es\/wp-content\/uploads\/sites\/12\/2023\/08\/1-2-640x181.jpg 640w, https:\/\/static-blogs.diariosur.es\/wp-content\/uploads\/sites\/12\/2023\/08\/1-2-768x217.jpg 768w\" sizes=\"(max-width: 986px) 100vw, 986px\" \/><\/a> <a href=\"https:\/\/static-blogs.diariosur.es\/wp-content\/uploads\/sites\/12\/2023\/08\/Captura-de-pantalla-2023-08-24-073227.jpg\"><img loading=\"lazy\" class=\"aligncenter size-full wp-image-38110\" src=\"https:\/\/static-blogs.diariosur.es\/wp-content\/uploads\/sites\/12\/2023\/08\/Captura-de-pantalla-2023-08-24-073227.jpg\" alt=\"\" width=\"988\" height=\"284\" srcset=\"https:\/\/static-blogs.diariosur.es\/wp-content\/uploads\/sites\/12\/2023\/08\/Captura-de-pantalla-2023-08-24-073227.jpg 988w, https:\/\/static-blogs.diariosur.es\/wp-content\/uploads\/sites\/12\/2023\/08\/Captura-de-pantalla-2023-08-24-073227-640x184.jpg 640w, https:\/\/static-blogs.diariosur.es\/wp-content\/uploads\/sites\/12\/2023\/08\/Captura-de-pantalla-2023-08-24-073227-768x221.jpg 768w\" sizes=\"(max-width: 988px) 100vw, 988px\" \/><\/a> <a href=\"https:\/\/static-blogs.diariosur.es\/wp-content\/uploads\/sites\/12\/2023\/08\/Captura-de-pantalla-2023-08-24-073300.jpg\"><img loading=\"lazy\" class=\"aligncenter size-full wp-image-38111\" src=\"https:\/\/static-blogs.diariosur.es\/wp-content\/uploads\/sites\/12\/2023\/08\/Captura-de-pantalla-2023-08-24-073300.jpg\" alt=\"\" width=\"991\" height=\"287\" srcset=\"https:\/\/static-blogs.diariosur.es\/wp-content\/uploads\/sites\/12\/2023\/08\/Captura-de-pantalla-2023-08-24-073300.jpg 991w, https:\/\/static-blogs.diariosur.es\/wp-content\/uploads\/sites\/12\/2023\/08\/Captura-de-pantalla-2023-08-24-073300-640x185.jpg 640w, https:\/\/static-blogs.diariosur.es\/wp-content\/uploads\/sites\/12\/2023\/08\/Captura-de-pantalla-2023-08-24-073300-768x222.jpg 768w\" sizes=\"(max-width: 991px) 100vw, 991px\" \/><\/a> <a href=\"https:\/\/static-blogs.diariosur.es\/wp-content\/uploads\/sites\/12\/2023\/08\/Captura-de-pantalla-2023-08-24-073330.jpg\"><img loading=\"lazy\" class=\"aligncenter size-full wp-image-38112\" src=\"https:\/\/static-blogs.diariosur.es\/wp-content\/uploads\/sites\/12\/2023\/08\/Captura-de-pantalla-2023-08-24-073330.jpg\" alt=\"\" width=\"986\" height=\"287\" srcset=\"https:\/\/static-blogs.diariosur.es\/wp-content\/uploads\/sites\/12\/2023\/08\/Captura-de-pantalla-2023-08-24-073330.jpg 986w, https:\/\/static-blogs.diariosur.es\/wp-content\/uploads\/sites\/12\/2023\/08\/Captura-de-pantalla-2023-08-24-073330-640x186.jpg 640w, https:\/\/static-blogs.diariosur.es\/wp-content\/uploads\/sites\/12\/2023\/08\/Captura-de-pantalla-2023-08-24-073330-768x224.jpg 768w\" sizes=\"(max-width: 986px) 100vw, 986px\" \/><\/a><a href=\"https:\/\/static-blogs.diariosur.es\/wp-content\/uploads\/sites\/12\/2023\/08\/Captura-de-pantalla-2023-08-24-073406.jpg\"><img loading=\"lazy\" class=\"aligncenter size-full wp-image-38113\" src=\"https:\/\/static-blogs.diariosur.es\/wp-content\/uploads\/sites\/12\/2023\/08\/Captura-de-pantalla-2023-08-24-073406.jpg\" alt=\"\" width=\"989\" height=\"283\" srcset=\"https:\/\/static-blogs.diariosur.es\/wp-content\/uploads\/sites\/12\/2023\/08\/Captura-de-pantalla-2023-08-24-073406.jpg 989w, https:\/\/static-blogs.diariosur.es\/wp-content\/uploads\/sites\/12\/2023\/08\/Captura-de-pantalla-2023-08-24-073406-640x183.jpg 640w, https:\/\/static-blogs.diariosur.es\/wp-content\/uploads\/sites\/12\/2023\/08\/Captura-de-pantalla-2023-08-24-073406-768x220.jpg 768w\" sizes=\"(max-width: 989px) 100vw, 989px\" \/><\/a> <a href=\"https:\/\/static-blogs.diariosur.es\/wp-content\/uploads\/sites\/12\/2023\/08\/Captura-de-pantalla-2023-08-24-073439.jpg\"><img loading=\"lazy\" class=\"aligncenter size-full wp-image-38114\" src=\"https:\/\/static-blogs.diariosur.es\/wp-content\/uploads\/sites\/12\/2023\/08\/Captura-de-pantalla-2023-08-24-073439.jpg\" alt=\"\" width=\"988\" height=\"289\" srcset=\"https:\/\/static-blogs.diariosur.es\/wp-content\/uploads\/sites\/12\/2023\/08\/Captura-de-pantalla-2023-08-24-073439.jpg 988w, https:\/\/static-blogs.diariosur.es\/wp-content\/uploads\/sites\/12\/2023\/08\/Captura-de-pantalla-2023-08-24-073439-640x187.jpg 640w, https:\/\/static-blogs.diariosur.es\/wp-content\/uploads\/sites\/12\/2023\/08\/Captura-de-pantalla-2023-08-24-073439-768x225.jpg 768w\" sizes=\"(max-width: 988px) 100vw, 988px\" \/><\/a> <a href=\"https:\/\/static-blogs.diariosur.es\/wp-content\/uploads\/sites\/12\/2023\/08\/Captura-de-pantalla-2023-08-24-073515.jpg\"><img loading=\"lazy\" class=\"aligncenter size-full wp-image-38115\" src=\"https:\/\/static-blogs.diariosur.es\/wp-content\/uploads\/sites\/12\/2023\/08\/Captura-de-pantalla-2023-08-24-073515.jpg\" alt=\"\" width=\"994\" height=\"289\" srcset=\"https:\/\/static-blogs.diariosur.es\/wp-content\/uploads\/sites\/12\/2023\/08\/Captura-de-pantalla-2023-08-24-073515.jpg 994w, https:\/\/static-blogs.diariosur.es\/wp-content\/uploads\/sites\/12\/2023\/08\/Captura-de-pantalla-2023-08-24-073515-640x186.jpg 640w, https:\/\/static-blogs.diariosur.es\/wp-content\/uploads\/sites\/12\/2023\/08\/Captura-de-pantalla-2023-08-24-073515-768x223.jpg 768w\" sizes=\"(max-width: 994px) 100vw, 994px\" \/><\/a><\/p>\n<p>&nbsp;<\/p>\n<p>Hoy jueves se activan avisos rojos por altas temperaturas de 42 grados en la Ribera del Ebro en la Rioja y en la de Zaragoza. Os paso el mapa de avisos para hoy elaborado por la aemet.<\/p>\n<p>&nbsp;<\/p>\n<p><a href=\"https:\/\/static-blogs.diariosur.es\/wp-content\/uploads\/sites\/12\/2023\/08\/Captura-de-pantalla-2023-08-24-075456.jpg\"><img loading=\"lazy\" class=\"aligncenter size-full wp-image-38117\" src=\"https:\/\/static-blogs.diariosur.es\/wp-content\/uploads\/sites\/12\/2023\/08\/Captura-de-pantalla-2023-08-24-075456.jpg\" alt=\"\" width=\"691\" height=\"546\" srcset=\"https:\/\/static-blogs.diariosur.es\/wp-content\/uploads\/sites\/12\/2023\/08\/Captura-de-pantalla-2023-08-24-075456.jpg 691w, https:\/\/static-blogs.diariosur.es\/wp-content\/uploads\/sites\/12\/2023\/08\/Captura-de-pantalla-2023-08-24-075456-506x400.jpg 506w\" sizes=\"(max-width: 691px) 100vw, 691px\" \/><\/a><\/p>\n<p>&nbsp;<\/p>\n<h3><span style=\"color: #ff0000;\"><strong>Llega la ola de calor. \u00bfTendremos terral en la provincia de M\u00e1laga?<\/strong><\/span><\/h3>\n<p>&nbsp;<\/p>\n<p data-pm-slice=\"1 1 []\"><strong>Hoy jueves<\/strong> se espera una subida de temperaturas m\u00e1ximas en la comarca de Antequera; si estos d\u00edas pasados de la ola de calor no han sobrepasado los 34 grados, hoy es probable que las temperaturas m\u00e1ximas ronden entre los 35 y 37 grados. En las dem\u00e1s zonas de la provincia malague\u00f1a, entre los 28 y 35 grados. No espero terral en la capital malague\u00f1a. Os paso las temperaturas m\u00e1ximas que prev\u00e9 la aemet.<\/p>\n<p>&nbsp;<\/p>\n<p><a href=\"https:\/\/static-blogs.diariosur.es\/wp-content\/uploads\/sites\/12\/2023\/08\/jueves.jpg\"><img loading=\"lazy\" class=\"aligncenter size-full wp-image-38118\" src=\"https:\/\/static-blogs.diariosur.es\/wp-content\/uploads\/sites\/12\/2023\/08\/jueves.jpg\" alt=\"\" width=\"692\" height=\"552\" srcset=\"https:\/\/static-blogs.diariosur.es\/wp-content\/uploads\/sites\/12\/2023\/08\/jueves.jpg 692w, https:\/\/static-blogs.diariosur.es\/wp-content\/uploads\/sites\/12\/2023\/08\/jueves-501x400.jpg 501w\" sizes=\"(max-width: 692px) 100vw, 692px\" \/><\/a><\/p>\n<p style=\"text-align: justify;\"><strong>Ma\u00f1ana viernes<\/strong> las temperaturas m\u00e1ximas subir\u00e1n en toda la provincia malague\u00f1a, sobre todo en las comarcas de Antequera y Ronda, aqui se activa el aviso naranja y amarillo por m\u00e1ximas de 38 y 40 grados. En el interior del Valle del Guadalhorce rondaran entre los 37 y 41 grados, de momento esta zona no esta en aviso. En las dem\u00e1s zonas de la provincia malague\u00f1a las temperaturas m\u00e1ximas entre los 28 y 36 grados. No espero terral en la capital, es probable en el Valle del Guadalhorce. Os paso las temperaturas m\u00e1ximas que prev\u00e9 la aemet.<\/p>\n<p>&nbsp;<\/p>\n<p><a href=\"https:\/\/static-blogs.diariosur.es\/wp-content\/uploads\/sites\/12\/2023\/08\/viernes.jpg\"><img loading=\"lazy\" class=\"aligncenter size-full wp-image-38119\" src=\"https:\/\/static-blogs.diariosur.es\/wp-content\/uploads\/sites\/12\/2023\/08\/viernes.jpg\" alt=\"\" width=\"693\" height=\"542\" srcset=\"https:\/\/static-blogs.diariosur.es\/wp-content\/uploads\/sites\/12\/2023\/08\/viernes.jpg 693w, https:\/\/static-blogs.diariosur.es\/wp-content\/uploads\/sites\/12\/2023\/08\/viernes-511x400.jpg 511w\" sizes=\"(max-width: 693px) 100vw, 693px\" \/><\/a><\/p>\n<p>&nbsp;<\/p>\n<p>&nbsp;<\/p>\n<p data-pm-slice=\"1 1 []\"><strong>El s\u00e1bado<\/strong> no espero terral en la capital malague\u00f1a, salvo sorpresas, y no entren brisas marinas. Las temperaturas m\u00e1s altas se registrar\u00e1n por el interior del valle del Guadalhorce, donde tendr\u00e1n terral. En comarcas de Ronda y Antequera las m\u00e1ximas rondar\u00e1n los 38 y 39 grados. Os paso las temperaturas m\u00e1ximas que prev\u00e9 la AEMET.<\/p>\n<p>&nbsp;<\/p>\n<p>&nbsp;<\/p>\n<p>&nbsp;<\/p>\n<p>&nbsp;<\/p>\n<p><a href=\"https:\/\/static-blogs.diariosur.es\/wp-content\/uploads\/sites\/12\/2023\/08\/sabado-1.jpg\"><img loading=\"lazy\" class=\"aligncenter size-full wp-image-38120\" src=\"https:\/\/static-blogs.diariosur.es\/wp-content\/uploads\/sites\/12\/2023\/08\/sabado-1.jpg\" alt=\"\" width=\"697\" height=\"550\" srcset=\"https:\/\/static-blogs.diariosur.es\/wp-content\/uploads\/sites\/12\/2023\/08\/sabado-1.jpg 697w, https:\/\/static-blogs.diariosur.es\/wp-content\/uploads\/sites\/12\/2023\/08\/sabado-1-507x400.jpg 507w\" sizes=\"(max-width: 697px) 100vw, 697px\" \/><\/a><\/p>\n<p>&nbsp;<\/p>\n<p style=\"text-align: justify;\"><strong>El domingo<\/strong> el protagonista ser\u00e1 el viento de poniente, que soplar\u00e1 con rachas fuertes en toda la costa malague\u00f1a. En las zonas habituales donde entre de tierra ser\u00e1 terral, pero muy suave en cuanto a temperaturas, <strong>no creo que se sobrepasen los 32 y 33 grados<\/strong>. Nos llega una masa de aire fresca que har\u00e1 bajar tambi\u00e9n las temperaturas m\u00e1ximas y m\u00ednimas en toda Andaluc\u00eda.<\/p>\n<p>&nbsp;<\/p>\n<p><a href=\"https:\/\/static-blogs.diariosur.es\/wp-content\/uploads\/sites\/12\/2023\/08\/domingo-1.jpg\"><img loading=\"lazy\" class=\"aligncenter size-full wp-image-38121\" src=\"https:\/\/static-blogs.diariosur.es\/wp-content\/uploads\/sites\/12\/2023\/08\/domingo-1.jpg\" alt=\"\" width=\"691\" height=\"548\" srcset=\"https:\/\/static-blogs.diariosur.es\/wp-content\/uploads\/sites\/12\/2023\/08\/domingo-1.jpg 691w, https:\/\/static-blogs.diariosur.es\/wp-content\/uploads\/sites\/12\/2023\/08\/domingo-1-504x400.jpg 504w\" sizes=\"(max-width: 691px) 100vw, 691px\" \/><\/a><\/p>\n<p data-pm-slice=\"1 1 []\">Al final, la cuarta ola de calor pasar\u00e1 de puntillas por la provincia de M\u00e1laga, como dice mi amigo Crist\u00f3bal Gambero, siempre comparando con lo que se ha dado desde el domingo en otras zonas de Espa\u00f1a.<\/p>\n<p>Os dejo con este fot\u00f3n de Mijas Pueblo de Alejandra Gambero.<\/p>\n<p>&nbsp;<\/p>\n<p>&nbsp;<\/p>\n<p style=\"text-align: justify;\"><a href=\"https:\/\/static-blogs.diariosur.es\/wp-content\/uploads\/sites\/12\/2023\/08\/369520650_6433906343324972_2851156586313288302_n-e1692862167850.jpg\"><img loading=\"lazy\" class=\"aligncenter size-full wp-image-38122\" src=\"https:\/\/static-blogs.diariosur.es\/wp-content\/uploads\/sites\/12\/2023\/08\/369520650_6433906343324972_2851156586313288302_n-e1692862167850.jpg\" alt=\"\" width=\"900\" height=\"506\" \/><\/a><\/p>\n<p>&nbsp;<\/p>\n","protected":false},"excerpt":{"rendered":"<p>&nbsp; Muy buenos d\u00edas, amigos de la meteo. Ayer mi\u00e9rcoles se batieron muchos r\u00e9cords extremos de temperatura m\u00e1xima en muchas zonas del norte, en algunos casos hasta por 2 y 3 grados. Destacar Bilbao Aeropuerto con 44 grados y Santander con 41.4 grados. En Bilbao Aeropuerto, el anterior valor extremo se dio el 26 de [&hellip;]<\/p>\n","protected":false},"author":16,"featured_media":38122,"comment_status":"open","ping_status":"open","sticky":false,"template":"","format":"standard","meta":[],"categories":[2],"tags":[81,100,151,212,587,676,732,962],"_links":{"self":[{"href":"https:\/\/blogs.diariosur.es\/tormentas-y-rayos\/wp-json\/wp\/v2\/posts\/38106"}],"collection":[{"href":"https:\/\/blogs.diariosur.es\/tormentas-y-rayos\/wp-json\/wp\/v2\/posts"}],"about":[{"href":"https:\/\/blogs.diariosur.es\/tormentas-y-rayos\/wp-json\/wp\/v2\/types\/post"}],"author":[{"embeddable":true,"href":"https:\/\/blogs.diariosur.es\/tormentas-y-rayos\/wp-json\/wp\/v2\/users\/16"}],"replies":[{"embeddable":true,"href":"https:\/\/blogs.diariosur.es\/tormentas-y-rayos\/wp-json\/wp\/v2\/comments?post=38106"}],"version-history":[{"count":11,"href":"https:\/\/blogs.diariosur.es\/tormentas-y-rayos\/wp-json\/wp\/v2\/posts\/38106\/revisions"}],"predecessor-version":[{"id":49477,"href":"https:\/\/blogs.diariosur.es\/tormentas-y-rayos\/wp-json\/wp\/v2\/posts\/38106\/revisions\/49477"}],"wp:featuredmedia":[{"embeddable":true,"href":"https:\/\/blogs.diariosur.es\/tormentas-y-rayos\/wp-json\/wp\/v2\/media\/38122"}],"wp:attachment":[{"href":"https:\/\/blogs.diariosur.es\/tormentas-y-rayos\/wp-json\/wp\/v2\/media?parent=38106"}],"wp:term":[{"taxonomy":"category","embeddable":true,"href":"https:\/\/blogs.diariosur.es\/tormentas-y-rayos\/wp-json\/wp\/v2\/categories?post=38106"},{"taxonomy":"post_tag","embeddable":true,"href":"https:\/\/blogs.diariosur.es\/tormentas-y-rayos\/wp-json\/wp\/v2\/tags?post=38106"}],"curies":[{"name":"wp","href":"https:\/\/api.w.org\/{rel}","templated":true}]}}