{"id":38148,"date":"2023-08-27T00:00:33","date_gmt":"2023-08-26T22:00:33","guid":{"rendered":"https:\/\/blogs.diariosur.es\/tormentas-y-rayos\/?p=38148"},"modified":"2026-03-13T10:42:10","modified_gmt":"2026-03-13T09:42:10","slug":"el-tiempo-en-la-provincia-de-malaga-aviso-amarillo-por-viento","status":"publish","type":"post","link":"https:\/\/blogs.diariosur.es\/tormentas-y-rayos\/2023\/08\/27\/el-tiempo-en-la-provincia-de-malaga-aviso-amarillo-por-viento\/","title":{"rendered":"El tiempo en la provincia de M\u00e1laga. Aviso amarillo por viento."},"content":{"rendered":"<p><a href=\"https:\/\/static-blogs.diariosur.es\/wp-content\/uploads\/sites\/12\/2023\/06\/66505616_10216972270637940_5684453640765440_n-2.jpg\"><img loading=\"lazy\" class=\"aligncenter size-thumbnail wp-image-37376\" src=\"https:\/\/static-blogs.diariosur.es\/wp-content\/uploads\/sites\/12\/2023\/06\/66505616_10216972270637940_5684453640765440_n-2-150x150.jpg\" alt=\"\" width=\"150\" height=\"150\" srcset=\"https:\/\/static-blogs.diariosur.es\/wp-content\/uploads\/sites\/12\/2023\/06\/66505616_10216972270637940_5684453640765440_n-2-150x150.jpg 150w, https:\/\/static-blogs.diariosur.es\/wp-content\/uploads\/sites\/12\/2023\/06\/66505616_10216972270637940_5684453640765440_n-2-400x400.jpg 400w, https:\/\/static-blogs.diariosur.es\/wp-content\/uploads\/sites\/12\/2023\/06\/66505616_10216972270637940_5684453640765440_n-2.jpg 768w\" sizes=\"(max-width: 150px) 100vw, 150px\" \/><\/a><\/p>\n<p data-pm-slice=\"1 1 []\">Muy buenas noches, amigos de la meteo. La AEMET activa para ma\u00f1ana domingo el aviso amarillo por viento del noroeste en la costa de M\u00e1laga. Las rachas de viento pueden llegar a los 70 km\/h. Tambi\u00e9n se activa por fen\u00f3menos costeros en la Axarqu\u00eda. En cuanto a las temperaturas no ser\u00e1n tal altas como hoy.<\/p>\n<p>Lo que ha pasado hoy en la provincia malague\u00f1a no lo esperaba ning\u00fan modelo y, por supuesto, yo tampoco. El revent\u00f3n c\u00e1lido ha dejado rachas de viento fuertes en toda la provincia, incluso algunas gotas.<\/p>\n<p>Poco m\u00e1s que contar.<\/p>\n<p>&nbsp;<\/p>\n<p>&nbsp;<\/p>\n","protected":false},"excerpt":{"rendered":"<p>Muy buenas noches, amigos de la meteo. La AEMET activa para ma\u00f1ana domingo el aviso amarillo por viento del noroeste en la costa de M\u00e1laga. Las rachas de viento pueden llegar a los 70 km\/h. Tambi\u00e9n se activa por fen\u00f3menos costeros en la Axarqu\u00eda. En cuanto a las temperaturas no ser\u00e1n tal altas como hoy. [&hellip;]<\/p>\n","protected":false},"author":16,"featured_media":37399,"comment_status":"open","ping_status":"open","sticky":false,"template":"","format":"standard","meta":[],"categories":[2],"tags":[94,151,358,587,1059],"_links":{"self":[{"href":"https:\/\/blogs.diariosur.es\/tormentas-y-rayos\/wp-json\/wp\/v2\/posts\/38148"}],"collection":[{"href":"https:\/\/blogs.diariosur.es\/tormentas-y-rayos\/wp-json\/wp\/v2\/posts"}],"about":[{"href":"https:\/\/blogs.diariosur.es\/tormentas-y-rayos\/wp-json\/wp\/v2\/types\/post"}],"author":[{"embeddable":true,"href":"https:\/\/blogs.diariosur.es\/tormentas-y-rayos\/wp-json\/wp\/v2\/users\/16"}],"replies":[{"embeddable":true,"href":"https:\/\/blogs.diariosur.es\/tormentas-y-rayos\/wp-json\/wp\/v2\/comments?post=38148"}],"version-history":[{"count":2,"href":"https:\/\/blogs.diariosur.es\/tormentas-y-rayos\/wp-json\/wp\/v2\/posts\/38148\/revisions"}],"predecessor-version":[{"id":49475,"href":"https:\/\/blogs.diariosur.es\/tormentas-y-rayos\/wp-json\/wp\/v2\/posts\/38148\/revisions\/49475"}],"wp:featuredmedia":[{"embeddable":true,"href":"https:\/\/blogs.diariosur.es\/tormentas-y-rayos\/wp-json\/wp\/v2\/media\/37399"}],"wp:attachment":[{"href":"https:\/\/blogs.diariosur.es\/tormentas-y-rayos\/wp-json\/wp\/v2\/media?parent=38148"}],"wp:term":[{"taxonomy":"category","embeddable":true,"href":"https:\/\/blogs.diariosur.es\/tormentas-y-rayos\/wp-json\/wp\/v2\/categories?post=38148"},{"taxonomy":"post_tag","embeddable":true,"href":"https:\/\/blogs.diariosur.es\/tormentas-y-rayos\/wp-json\/wp\/v2\/tags?post=38148"}],"curies":[{"name":"wp","href":"https:\/\/api.w.org\/{rel}","templated":true}]}}