{"id":38166,"date":"2023-08-29T07:53:36","date_gmt":"2023-08-29T05:53:36","guid":{"rendered":"https:\/\/blogs.diariosur.es\/tormentas-y-rayos\/?p=38166"},"modified":"2026-03-13T08:16:07","modified_gmt":"2026-03-13T07:16:07","slug":"danas-incertidumbres-e-inteligencia-artificial-por-angel-rivera-minima-mas-baja-desde-el-22-de-junio-en-el-aeropuerto-de-malaga","status":"publish","type":"post","link":"https:\/\/blogs.diariosur.es\/tormentas-y-rayos\/2023\/08\/29\/danas-incertidumbres-e-inteligencia-artificial-por-angel-rivera-minima-mas-baja-desde-el-22-de-junio-en-el-aeropuerto-de-malaga\/","title":{"rendered":"Danas, incertidumbres e Inteligencia Artificial por \u00c1ngel Rivera. M\u00ednima m\u00e1s baja desde el 22 de junio en el Aeropuerto de M\u00e1laga"},"content":{"rendered":"<p><a href=\"https:\/\/static-blogs.diariosur.es\/wp-content\/uploads\/sites\/12\/2023\/06\/66505616_10216972270637940_5684453640765440_n.jpg\"><img loading=\"lazy\" class=\"aligncenter size-thumbnail wp-image-37348\" src=\"https:\/\/static-blogs.diariosur.es\/wp-content\/uploads\/sites\/12\/2023\/06\/66505616_10216972270637940_5684453640765440_n-150x150.jpg\" alt=\"\" width=\"150\" height=\"150\" srcset=\"https:\/\/static-blogs.diariosur.es\/wp-content\/uploads\/sites\/12\/2023\/06\/66505616_10216972270637940_5684453640765440_n-150x150.jpg 150w, https:\/\/static-blogs.diariosur.es\/wp-content\/uploads\/sites\/12\/2023\/06\/66505616_10216972270637940_5684453640765440_n-400x400.jpg 400w, https:\/\/static-blogs.diariosur.es\/wp-content\/uploads\/sites\/12\/2023\/06\/66505616_10216972270637940_5684453640765440_n.jpg 768w\" sizes=\"(max-width: 150px) 100vw, 150px\" \/><\/a><\/p>\n<p data-pm-slice=\"1 1 []\">Muy buenos d\u00edas, amigos de la meteo. Antes de dejaros con mi amigo \u00c1ngel Rivera, os comento un par de cosas. El Aeropuerto de M\u00e1laga ha dado una m\u00ednima de 20,4 grados; desde el 24 de junio no se daba una m\u00ednima tan baja. Y por \u00faltimo, la temperatura del agua del mar en la playa de La Misericordia es de 24.4 grados.<\/p>\n<p>Esta tarde actualizar\u00e9 nuevamente el blog, para daros la \u00faltima hora de la dana y probables acumulados de precipitaci\u00f3n en Andaluc\u00eda. Pero antes quiero que le\u00e1is este interesante art\u00edculo de mi amigo \u00c1ngel Rivera. Toca leer y aprender.<\/p>\n<h3><a href=\"https:\/\/eneltiempo-angelrivera.blogspot.com\/2023\/08\/danas-incertidumbres-e-inteligencia.html?fbclid=IwAR2BGLMQKz1wzpLE7kj66eCauZ3T7YN2CtZPlpb_ESTdekEt0OwN7RujkOc\" rel=\"external nofollow\"><span style=\"color: #0000ff;\"><strong>Danas, incertidumbres e Inteligencia Artificial<\/strong><\/span><\/a><\/h3>\n<p>Espero que os haya gustado el articulo, os veo esta tarde con la \u00faltima hora de la dana. Pueden caer 0 litros o un mont\u00f3n<\/p>\n<p>&nbsp;<\/p>\n<p>&nbsp;<\/p>\n","protected":false},"excerpt":{"rendered":"<p>Muy buenos d\u00edas, amigos de la meteo. Antes de dejaros con mi amigo \u00c1ngel Rivera, os comento un par de cosas. El Aeropuerto de M\u00e1laga ha dado una m\u00ednima de 20,4 grados; desde el 24 de junio no se daba una m\u00ednima tan baja. Y por \u00faltimo, la temperatura del agua del mar en la [&hellip;]<\/p>\n","protected":false},"author":16,"featured_media":38170,"comment_status":"open","ping_status":"open","sticky":false,"template":"","format":"standard","meta":[],"categories":[2],"tags":[100,307,431,459,569,587],"_links":{"self":[{"href":"https:\/\/blogs.diariosur.es\/tormentas-y-rayos\/wp-json\/wp\/v2\/posts\/38166"}],"collection":[{"href":"https:\/\/blogs.diariosur.es\/tormentas-y-rayos\/wp-json\/wp\/v2\/posts"}],"about":[{"href":"https:\/\/blogs.diariosur.es\/tormentas-y-rayos\/wp-json\/wp\/v2\/types\/post"}],"author":[{"embeddable":true,"href":"https:\/\/blogs.diariosur.es\/tormentas-y-rayos\/wp-json\/wp\/v2\/users\/16"}],"replies":[{"embeddable":true,"href":"https:\/\/blogs.diariosur.es\/tormentas-y-rayos\/wp-json\/wp\/v2\/comments?post=38166"}],"version-history":[{"count":5,"href":"https:\/\/blogs.diariosur.es\/tormentas-y-rayos\/wp-json\/wp\/v2\/posts\/38166\/revisions"}],"predecessor-version":[{"id":49472,"href":"https:\/\/blogs.diariosur.es\/tormentas-y-rayos\/wp-json\/wp\/v2\/posts\/38166\/revisions\/49472"}],"wp:featuredmedia":[{"embeddable":true,"href":"https:\/\/blogs.diariosur.es\/tormentas-y-rayos\/wp-json\/wp\/v2\/media\/38170"}],"wp:attachment":[{"href":"https:\/\/blogs.diariosur.es\/tormentas-y-rayos\/wp-json\/wp\/v2\/media?parent=38166"}],"wp:term":[{"taxonomy":"category","embeddable":true,"href":"https:\/\/blogs.diariosur.es\/tormentas-y-rayos\/wp-json\/wp\/v2\/categories?post=38166"},{"taxonomy":"post_tag","embeddable":true,"href":"https:\/\/blogs.diariosur.es\/tormentas-y-rayos\/wp-json\/wp\/v2\/tags?post=38166"}],"curies":[{"name":"wp","href":"https:\/\/api.w.org\/{rel}","templated":true}]}}