{"id":38174,"date":"2023-08-30T08:51:14","date_gmt":"2023-08-30T06:51:14","guid":{"rendered":"https:\/\/blogs.diariosur.es\/tormentas-y-rayos\/?p=38174"},"modified":"2026-03-13T08:14:42","modified_gmt":"2026-03-13T07:14:42","slug":"ultima-hora-de-la-punetera-dana-en-andalucia","status":"publish","type":"post","link":"https:\/\/blogs.diariosur.es\/tormentas-y-rayos\/2023\/08\/30\/ultima-hora-de-la-punetera-dana-en-andalucia\/","title":{"rendered":"\u00daltima hora de la pu\u00f1etera Dana en Andaluc\u00eda."},"content":{"rendered":"<p><a href=\"https:\/\/static-blogs.diariosur.es\/wp-content\/uploads\/sites\/12\/2023\/06\/66505616_10216972270637940_5684453640765440_n.jpg\"><img loading=\"lazy\" class=\"aligncenter size-thumbnail wp-image-37348\" src=\"https:\/\/static-blogs.diariosur.es\/wp-content\/uploads\/sites\/12\/2023\/06\/66505616_10216972270637940_5684453640765440_n-150x150.jpg\" alt=\"\" width=\"150\" height=\"150\" srcset=\"https:\/\/static-blogs.diariosur.es\/wp-content\/uploads\/sites\/12\/2023\/06\/66505616_10216972270637940_5684453640765440_n-150x150.jpg 150w, https:\/\/static-blogs.diariosur.es\/wp-content\/uploads\/sites\/12\/2023\/06\/66505616_10216972270637940_5684453640765440_n-400x400.jpg 400w, https:\/\/static-blogs.diariosur.es\/wp-content\/uploads\/sites\/12\/2023\/06\/66505616_10216972270637940_5684453640765440_n.jpg 768w\" sizes=\"(max-width: 150px) 100vw, 150px\" \/><\/a><\/p>\n<p data-pm-slice=\"1 1 []\">Muy buenos d\u00edas, amigos de la meteo. Perdona por lo de pu\u00f1etera, pero la dana nos trae de cabeza a los andaluces. En cada actualizaci\u00f3n de los principales modelos da unos acumulados de lluvias diferentes e incluso apenas nada para algunas provincias andaluzas. Lo que s\u00ed est\u00e1 m\u00e1s claro es que se situar\u00e1 en el Cabo de San Vicente a primeras horas de la ma\u00f1ana del domingo, pero simplemente si se sit\u00faa <strong>100 km a la derecha o a la izquierda,<\/strong> puede llover mucho en algunas provincias y en otras nada.<\/p>\n<p>Os paso el mapa a 500 hPa del modelo americano y europeo.<\/p>\n<p>&nbsp;<\/p>\n<p><a href=\"https:\/\/static-blogs.diariosur.es\/wp-content\/uploads\/sites\/12\/2023\/08\/amaericano.gif\"><img loading=\"lazy\" class=\"aligncenter size-full wp-image-38175\" src=\"https:\/\/static-blogs.diariosur.es\/wp-content\/uploads\/sites\/12\/2023\/08\/amaericano.gif\" alt=\"\" width=\"768\" height=\"768\" \/><\/a><\/p>\n<p>&nbsp;<\/p>\n<p><a href=\"https:\/\/static-blogs.diariosur.es\/wp-content\/uploads\/sites\/12\/2023\/08\/zzz.jpg\"><img loading=\"lazy\" class=\"aligncenter size-full wp-image-38178\" src=\"https:\/\/static-blogs.diariosur.es\/wp-content\/uploads\/sites\/12\/2023\/08\/zzz.jpg\" alt=\"\" width=\"774\" height=\"821\" srcset=\"https:\/\/static-blogs.diariosur.es\/wp-content\/uploads\/sites\/12\/2023\/08\/zzz.jpg 774w, https:\/\/static-blogs.diariosur.es\/wp-content\/uploads\/sites\/12\/2023\/08\/zzz-377x400.jpg 377w, https:\/\/static-blogs.diariosur.es\/wp-content\/uploads\/sites\/12\/2023\/08\/zzz-768x815.jpg 768w\" sizes=\"(max-width: 774px) 100vw, 774px\" \/><\/a><\/p>\n<p>&nbsp;<\/p>\n<p>&nbsp;<\/p>\n<p>&nbsp;<\/p>\n<p data-pm-slice=\"1 1 []\">Una vez se posicione en el Cabo de San Vicente, el modelo americano la mueve para un lado y el europeo para otro; eso trae consigo m\u00e1s incertidumbre con las lluvias del lunes y martes.<\/p>\n<p>&nbsp;<\/p>\n<p>A d\u00eda de hoy, los principales modelos dan estos acumulados desde el domingo al martes, pero seguro que ma\u00f1ana dar\u00e1n otros. El americano da buenos acumulados en la provincia malague\u00f1a; ma\u00f1ana es muy probable que sea otra provincia la m\u00e1s beneficiada.<\/p>\n<p><strong>MODELO AMERICANO<\/strong><\/p>\n<p>El martes de momento no dar\u00eda lluvias. Estos acumulados son del domingo y lunes.<\/p>\n<p>&nbsp;<\/p>\n<p>&nbsp;<\/p>\n<p><a href=\"https:\/\/static-blogs.diariosur.es\/wp-content\/uploads\/sites\/12\/2023\/08\/1-3.jpg\"><img loading=\"lazy\" class=\"aligncenter size-full wp-image-38176\" src=\"https:\/\/static-blogs.diariosur.es\/wp-content\/uploads\/sites\/12\/2023\/08\/1-3.jpg\" alt=\"\" width=\"780\" height=\"815\" srcset=\"https:\/\/static-blogs.diariosur.es\/wp-content\/uploads\/sites\/12\/2023\/08\/1-3.jpg 780w, https:\/\/static-blogs.diariosur.es\/wp-content\/uploads\/sites\/12\/2023\/08\/1-3-383x400.jpg 383w, https:\/\/static-blogs.diariosur.es\/wp-content\/uploads\/sites\/12\/2023\/08\/1-3-768x802.jpg 768w\" sizes=\"(max-width: 780px) 100vw, 780px\" \/><\/a><\/p>\n<p>&nbsp;<\/p>\n<p><a href=\"https:\/\/static-blogs.diariosur.es\/wp-content\/uploads\/sites\/12\/2023\/08\/2-4.jpg\"><img loading=\"lazy\" class=\"aligncenter size-full wp-image-38177\" src=\"https:\/\/static-blogs.diariosur.es\/wp-content\/uploads\/sites\/12\/2023\/08\/2-4.jpg\" alt=\"\" width=\"776\" height=\"808\" srcset=\"https:\/\/static-blogs.diariosur.es\/wp-content\/uploads\/sites\/12\/2023\/08\/2-4.jpg 776w, https:\/\/static-blogs.diariosur.es\/wp-content\/uploads\/sites\/12\/2023\/08\/2-4-384x400.jpg 384w, https:\/\/static-blogs.diariosur.es\/wp-content\/uploads\/sites\/12\/2023\/08\/2-4-768x800.jpg 768w\" sizes=\"(max-width: 776px) 100vw, 776px\" \/><\/a><\/p>\n<p>&nbsp;<\/p>\n<p><strong>MODELO EUROPEO<\/strong><\/p>\n<p>Este modelo da m\u00e1s precipitaci\u00f3n el martes. Para la provincia de M\u00e1laga poca cosa.<\/p>\n<p>Os paso los acumulados.<\/p>\n<p>&nbsp;<\/p>\n<p><a href=\"https:\/\/static-blogs.diariosur.es\/wp-content\/uploads\/sites\/12\/2023\/08\/3.jpg\"><img loading=\"lazy\" class=\"aligncenter size-full wp-image-38179\" src=\"https:\/\/static-blogs.diariosur.es\/wp-content\/uploads\/sites\/12\/2023\/08\/3.jpg\" alt=\"\" width=\"779\" height=\"812\" srcset=\"https:\/\/static-blogs.diariosur.es\/wp-content\/uploads\/sites\/12\/2023\/08\/3.jpg 779w, https:\/\/static-blogs.diariosur.es\/wp-content\/uploads\/sites\/12\/2023\/08\/3-384x400.jpg 384w, https:\/\/static-blogs.diariosur.es\/wp-content\/uploads\/sites\/12\/2023\/08\/3-768x801.jpg 768w\" sizes=\"(max-width: 779px) 100vw, 779px\" \/><\/a><\/p>\n<p><a href=\"https:\/\/static-blogs.diariosur.es\/wp-content\/uploads\/sites\/12\/2023\/08\/4.jpg\"><img loading=\"lazy\" class=\"aligncenter size-full wp-image-38180\" src=\"https:\/\/static-blogs.diariosur.es\/wp-content\/uploads\/sites\/12\/2023\/08\/4.jpg\" alt=\"\" width=\"784\" height=\"807\" srcset=\"https:\/\/static-blogs.diariosur.es\/wp-content\/uploads\/sites\/12\/2023\/08\/4.jpg 784w, https:\/\/static-blogs.diariosur.es\/wp-content\/uploads\/sites\/12\/2023\/08\/4-389x400.jpg 389w, https:\/\/static-blogs.diariosur.es\/wp-content\/uploads\/sites\/12\/2023\/08\/4-768x791.jpg 768w\" sizes=\"(max-width: 784px) 100vw, 784px\" \/><\/a><\/p>\n<p>&nbsp;<\/p>\n<p>&nbsp;<\/p>\n","protected":false},"excerpt":{"rendered":"<p>Muy buenos d\u00edas, amigos de la meteo. Perdona por lo de pu\u00f1etera, pero la dana nos trae de cabeza a los andaluces. En cada actualizaci\u00f3n de los principales modelos da unos acumulados de lluvias diferentes e incluso apenas nada para algunas provincias andaluzas. Lo que s\u00ed est\u00e1 m\u00e1s claro es que se situar\u00e1 en el [&hellip;]<\/p>\n","protected":false},"author":16,"featured_media":32857,"comment_status":"open","ping_status":"open","sticky":false,"template":"","format":"standard","meta":[],"categories":[2],"tags":[100,307,431,459,569,587],"_links":{"self":[{"href":"https:\/\/blogs.diariosur.es\/tormentas-y-rayos\/wp-json\/wp\/v2\/posts\/38174"}],"collection":[{"href":"https:\/\/blogs.diariosur.es\/tormentas-y-rayos\/wp-json\/wp\/v2\/posts"}],"about":[{"href":"https:\/\/blogs.diariosur.es\/tormentas-y-rayos\/wp-json\/wp\/v2\/types\/post"}],"author":[{"embeddable":true,"href":"https:\/\/blogs.diariosur.es\/tormentas-y-rayos\/wp-json\/wp\/v2\/users\/16"}],"replies":[{"embeddable":true,"href":"https:\/\/blogs.diariosur.es\/tormentas-y-rayos\/wp-json\/wp\/v2\/comments?post=38174"}],"version-history":[{"count":3,"href":"https:\/\/blogs.diariosur.es\/tormentas-y-rayos\/wp-json\/wp\/v2\/posts\/38174\/revisions"}],"predecessor-version":[{"id":49471,"href":"https:\/\/blogs.diariosur.es\/tormentas-y-rayos\/wp-json\/wp\/v2\/posts\/38174\/revisions\/49471"}],"wp:featuredmedia":[{"embeddable":true,"href":"https:\/\/blogs.diariosur.es\/tormentas-y-rayos\/wp-json\/wp\/v2\/media\/32857"}],"wp:attachment":[{"href":"https:\/\/blogs.diariosur.es\/tormentas-y-rayos\/wp-json\/wp\/v2\/media?parent=38174"}],"wp:term":[{"taxonomy":"category","embeddable":true,"href":"https:\/\/blogs.diariosur.es\/tormentas-y-rayos\/wp-json\/wp\/v2\/categories?post=38174"},{"taxonomy":"post_tag","embeddable":true,"href":"https:\/\/blogs.diariosur.es\/tormentas-y-rayos\/wp-json\/wp\/v2\/tags?post=38174"}],"curies":[{"name":"wp","href":"https:\/\/api.w.org\/{rel}","templated":true}]}}