{"id":38182,"date":"2023-08-31T08:59:29","date_gmt":"2023-08-31T06:59:29","guid":{"rendered":"https:\/\/blogs.diariosur.es\/tormentas-y-rayos\/?p=38182"},"modified":"2026-03-13T08:13:00","modified_gmt":"2026-03-13T07:13:00","slug":"ultima-hora-de-la-dana-probables-acumulados-de-lluvias-en-la-provincia-de-malaga-y-andalucia","status":"publish","type":"post","link":"https:\/\/blogs.diariosur.es\/tormentas-y-rayos\/2023\/08\/31\/ultima-hora-de-la-dana-probables-acumulados-de-lluvias-en-la-provincia-de-malaga-y-andalucia\/","title":{"rendered":"\u00daltima hora de la Dana. Probables acumulados de lluvias en la provincia de M\u00e1laga y Andaluc\u00eda."},"content":{"rendered":"<p><a href=\"https:\/\/static-blogs.diariosur.es\/wp-content\/uploads\/sites\/12\/2023\/06\/66505616_10216972270637940_5684453640765440_n-2.jpg\"><img loading=\"lazy\" class=\"aligncenter size-thumbnail wp-image-37376\" src=\"https:\/\/static-blogs.diariosur.es\/wp-content\/uploads\/sites\/12\/2023\/06\/66505616_10216972270637940_5684453640765440_n-2-150x150.jpg\" alt=\"\" width=\"150\" height=\"150\" srcset=\"https:\/\/static-blogs.diariosur.es\/wp-content\/uploads\/sites\/12\/2023\/06\/66505616_10216972270637940_5684453640765440_n-2-150x150.jpg 150w, https:\/\/static-blogs.diariosur.es\/wp-content\/uploads\/sites\/12\/2023\/06\/66505616_10216972270637940_5684453640765440_n-2-400x400.jpg 400w, https:\/\/static-blogs.diariosur.es\/wp-content\/uploads\/sites\/12\/2023\/06\/66505616_10216972270637940_5684453640765440_n-2.jpg 768w\" sizes=\"(max-width: 150px) 100vw, 150px\" \/><\/a><\/p>\n<p data-pm-slice=\"1 1 []\">Muy buenos d\u00edas, amigos de la meteo. Acaban de salir los <strong>probables<\/strong> acumulados de precipitaci\u00f3n de los modelos americano y europeo, desde el s\u00e1bado al martes de madrugada. Los mayores acumulados se esperan el domingo y madrugada del lunes.<\/p>\n<p>Empezamos con el modelo europeo; yo lo firmaba ya, pero seguro que ma\u00f1ana algo cambia. Para la provincia de M\u00e1laga, muy bueno.<\/p>\n<p>&nbsp;<\/p>\n<p><a href=\"https:\/\/static-blogs.diariosur.es\/wp-content\/uploads\/sites\/12\/2023\/08\/1-4.jpg\"><img loading=\"lazy\" class=\"aligncenter size-full wp-image-38183\" src=\"https:\/\/static-blogs.diariosur.es\/wp-content\/uploads\/sites\/12\/2023\/08\/1-4.jpg\" alt=\"\" width=\"787\" height=\"817\" srcset=\"https:\/\/static-blogs.diariosur.es\/wp-content\/uploads\/sites\/12\/2023\/08\/1-4.jpg 787w, https:\/\/static-blogs.diariosur.es\/wp-content\/uploads\/sites\/12\/2023\/08\/1-4-385x400.jpg 385w, https:\/\/static-blogs.diariosur.es\/wp-content\/uploads\/sites\/12\/2023\/08\/1-4-768x797.jpg 768w\" sizes=\"(max-width: 787px) 100vw, 787px\" \/><\/a> <a href=\"https:\/\/static-blogs.diariosur.es\/wp-content\/uploads\/sites\/12\/2023\/08\/2-5.jpg\"><img loading=\"lazy\" class=\"aligncenter size-full wp-image-38184\" src=\"https:\/\/static-blogs.diariosur.es\/wp-content\/uploads\/sites\/12\/2023\/08\/2-5.jpg\" alt=\"\" width=\"777\" height=\"808\" srcset=\"https:\/\/static-blogs.diariosur.es\/wp-content\/uploads\/sites\/12\/2023\/08\/2-5.jpg 777w, https:\/\/static-blogs.diariosur.es\/wp-content\/uploads\/sites\/12\/2023\/08\/2-5-385x400.jpg 385w, https:\/\/static-blogs.diariosur.es\/wp-content\/uploads\/sites\/12\/2023\/08\/2-5-768x799.jpg 768w\" sizes=\"(max-width: 777px) 100vw, 777px\" \/><\/a><\/p>\n<p>&nbsp;<\/p>\n<p>Modelo americano. Da menos precipitaci\u00f3n en la provincia de M\u00e1laga, pero tambi\u00e9n lo firmo.<\/p>\n<p>&nbsp;<\/p>\n<p><a href=\"https:\/\/static-blogs.diariosur.es\/wp-content\/uploads\/sites\/12\/2023\/08\/3-1.jpg\"><img loading=\"lazy\" class=\"aligncenter size-full wp-image-38185\" src=\"https:\/\/static-blogs.diariosur.es\/wp-content\/uploads\/sites\/12\/2023\/08\/3-1.jpg\" alt=\"\" width=\"776\" height=\"808\" srcset=\"https:\/\/static-blogs.diariosur.es\/wp-content\/uploads\/sites\/12\/2023\/08\/3-1.jpg 776w, https:\/\/static-blogs.diariosur.es\/wp-content\/uploads\/sites\/12\/2023\/08\/3-1-384x400.jpg 384w, https:\/\/static-blogs.diariosur.es\/wp-content\/uploads\/sites\/12\/2023\/08\/3-1-768x800.jpg 768w\" sizes=\"(max-width: 776px) 100vw, 776px\" \/><\/a><\/p>\n<p><a href=\"https:\/\/static-blogs.diariosur.es\/wp-content\/uploads\/sites\/12\/2023\/08\/4-1.jpg\"><img loading=\"lazy\" class=\"aligncenter size-full wp-image-38186\" src=\"https:\/\/static-blogs.diariosur.es\/wp-content\/uploads\/sites\/12\/2023\/08\/4-1.jpg\" alt=\"\" width=\"770\" height=\"794\" srcset=\"https:\/\/static-blogs.diariosur.es\/wp-content\/uploads\/sites\/12\/2023\/08\/4-1.jpg 770w, https:\/\/static-blogs.diariosur.es\/wp-content\/uploads\/sites\/12\/2023\/08\/4-1-388x400.jpg 388w, https:\/\/static-blogs.diariosur.es\/wp-content\/uploads\/sites\/12\/2023\/08\/4-1-768x792.jpg 768w\" sizes=\"(max-width: 770px) 100vw, 770px\" \/><\/a><\/p>\n<p>&nbsp;<\/p>\n<p>Nos vemos ma\u00f1ana con la \u00faltima hora de los probables acumulados, tambi\u00e9n pondr\u00e9 algunos modelos en mesoescala. A\u00fan puede pasar de todo.<\/p>\n","protected":false},"excerpt":{"rendered":"<p>Muy buenos d\u00edas, amigos de la meteo. Acaban de salir los probables acumulados de precipitaci\u00f3n de los modelos americano y europeo, desde el s\u00e1bado al martes de madrugada. Los mayores acumulados se esperan el domingo y madrugada del lunes. Empezamos con el modelo europeo; yo lo firmaba ya, pero seguro que ma\u00f1ana algo cambia. Para [&hellip;]<\/p>\n","protected":false},"author":16,"featured_media":29037,"comment_status":"open","ping_status":"open","sticky":false,"template":"","format":"standard","meta":[],"categories":[2],"tags":[100,307,569,587],"_links":{"self":[{"href":"https:\/\/blogs.diariosur.es\/tormentas-y-rayos\/wp-json\/wp\/v2\/posts\/38182"}],"collection":[{"href":"https:\/\/blogs.diariosur.es\/tormentas-y-rayos\/wp-json\/wp\/v2\/posts"}],"about":[{"href":"https:\/\/blogs.diariosur.es\/tormentas-y-rayos\/wp-json\/wp\/v2\/types\/post"}],"author":[{"embeddable":true,"href":"https:\/\/blogs.diariosur.es\/tormentas-y-rayos\/wp-json\/wp\/v2\/users\/16"}],"replies":[{"embeddable":true,"href":"https:\/\/blogs.diariosur.es\/tormentas-y-rayos\/wp-json\/wp\/v2\/comments?post=38182"}],"version-history":[{"count":2,"href":"https:\/\/blogs.diariosur.es\/tormentas-y-rayos\/wp-json\/wp\/v2\/posts\/38182\/revisions"}],"predecessor-version":[{"id":49469,"href":"https:\/\/blogs.diariosur.es\/tormentas-y-rayos\/wp-json\/wp\/v2\/posts\/38182\/revisions\/49469"}],"wp:featuredmedia":[{"embeddable":true,"href":"https:\/\/blogs.diariosur.es\/tormentas-y-rayos\/wp-json\/wp\/v2\/media\/29037"}],"wp:attachment":[{"href":"https:\/\/blogs.diariosur.es\/tormentas-y-rayos\/wp-json\/wp\/v2\/media?parent=38182"}],"wp:term":[{"taxonomy":"category","embeddable":true,"href":"https:\/\/blogs.diariosur.es\/tormentas-y-rayos\/wp-json\/wp\/v2\/categories?post=38182"},{"taxonomy":"post_tag","embeddable":true,"href":"https:\/\/blogs.diariosur.es\/tormentas-y-rayos\/wp-json\/wp\/v2\/tags?post=38182"}],"curies":[{"name":"wp","href":"https:\/\/api.w.org\/{rel}","templated":true}]}}