{"id":38189,"date":"2023-09-01T08:30:17","date_gmt":"2023-09-01T06:30:17","guid":{"rendered":"https:\/\/blogs.diariosur.es\/tormentas-y-rayos\/?p=38189"},"modified":"2023-09-01T20:39:04","modified_gmt":"2023-09-01T18:39:04","slug":"seguimiento-de-la-dana-en-andalucia-aviso-amarillo-por-lluvias-y-tormentas","status":"publish","type":"post","link":"https:\/\/blogs.diariosur.es\/tormentas-y-rayos\/2023\/09\/01\/seguimiento-de-la-dana-en-andalucia-aviso-amarillo-por-lluvias-y-tormentas\/","title":{"rendered":"Seguimiento de la Dana en Andaluc\u00eda. Aviso amarillo por lluvias y tormentas."},"content":{"rendered":"<p><a href=\"https:\/\/static-blogs.diariosur.es\/wp-content\/uploads\/sites\/12\/2023\/06\/66505616_10216972270637940_5684453640765440_n.jpg\"><img loading=\"lazy\" class=\"aligncenter size-thumbnail wp-image-37348\" src=\"https:\/\/static-blogs.diariosur.es\/wp-content\/uploads\/sites\/12\/2023\/06\/66505616_10216972270637940_5684453640765440_n-150x150.jpg\" alt=\"\" width=\"150\" height=\"150\" srcset=\"https:\/\/static-blogs.diariosur.es\/wp-content\/uploads\/sites\/12\/2023\/06\/66505616_10216972270637940_5684453640765440_n-150x150.jpg 150w, https:\/\/static-blogs.diariosur.es\/wp-content\/uploads\/sites\/12\/2023\/06\/66505616_10216972270637940_5684453640765440_n-400x400.jpg 400w, https:\/\/static-blogs.diariosur.es\/wp-content\/uploads\/sites\/12\/2023\/06\/66505616_10216972270637940_5684453640765440_n.jpg 768w\" sizes=\"(max-width: 150px) 100vw, 150px\" \/><\/a><\/p>\n<p>Reedito: Se activa el aviso por lluvias y tormentas tambi\u00e9n en las costas de C\u00e1diz y Huelva.<\/p>\n<p>Muy buenos d\u00edas, amigos de la meteo. De momento la aemet activa el aviso amarillo el domingo por lluvias de 25 litros en una hora y tormentas en las provincias de Almer\u00eda, Granada, en esta \u00faltima el aviso es para la costa, en la de Almer\u00eda en toda la provincia. Melilla tambi\u00e9n entra en aviso. A las once de la ma\u00f1ana hay otra nueva actualizaci\u00f3n, si entran algunas zonas de la provincia de M\u00e1laga reeditare el post. Donde espero m\u00e1s precipitaciones en la Axarqu\u00eda. Os paso el mapa de avisos.<\/p>\n<p>&nbsp;<\/p>\n<p><a href=\"https:\/\/static-blogs.diariosur.es\/wp-content\/uploads\/sites\/12\/2023\/09\/Captura-de-pantalla-2023-09-01-080516.jpg\"><img loading=\"lazy\" class=\"aligncenter size-full wp-image-38202\" src=\"https:\/\/static-blogs.diariosur.es\/wp-content\/uploads\/sites\/12\/2023\/09\/Captura-de-pantalla-2023-09-01-080516.jpg\" alt=\"\" width=\"694\" height=\"543\" srcset=\"https:\/\/static-blogs.diariosur.es\/wp-content\/uploads\/sites\/12\/2023\/09\/Captura-de-pantalla-2023-09-01-080516.jpg 694w, https:\/\/static-blogs.diariosur.es\/wp-content\/uploads\/sites\/12\/2023\/09\/Captura-de-pantalla-2023-09-01-080516-511x400.jpg 511w\" sizes=\"(max-width: 694px) 100vw, 694px\" \/><\/a><\/p>\n<p>&nbsp;<\/p>\n<p>Mapa de superficie de la aemet del domingo a primera hora de la madrugada. La dana en el Cabo de San Vicente<\/p>\n<p>&nbsp;<\/p>\n<p><a href=\"https:\/\/static-blogs.diariosur.es\/wp-content\/uploads\/sites\/12\/2023\/09\/2023083112060_ww_g1x0a2c2-e1693543023382.gif\"><img loading=\"lazy\" class=\"aligncenter size-full wp-image-38190\" src=\"https:\/\/static-blogs.diariosur.es\/wp-content\/uploads\/sites\/12\/2023\/09\/2023083112060_ww_g1x0a2c2-e1693543023382.gif\" alt=\"\" width=\"900\" height=\"630\" \/><\/a><\/p>\n<p>&nbsp;<\/p>\n<p><span style=\"color: #ff0000;\"><strong>A tan solo unas pocas horas, a los modelos se les atraganta la dana y seguimos con acumulados de precipitaci\u00f3n distintos desde el s\u00e1bado al martes primera hora de la madrugada.<\/strong><\/span><\/p>\n<p>&nbsp;<\/p>\n<p>MODELO EUROPEO<\/p>\n<p>&nbsp;<\/p>\n<p><a href=\"https:\/\/static-blogs.diariosur.es\/wp-content\/uploads\/sites\/12\/2023\/09\/eeeee.jpg\"><img loading=\"lazy\" class=\"aligncenter size-full wp-image-38203\" src=\"https:\/\/static-blogs.diariosur.es\/wp-content\/uploads\/sites\/12\/2023\/09\/eeeee.jpg\" alt=\"\" width=\"778\" height=\"802\" srcset=\"https:\/\/static-blogs.diariosur.es\/wp-content\/uploads\/sites\/12\/2023\/09\/eeeee.jpg 778w, https:\/\/static-blogs.diariosur.es\/wp-content\/uploads\/sites\/12\/2023\/09\/eeeee-388x400.jpg 388w, https:\/\/static-blogs.diariosur.es\/wp-content\/uploads\/sites\/12\/2023\/09\/eeeee-768x792.jpg 768w\" sizes=\"(max-width: 778px) 100vw, 778px\" \/><\/a><\/p>\n<p>&nbsp;<\/p>\n<p><a href=\"https:\/\/static-blogs.diariosur.es\/wp-content\/uploads\/sites\/12\/2023\/09\/1-1.jpg\"><img loading=\"lazy\" class=\"aligncenter size-full wp-image-38204\" src=\"https:\/\/static-blogs.diariosur.es\/wp-content\/uploads\/sites\/12\/2023\/09\/1-1.jpg\" alt=\"\" width=\"775\" height=\"806\" srcset=\"https:\/\/static-blogs.diariosur.es\/wp-content\/uploads\/sites\/12\/2023\/09\/1-1.jpg 775w, https:\/\/static-blogs.diariosur.es\/wp-content\/uploads\/sites\/12\/2023\/09\/1-1-385x400.jpg 385w, https:\/\/static-blogs.diariosur.es\/wp-content\/uploads\/sites\/12\/2023\/09\/1-1-768x799.jpg 768w\" sizes=\"(max-width: 775px) 100vw, 775px\" \/><\/a><\/p>\n<p>MODELO AMERICANO<\/p>\n<p>&nbsp;<\/p>\n<p><a href=\"https:\/\/static-blogs.diariosur.es\/wp-content\/uploads\/sites\/12\/2023\/09\/1.jpg\"><img loading=\"lazy\" class=\"aligncenter size-full wp-image-38191\" src=\"https:\/\/static-blogs.diariosur.es\/wp-content\/uploads\/sites\/12\/2023\/09\/1.jpg\" alt=\"\" width=\"779\" height=\"797\" srcset=\"https:\/\/static-blogs.diariosur.es\/wp-content\/uploads\/sites\/12\/2023\/09\/1.jpg 779w, https:\/\/static-blogs.diariosur.es\/wp-content\/uploads\/sites\/12\/2023\/09\/1-391x400.jpg 391w, https:\/\/static-blogs.diariosur.es\/wp-content\/uploads\/sites\/12\/2023\/09\/1-768x786.jpg 768w\" sizes=\"(max-width: 779px) 100vw, 779px\" \/><\/a> <a href=\"https:\/\/static-blogs.diariosur.es\/wp-content\/uploads\/sites\/12\/2023\/09\/2.jpg\"><img loading=\"lazy\" class=\"aligncenter size-full wp-image-38192\" src=\"https:\/\/static-blogs.diariosur.es\/wp-content\/uploads\/sites\/12\/2023\/09\/2.jpg\" alt=\"\" width=\"783\" height=\"809\" srcset=\"https:\/\/static-blogs.diariosur.es\/wp-content\/uploads\/sites\/12\/2023\/09\/2.jpg 783w, https:\/\/static-blogs.diariosur.es\/wp-content\/uploads\/sites\/12\/2023\/09\/2-387x400.jpg 387w, https:\/\/static-blogs.diariosur.es\/wp-content\/uploads\/sites\/12\/2023\/09\/2-768x794.jpg 768w\" sizes=\"(max-width: 783px) 100vw, 783px\" \/><\/a><\/p>\n<p>MODELO ARPEGE<\/p>\n<p>&nbsp;<\/p>\n<p><a href=\"https:\/\/static-blogs.diariosur.es\/wp-content\/uploads\/sites\/12\/2023\/09\/ar.jpg\"><img loading=\"lazy\" class=\"aligncenter size-full wp-image-38193\" src=\"https:\/\/static-blogs.diariosur.es\/wp-content\/uploads\/sites\/12\/2023\/09\/ar.jpg\" alt=\"\" width=\"778\" height=\"785\" srcset=\"https:\/\/static-blogs.diariosur.es\/wp-content\/uploads\/sites\/12\/2023\/09\/ar.jpg 778w, https:\/\/static-blogs.diariosur.es\/wp-content\/uploads\/sites\/12\/2023\/09\/ar-150x150.jpg 150w, https:\/\/static-blogs.diariosur.es\/wp-content\/uploads\/sites\/12\/2023\/09\/ar-396x400.jpg 396w, https:\/\/static-blogs.diariosur.es\/wp-content\/uploads\/sites\/12\/2023\/09\/ar-768x775.jpg 768w\" sizes=\"(max-width: 778px) 100vw, 778px\" \/><\/a> <a href=\"https:\/\/static-blogs.diariosur.es\/wp-content\/uploads\/sites\/12\/2023\/09\/arpege.jpg\"><img loading=\"lazy\" class=\"aligncenter size-full wp-image-38194\" src=\"https:\/\/static-blogs.diariosur.es\/wp-content\/uploads\/sites\/12\/2023\/09\/arpege.jpg\" alt=\"\" width=\"783\" height=\"808\" srcset=\"https:\/\/static-blogs.diariosur.es\/wp-content\/uploads\/sites\/12\/2023\/09\/arpege.jpg 783w, https:\/\/static-blogs.diariosur.es\/wp-content\/uploads\/sites\/12\/2023\/09\/arpege-388x400.jpg 388w, https:\/\/static-blogs.diariosur.es\/wp-content\/uploads\/sites\/12\/2023\/09\/arpege-768x793.jpg 768w\" sizes=\"(max-width: 783px) 100vw, 783px\" \/><\/a><\/p>\n<p>&nbsp;<\/p>\n<p>MODELO ICON<\/p>\n<p>&nbsp;<\/p>\n<p><a href=\"https:\/\/static-blogs.diariosur.es\/wp-content\/uploads\/sites\/12\/2023\/09\/REINO-UNIDO.jpg\"><img loading=\"lazy\" class=\"aligncenter size-full wp-image-38195\" src=\"https:\/\/static-blogs.diariosur.es\/wp-content\/uploads\/sites\/12\/2023\/09\/REINO-UNIDO.jpg\" alt=\"\" width=\"785\" height=\"824\" srcset=\"https:\/\/static-blogs.diariosur.es\/wp-content\/uploads\/sites\/12\/2023\/09\/REINO-UNIDO.jpg 785w, https:\/\/static-blogs.diariosur.es\/wp-content\/uploads\/sites\/12\/2023\/09\/REINO-UNIDO-381x400.jpg 381w, https:\/\/static-blogs.diariosur.es\/wp-content\/uploads\/sites\/12\/2023\/09\/REINO-UNIDO-768x806.jpg 768w\" sizes=\"(max-width: 785px) 100vw, 785px\" \/><\/a><\/p>\n<p><a href=\"https:\/\/static-blogs.diariosur.es\/wp-content\/uploads\/sites\/12\/2023\/09\/RRRRR.jpg\"><img loading=\"lazy\" class=\"aligncenter size-full wp-image-38196\" src=\"https:\/\/static-blogs.diariosur.es\/wp-content\/uploads\/sites\/12\/2023\/09\/RRRRR.jpg\" alt=\"\" width=\"779\" height=\"827\" srcset=\"https:\/\/static-blogs.diariosur.es\/wp-content\/uploads\/sites\/12\/2023\/09\/RRRRR.jpg 779w, https:\/\/static-blogs.diariosur.es\/wp-content\/uploads\/sites\/12\/2023\/09\/RRRRR-377x400.jpg 377w, https:\/\/static-blogs.diariosur.es\/wp-content\/uploads\/sites\/12\/2023\/09\/RRRRR-768x815.jpg 768w\" sizes=\"(max-width: 779px) 100vw, 779px\" \/><\/a><\/p>\n<p>&nbsp;<\/p>\n<p>A partir de ma\u00f1ana y sobre todo el domingo, hay que tirar de radar y sat\u00e9lites. Lo que si esta claro es que las danas no solucionan las sequias y la gran mayor\u00eda hacen da\u00f1o.<\/p>\n<p>&nbsp;<\/p>\n<p>Os dejo con este fot\u00f3n de mi amiga Nany Lavado.<\/p>\n<p>&nbsp;<\/p>\n<p><a href=\"https:\/\/static-blogs.diariosur.es\/wp-content\/uploads\/sites\/12\/2023\/09\/FzF2BKAWAAUQnH--e1693546104788.jpg\"><img loading=\"lazy\" class=\"aligncenter size-full wp-image-38201\" src=\"https:\/\/static-blogs.diariosur.es\/wp-content\/uploads\/sites\/12\/2023\/09\/FzF2BKAWAAUQnH--e1693546104788.jpg\" alt=\"\" width=\"1200\" height=\"691\" \/><\/a><\/p>\n<p>&nbsp;<\/p>\n","protected":false},"excerpt":{"rendered":"<p>Reedito: Se activa el aviso por lluvias y tormentas tambi\u00e9n en las costas de C\u00e1diz y Huelva. Muy buenos d\u00edas, amigos de la meteo. De momento la aemet activa el aviso amarillo el domingo por lluvias de 25 litros en una hora y tormentas en las provincias de Almer\u00eda, Granada, en esta \u00faltima el aviso [&hellip;]<\/p>\n","protected":false},"author":16,"featured_media":38201,"comment_status":"open","ping_status":"open","sticky":false,"template":"","format":"standard","meta":[],"categories":[2],"tags":[76,94,100,151,307,464,569,587,996],"_links":{"self":[{"href":"https:\/\/blogs.diariosur.es\/tormentas-y-rayos\/wp-json\/wp\/v2\/posts\/38189"}],"collection":[{"href":"https:\/\/blogs.diariosur.es\/tormentas-y-rayos\/wp-json\/wp\/v2\/posts"}],"about":[{"href":"https:\/\/blogs.diariosur.es\/tormentas-y-rayos\/wp-json\/wp\/v2\/types\/post"}],"author":[{"embeddable":true,"href":"https:\/\/blogs.diariosur.es\/tormentas-y-rayos\/wp-json\/wp\/v2\/users\/16"}],"replies":[{"embeddable":true,"href":"https:\/\/blogs.diariosur.es\/tormentas-y-rayos\/wp-json\/wp\/v2\/comments?post=38189"}],"version-history":[{"count":6,"href":"https:\/\/blogs.diariosur.es\/tormentas-y-rayos\/wp-json\/wp\/v2\/posts\/38189\/revisions"}],"predecessor-version":[{"id":38222,"href":"https:\/\/blogs.diariosur.es\/tormentas-y-rayos\/wp-json\/wp\/v2\/posts\/38189\/revisions\/38222"}],"wp:featuredmedia":[{"embeddable":true,"href":"https:\/\/blogs.diariosur.es\/tormentas-y-rayos\/wp-json\/wp\/v2\/media\/38201"}],"wp:attachment":[{"href":"https:\/\/blogs.diariosur.es\/tormentas-y-rayos\/wp-json\/wp\/v2\/media?parent=38189"}],"wp:term":[{"taxonomy":"category","embeddable":true,"href":"https:\/\/blogs.diariosur.es\/tormentas-y-rayos\/wp-json\/wp\/v2\/categories?post=38189"},{"taxonomy":"post_tag","embeddable":true,"href":"https:\/\/blogs.diariosur.es\/tormentas-y-rayos\/wp-json\/wp\/v2\/tags?post=38189"}],"curies":[{"name":"wp","href":"https:\/\/api.w.org\/{rel}","templated":true}]}}