{"id":38208,"date":"2023-09-04T18:50:05","date_gmt":"2023-09-04T16:50:05","guid":{"rendered":"https:\/\/blogs.diariosur.es\/tormentas-y-rayos\/?p=38208"},"modified":"2026-03-13T07:44:47","modified_gmt":"2026-03-13T06:44:47","slug":"agosto-de-2023-en-malaga-el-mas-caluroso-desde-que-se-tienen-registros","status":"publish","type":"post","link":"https:\/\/blogs.diariosur.es\/tormentas-y-rayos\/2023\/09\/04\/agosto-de-2023-en-malaga-el-mas-caluroso-desde-que-se-tienen-registros\/","title":{"rendered":"Agosto de 2023 en M\u00e1laga, el m\u00e1s caluroso desde que se tienen registros."},"content":{"rendered":"<p><a href=\"https:\/\/static-blogs.diariosur.es\/wp-content\/uploads\/sites\/12\/2023\/06\/66505616_10216972270637940_5684453640765440_n-2.jpg\"><img loading=\"lazy\" class=\"aligncenter size-thumbnail wp-image-37376\" src=\"https:\/\/static-blogs.diariosur.es\/wp-content\/uploads\/sites\/12\/2023\/06\/66505616_10216972270637940_5684453640765440_n-2-150x150.jpg\" alt=\"\" width=\"150\" height=\"150\" srcset=\"https:\/\/static-blogs.diariosur.es\/wp-content\/uploads\/sites\/12\/2023\/06\/66505616_10216972270637940_5684453640765440_n-2-150x150.jpg 150w, https:\/\/static-blogs.diariosur.es\/wp-content\/uploads\/sites\/12\/2023\/06\/66505616_10216972270637940_5684453640765440_n-2-400x400.jpg 400w, https:\/\/static-blogs.diariosur.es\/wp-content\/uploads\/sites\/12\/2023\/06\/66505616_10216972270637940_5684453640765440_n-2.jpg 768w\" sizes=\"(max-width: 150px) 100vw, 150px\" \/><\/a><\/p>\n<p data-pm-slice=\"1 1 []\">Buenas tardes, amigos de la meteo. Si mis cuentas no me fallan, agosto de 2023 ha sido el m\u00e1s caluroso desde que se tienen registros en el Aeropuerto de M\u00e1laga. De esta forma, bate los registros del a\u00f1o 2020 en temperatura media, media de las m\u00e1ximas y la del a\u00f1o 2015, media m\u00e1s alta de las m\u00ednimas. Os pongo las temperaturas. Falta confirmaci\u00f3n de la AEMET. Confirmado.<\/p>\n<p><strong><span style=\"color: #0000ff;\">A\u00f1o 2020 temperatura media de las m\u00e1ximas 33.5 grados<\/span>. <span style=\"color: #ff0000;\">A\u00f1o 2023 ha sido 33.5 grados. Igualado con 2020.<\/span><\/strong><\/p>\n<p><strong><span style=\"color: #0000ff;\">A\u00f1o 2020 temperatura media 28.2 grados<\/span>.<span style=\"color: #ff0000;\"> A\u00f1o 2023 ha sido 28.9 grados.<\/span><\/strong><\/p>\n<p><strong><span style=\"color: #0000ff;\">A\u00f1o 2015 temperatura media de las m\u00ednimas m\u00e1s alta 23.8 grados<\/span>. <span style=\"color: #ff0000;\">A\u00f1o 2023 ha sido 24.2 grados.<\/span><\/strong><\/p>\n<p><span style=\"color: #0000ff;\">A\u00f1o 1949 temperatura m\u00ednima diaria\u00a0 m\u00e1s alta 29.4 grados<\/span>. <span style=\"color: #ff0000;\">A\u00f1o 2023 se ha registrado 30.3 grados.<\/span><\/p>\n<p>Tambi\u00e9n os recuerdo que julio 2023 bati\u00f3 todos los extremos absolutos de temperaturas medias.<\/p>\n<p>Os paso el resumen climatol\u00f3gico de Andaluc\u00eda.\u00a0: Agosto, en cuanto a temperatura, ha tenido un car\u00e1cter entre extremadamente c\u00e1lido y muy c\u00e1lido. La temperatura media ha sido 28.1 \u00baC, 2 grados por encima del promedio, siendo el agosto m\u00e1s c\u00e1lido desde 1961. En Ceuta y en Melilla ha sido extremadamente c\u00e1lido<\/p>\n<p>&nbsp;<\/p>\n<p><a href=\"https:\/\/static-blogs.diariosur.es\/wp-content\/uploads\/sites\/12\/2023\/09\/Captura-de-pantalla-2023-09-04-184909.jpg\"><img loading=\"lazy\" class=\"aligncenter size-full wp-image-38261\" src=\"https:\/\/static-blogs.diariosur.es\/wp-content\/uploads\/sites\/12\/2023\/09\/Captura-de-pantalla-2023-09-04-184909.jpg\" alt=\"\" width=\"788\" height=\"877\" srcset=\"https:\/\/static-blogs.diariosur.es\/wp-content\/uploads\/sites\/12\/2023\/09\/Captura-de-pantalla-2023-09-04-184909.jpg 788w, https:\/\/static-blogs.diariosur.es\/wp-content\/uploads\/sites\/12\/2023\/09\/Captura-de-pantalla-2023-09-04-184909-359x400.jpg 359w, https:\/\/static-blogs.diariosur.es\/wp-content\/uploads\/sites\/12\/2023\/09\/Captura-de-pantalla-2023-09-04-184909-768x855.jpg 768w\" sizes=\"(max-width: 788px) 100vw, 788px\" \/><\/a><\/p>\n<h3><a href=\"https:\/\/blogs.diariosur.es\/tormentas-y-rayos\/2023\/09\/03\/acumulados-de-precipitacion-en-la-provincia-malaguena-la-axarquia-las-mas-beneficiada\/?ref=https%3A%2F%2Fblogs.diariosur.es%2Ftormentas-y-rayos%2F\"><strong>Os dejo con los acumulados de precipitaci\u00f3n de la pasada dana<\/strong><\/a><\/h3>\n","protected":false},"excerpt":{"rendered":"<p>Buenas tardes, amigos de la meteo. Si mis cuentas no me fallan, agosto de 2023 ha sido el m\u00e1s caluroso desde que se tienen registros en el Aeropuerto de M\u00e1laga. De esta forma, bate los registros del a\u00f1o 2020 en temperatura media, media de las m\u00e1ximas y la del a\u00f1o 2015, media m\u00e1s alta de [&hellip;]<\/p>\n","protected":false},"author":16,"featured_media":36575,"comment_status":"open","ping_status":"open","sticky":false,"template":"","format":"standard","meta":[],"categories":[2],"tags":[50,151,214,307,358,569,587,676],"_links":{"self":[{"href":"https:\/\/blogs.diariosur.es\/tormentas-y-rayos\/wp-json\/wp\/v2\/posts\/38208"}],"collection":[{"href":"https:\/\/blogs.diariosur.es\/tormentas-y-rayos\/wp-json\/wp\/v2\/posts"}],"about":[{"href":"https:\/\/blogs.diariosur.es\/tormentas-y-rayos\/wp-json\/wp\/v2\/types\/post"}],"author":[{"embeddable":true,"href":"https:\/\/blogs.diariosur.es\/tormentas-y-rayos\/wp-json\/wp\/v2\/users\/16"}],"replies":[{"embeddable":true,"href":"https:\/\/blogs.diariosur.es\/tormentas-y-rayos\/wp-json\/wp\/v2\/comments?post=38208"}],"version-history":[{"count":12,"href":"https:\/\/blogs.diariosur.es\/tormentas-y-rayos\/wp-json\/wp\/v2\/posts\/38208\/revisions"}],"predecessor-version":[{"id":49463,"href":"https:\/\/blogs.diariosur.es\/tormentas-y-rayos\/wp-json\/wp\/v2\/posts\/38208\/revisions\/49463"}],"wp:featuredmedia":[{"embeddable":true,"href":"https:\/\/blogs.diariosur.es\/tormentas-y-rayos\/wp-json\/wp\/v2\/media\/36575"}],"wp:attachment":[{"href":"https:\/\/blogs.diariosur.es\/tormentas-y-rayos\/wp-json\/wp\/v2\/media?parent=38208"}],"wp:term":[{"taxonomy":"category","embeddable":true,"href":"https:\/\/blogs.diariosur.es\/tormentas-y-rayos\/wp-json\/wp\/v2\/categories?post=38208"},{"taxonomy":"post_tag","embeddable":true,"href":"https:\/\/blogs.diariosur.es\/tormentas-y-rayos\/wp-json\/wp\/v2\/tags?post=38208"}],"curies":[{"name":"wp","href":"https:\/\/api.w.org\/{rel}","templated":true}]}}