{"id":38216,"date":"2023-09-01T17:44:50","date_gmt":"2023-09-01T15:44:50","guid":{"rendered":"https:\/\/blogs.diariosur.es\/tormentas-y-rayos\/?p=38216"},"modified":"2023-09-01T17:45:12","modified_gmt":"2023-09-01T15:45:12","slug":"una-temprana-y-problematica-dana-por-angel-rivera-aviso-especial-por-tormentas-y-lluvias","status":"publish","type":"post","link":"https:\/\/blogs.diariosur.es\/tormentas-y-rayos\/2023\/09\/01\/una-temprana-y-problematica-dana-por-angel-rivera-aviso-especial-por-tormentas-y-lluvias\/","title":{"rendered":"Una temprana y problem\u00e1tica dana. Por \u00c1ngel Rivera. Aviso especial por tormentas y lluvias"},"content":{"rendered":"<p><a href=\"https:\/\/static-blogs.diariosur.es\/wp-content\/uploads\/sites\/12\/2023\/06\/66505616_10216972270637940_5684453640765440_n-2.jpg\"><img loading=\"lazy\" class=\"aligncenter size-thumbnail wp-image-37376\" src=\"https:\/\/static-blogs.diariosur.es\/wp-content\/uploads\/sites\/12\/2023\/06\/66505616_10216972270637940_5684453640765440_n-2-150x150.jpg\" alt=\"\" width=\"150\" height=\"150\" srcset=\"https:\/\/static-blogs.diariosur.es\/wp-content\/uploads\/sites\/12\/2023\/06\/66505616_10216972270637940_5684453640765440_n-2-150x150.jpg 150w, https:\/\/static-blogs.diariosur.es\/wp-content\/uploads\/sites\/12\/2023\/06\/66505616_10216972270637940_5684453640765440_n-2-400x400.jpg 400w, https:\/\/static-blogs.diariosur.es\/wp-content\/uploads\/sites\/12\/2023\/06\/66505616_10216972270637940_5684453640765440_n-2.jpg 768w\" sizes=\"(max-width: 150px) 100vw, 150px\" \/><\/a><\/p>\n<p>Muy buenas tardes, amigos de la meteo. Antes de dejaros con mi amigo \u00c1ngel Rivera, os pongo los avisos actualizados por lluvias y tormentas para el domingo en nuestra comunidad.<\/p>\n<p><strong>De momento las provincias de M\u00e1laga, Sevilla y C\u00f3rdoba no entran. Ceuta tampoco, pero si Melilla.<\/strong><\/p>\n<p>&nbsp;<\/p>\n<p><a href=\"https:\/\/static-blogs.diariosur.es\/wp-content\/uploads\/sites\/12\/2023\/09\/Captura-de-pantalla-2023-09-01-172330.jpg\"><img loading=\"lazy\" class=\"aligncenter size-full wp-image-38217\" src=\"https:\/\/static-blogs.diariosur.es\/wp-content\/uploads\/sites\/12\/2023\/09\/Captura-de-pantalla-2023-09-01-172330.jpg\" alt=\"\" width=\"699\" height=\"553\" srcset=\"https:\/\/static-blogs.diariosur.es\/wp-content\/uploads\/sites\/12\/2023\/09\/Captura-de-pantalla-2023-09-01-172330.jpg 699w, https:\/\/static-blogs.diariosur.es\/wp-content\/uploads\/sites\/12\/2023\/09\/Captura-de-pantalla-2023-09-01-172330-506x400.jpg 506w\" sizes=\"(max-width: 699px) 100vw, 699px\" \/><\/a><\/p>\n<p>&nbsp;<\/p>\n<p>&nbsp;<\/p>\n<p>Os aconsejo que le\u00e1is este post, es muy interesante.<\/p>\n<h3><a href=\"http:\/\/eneltiempo-angelrivera.blogspot.com\/2023\/09\/una-curiosa-y-problematica-dana.html\" rel=\"external nofollow\"><span style=\"color: #ff0000;\"><strong>Una temprana y problem\u00e1tica dana<\/strong><\/span><\/a><\/h3>\n<p>Os paso tambi\u00e9n el aviso especial que ha sacado hoy la aemet.<\/p>\n<p>Agencia Estatal de Meteorolog\u00eda Aviso especial de fen\u00f3menos adversos n\u00famero 25\/2023<\/p>\n<p>1.-Fen\u00f3meno meteorol\u00f3gico: Lluvias y tormentas<br \/>\n2.-\u00c1mbito geogr\u00e1fico: La mayor parte de la Pen\u00ednsula y Baleares.<br \/>\n3.-Comienzo de la situaci\u00f3n: S\u00e1bado 2<br \/>\n4.-Duraci\u00f3n: Hasta el lunes 4<br \/>\n5.-Grado de probabilidad: Alto (80 %)<br \/>\n6.-Descripci\u00f3n de la situaci\u00f3n meteorol\u00f3gica:<\/p>\n<p>La mayor parte de la Pen\u00ednsula y Baleares. 3.-Comienzo de la situaci\u00f3n: s\u00e1bado 2 4.-Duraci\u00f3n: Hasta el lunes 4 5.-Grado de probabilidad: Alto (80 %) 6.-Descripci\u00f3n de la situaci\u00f3n meteorol\u00f3gica: A partir de hoy viernes se va a producir un nuevo cambio de tiempo en la Pen\u00ednsula y Baleares, con la llegada de una vaguada atl\u00e1ntica que, ma\u00f1ana se aislar\u00e1 de la circulaci\u00f3n general form\u00e1ndose una DANA (depresi\u00f3n aislada en niveles altos) centrada en el suroeste peninsular. Como consecuencia, durante el fin de semana es muy probable que se produzcan precipitaciones persistentes y generalizadas, localmente fuertes o muy fuertes y acompa\u00f1adas de tormentas, en pr\u00e1cticamente todo el territorio a excepci\u00f3n de Canarias, que queda al margen de esta situaci\u00f3n. Hoy ser\u00e1 un d\u00eda de transici\u00f3n. Un frente fr\u00edo penetrar\u00e1 por Galicia, favoreciendo precipitaciones en el noroeste peninsular, que pueden ser localmente fuertes en el noroeste de Galicia. Durante la tarde y noche, es probable que se desarrollen chubascos y tormentas prefrontales en zonas del alto Ebro, Pirineos y entorno de los sistemas Central e Ib\u00e9rico, que pueden ser fuertes. Ma\u00f1ana, con la formaci\u00f3n de la DANA centrada en el oeste peninsular, se producir\u00e1n chubascos, acompa\u00f1ados de tormentas, localmente fuertes o muy fuertes que se extender\u00e1n desde la madrugada a pr\u00e1cticamente toda la Pen\u00ednsula, Baleares y Melilla, siendo menos probables e intensos en el oeste de Galicia y noreste de Baleares. En \u00e1reas de la mitad oriental las precipitaciones podr\u00edan ser m\u00e1s intensas y persistentes, sobre todo en puntos del Cant\u00e1brico oriental, alto Ebro, Comunidad Valenciana, Catalu\u00f1a, este de Castilla y Le\u00f3n e Ibiza, con las acumulaciones m\u00e1s importantes. Se podr\u00edan alcanzar o superar lo 30-60 mm en una hora en algunas zonas, sobre todo en el \u00e1rea mediterr\u00e1nea. Durante el domingo es probable que la DANA se encuentre centrada al suroeste de la Pen\u00ednsula y que se establezca un flujo h\u00famedo e intenso de levante, aportando humedad de procedencia mar\u00edtima y favoreciendo que se produzcan precipitaciones abundantes. De nuevo los chubascos y tormentas afectar\u00e1n a gran parte de la Pen\u00ednsula. La menor probabilidad corresponder\u00e1 a Catalu\u00f1a y otras zonas del nordeste peninsular. La mayor probabilidad e intensidad de las precipitaciones probablemente corresponder\u00e1 al cuadrante sureste y centro peninsular donde ser\u00e1n fuertes o muy fuertes y persistentes. Tambi\u00e9n se prev\u00e9n rachas muy fuertes de viento de componente este en \u00e1reas de la mitad oriental.<\/p>\n<p>Durante todo el fin de semana, debido a la nubosidad y a las precipitaciones previstas, predominar\u00e1 un ambiente oto\u00f1al, con temperaturas por debajo de lo habitual para estas fechas en buena parte de la Pen\u00ednsula. El lunes 4 aumenta la incertidumbre, pero lo m\u00e1s probable es que el centro de la baja se aleje al oeste en el Atl\u00e1ntico, disminuyendo las precipitaciones en el este peninsular y Baleares, pero es probable que contin\u00fae el ambiente inestable con chubascos y tormentas en la mitad occidental y zona centro donde pueden ser localmente fuertes o persistentes, sobre todo en la primera mitad del d\u00eda. Todav\u00eda pueden registrarse rachas de viento fuerte de componente este en el este peninsular y en Baleares. Habr\u00e1 una clara tendencia a la recuperaci\u00f3n de las temperaturas. Durante el domingo y el lunes habr\u00e1 mal estado de la mar en el Mediterr\u00e1neo. A lo largo de todo el episodio se podr\u00edan alcanzar o superar acumulaciones de 100 mm sobre todo en la mitad oriental. A partir del martes 5 es bastante probable que haya una clara tendencia a la disminuci\u00f3n de las precipitaciones en todas las zonas dando por finalizadas las condiciones que han dado lugar a este aviso especial. Hay que tener en cuenta la elevada incertidumbre propia de este tipo de situaciones para hacer una predicci\u00f3n precisa, ya que una ligera variaci\u00f3n en la posici\u00f3n de la baja puede hacer cambiar la intensidad y la distribuci\u00f3n geogr\u00e1fica de las precipitaciones.<\/p>\n","protected":false},"excerpt":{"rendered":"<p>Muy buenas tardes, amigos de la meteo. Antes de dejaros con mi amigo \u00c1ngel Rivera, os pongo los avisos actualizados por lluvias y tormentas para el domingo en nuestra comunidad. De momento las provincias de M\u00e1laga, Sevilla y C\u00f3rdoba no entran. Ceuta tampoco, pero si Melilla. &nbsp; &nbsp; &nbsp; Os aconsejo que le\u00e1is este post, [&hellip;]<\/p>\n","protected":false},"author":16,"featured_media":38219,"comment_status":"open","ping_status":"open","sticky":false,"template":"","format":"standard","meta":[],"categories":[2],"tags":[100,151,307,375,569,676,769,996],"_links":{"self":[{"href":"https:\/\/blogs.diariosur.es\/tormentas-y-rayos\/wp-json\/wp\/v2\/posts\/38216"}],"collection":[{"href":"https:\/\/blogs.diariosur.es\/tormentas-y-rayos\/wp-json\/wp\/v2\/posts"}],"about":[{"href":"https:\/\/blogs.diariosur.es\/tormentas-y-rayos\/wp-json\/wp\/v2\/types\/post"}],"author":[{"embeddable":true,"href":"https:\/\/blogs.diariosur.es\/tormentas-y-rayos\/wp-json\/wp\/v2\/users\/16"}],"replies":[{"embeddable":true,"href":"https:\/\/blogs.diariosur.es\/tormentas-y-rayos\/wp-json\/wp\/v2\/comments?post=38216"}],"version-history":[{"count":3,"href":"https:\/\/blogs.diariosur.es\/tormentas-y-rayos\/wp-json\/wp\/v2\/posts\/38216\/revisions"}],"predecessor-version":[{"id":38221,"href":"https:\/\/blogs.diariosur.es\/tormentas-y-rayos\/wp-json\/wp\/v2\/posts\/38216\/revisions\/38221"}],"wp:featuredmedia":[{"embeddable":true,"href":"https:\/\/blogs.diariosur.es\/tormentas-y-rayos\/wp-json\/wp\/v2\/media\/38219"}],"wp:attachment":[{"href":"https:\/\/blogs.diariosur.es\/tormentas-y-rayos\/wp-json\/wp\/v2\/media?parent=38216"}],"wp:term":[{"taxonomy":"category","embeddable":true,"href":"https:\/\/blogs.diariosur.es\/tormentas-y-rayos\/wp-json\/wp\/v2\/categories?post=38216"},{"taxonomy":"post_tag","embeddable":true,"href":"https:\/\/blogs.diariosur.es\/tormentas-y-rayos\/wp-json\/wp\/v2\/tags?post=38216"}],"curies":[{"name":"wp","href":"https:\/\/api.w.org\/{rel}","templated":true}]}}