{"id":38240,"date":"2023-09-03T09:57:26","date_gmt":"2023-09-03T07:57:26","guid":{"rendered":"https:\/\/blogs.diariosur.es\/tormentas-y-rayos\/?p=38240"},"modified":"2026-03-13T07:46:57","modified_gmt":"2026-03-13T06:46:57","slug":"impresionante-tromba-marina-en-torremolinos-y-cielos-que-enamoran","status":"publish","type":"post","link":"https:\/\/blogs.diariosur.es\/tormentas-y-rayos\/2023\/09\/03\/impresionante-tromba-marina-en-torremolinos-y-cielos-que-enamoran\/","title":{"rendered":"Impresionante tromba marina en Torremolinos y cielos que enamoran."},"content":{"rendered":"<p><a href=\"https:\/\/static-blogs.diariosur.es\/wp-content\/uploads\/sites\/12\/2023\/06\/66505616_10216972270637940_5684453640765440_n.jpg\"><img loading=\"lazy\" class=\"aligncenter size-thumbnail wp-image-37348\" src=\"https:\/\/static-blogs.diariosur.es\/wp-content\/uploads\/sites\/12\/2023\/06\/66505616_10216972270637940_5684453640765440_n-150x150.jpg\" alt=\"\" width=\"150\" height=\"150\" srcset=\"https:\/\/static-blogs.diariosur.es\/wp-content\/uploads\/sites\/12\/2023\/06\/66505616_10216972270637940_5684453640765440_n-150x150.jpg 150w, https:\/\/static-blogs.diariosur.es\/wp-content\/uploads\/sites\/12\/2023\/06\/66505616_10216972270637940_5684453640765440_n-400x400.jpg 400w, https:\/\/static-blogs.diariosur.es\/wp-content\/uploads\/sites\/12\/2023\/06\/66505616_10216972270637940_5684453640765440_n.jpg 768w\" sizes=\"(max-width: 150px) 100vw, 150px\" \/><\/a><\/p>\n<p data-pm-slice=\"1 1 []\">Buenos d\u00edas, amigos de la meteo. Esta noche o ma\u00f1ana os pondr\u00e9 los acumulados de precipitaci\u00f3n que se han dado en la provincia de M\u00e1laga. Espero que llueva m\u00e1s.<\/p>\n<p>Ayer de madrugada se produjo una tromba marina en Playamar, Torremolinos. Incluso toc\u00f3 tierra y destroz\u00f3 algunas hamacas en el Bajondillo. Mi amiga Carolina la caz\u00f3 magistralmente desde una de las torres. Mis felicitaciones, Carolina Fojo Pierini, y de paso<strong> os recomiendo su Cl\u00ednica Dental\u00a0Fojo y Pierini en Torremolinos.\u00a0 C\/ Skal (Calle de la Comisar\u00eda de Polic\u00eda Nacional), esquina con C\/ Danza Invisible, 29620 Torremolinos (M\u00e1laga)<\/strong><\/p>\n<p>&nbsp;<\/p>\n<p><a href=\"https:\/\/static-blogs.diariosur.es\/wp-content\/uploads\/sites\/12\/2023\/09\/373311184_10227502684491705_363688701232544385_n-e1693684859877.jpg\"><img loading=\"lazy\" class=\"aligncenter size-full wp-image-38244\" src=\"https:\/\/static-blogs.diariosur.es\/wp-content\/uploads\/sites\/12\/2023\/09\/373311184_10227502684491705_363688701232544385_n-e1693684859877.jpg\" alt=\"\" width=\"600\" height=\"1067\" \/><\/a><\/p>\n<p>&nbsp;<\/p>\n<p><iframe loading=\"lazy\" title=\"YouTube video player\" src=\"https:\/\/www.youtube.com\/embed\/HUZi3_mifKo?si=OvXoc8NzdISiJSff\" width=\"560\" height=\"315\" frameborder=\"0\" allowfullscreen=\"allowfullscreen\"><\/iframe><\/p>\n<p>&nbsp;<\/p>\n<p data-pm-slice=\"1 1 []\">Mi amigo V\u00edctor del R\u00edo quiere compartir con todos vosotros estos altoc\u00famulos ondulatus que fotografi\u00f3 ayer en la playa San Luis de Sabinillas en Manilva. Estas nubes se forman cuando hay inestabilidad en altura. Fotones, amigo.<\/p>\n<p>&nbsp;<\/p>\n<p><a href=\"https:\/\/static-blogs.diariosur.es\/wp-content\/uploads\/sites\/12\/2023\/09\/372762058_10227504689421827_8984112957386720294_n-e1693684589461.jpg\"><img loading=\"lazy\" class=\"aligncenter size-full wp-image-38241\" src=\"https:\/\/static-blogs.diariosur.es\/wp-content\/uploads\/sites\/12\/2023\/09\/372762058_10227504689421827_8984112957386720294_n-e1693684589461.jpg\" alt=\"\" width=\"1200\" height=\"900\" \/><\/a><\/p>\n<p>&nbsp;<\/p>\n<p><a href=\"https:\/\/static-blogs.diariosur.es\/wp-content\/uploads\/sites\/12\/2023\/09\/373726928_10227504680901614_6857053668405170804_n.jpg\"><img loading=\"lazy\" class=\"aligncenter size-full wp-image-38242\" src=\"https:\/\/static-blogs.diariosur.es\/wp-content\/uploads\/sites\/12\/2023\/09\/373726928_10227504680901614_6857053668405170804_n.jpg\" alt=\"\" width=\"960\" height=\"720\" srcset=\"https:\/\/static-blogs.diariosur.es\/wp-content\/uploads\/sites\/12\/2023\/09\/373726928_10227504680901614_6857053668405170804_n.jpg 960w, https:\/\/static-blogs.diariosur.es\/wp-content\/uploads\/sites\/12\/2023\/09\/373726928_10227504680901614_6857053668405170804_n-533x400.jpg 533w, https:\/\/static-blogs.diariosur.es\/wp-content\/uploads\/sites\/12\/2023\/09\/373726928_10227504680901614_6857053668405170804_n-768x576.jpg 768w\" sizes=\"(max-width: 960px) 100vw, 960px\" \/><\/a><\/p>\n<p>&nbsp;<\/p>\n<p>Os dejo este video del temporal de levante que ha tra\u00eddo la dana a la costa malague\u00f1a hoy domingo 3 de septiembre.<\/p>\n<p>&nbsp;<\/p>\n<p><iframe loading=\"lazy\" title=\"YouTube video player\" src=\"https:\/\/www.youtube.com\/embed\/nBor87_DOQQ?si=049OMRjD-dNB6Kzc\" width=\"560\" height=\"315\" frameborder=\"0\" allowfullscreen=\"allowfullscreen\"><\/iframe><\/p>\n","protected":false},"excerpt":{"rendered":"<p>Buenos d\u00edas, amigos de la meteo. Esta noche o ma\u00f1ana os pondr\u00e9 los acumulados de precipitaci\u00f3n que se han dado en la provincia de M\u00e1laga. Espero que llueva m\u00e1s. Ayer de madrugada se produjo una tromba marina en Playamar, Torremolinos. Incluso toc\u00f3 tierra y destroz\u00f3 algunas hamacas en el Bajondillo. Mi amiga Carolina la caz\u00f3 [&hellip;]<\/p>\n","protected":false},"author":16,"featured_media":38244,"comment_status":"open","ping_status":"open","sticky":false,"template":"","format":"standard","meta":[],"categories":[2],"tags":[1856,151,307,358,587,603,676,872,991,1011],"_links":{"self":[{"href":"https:\/\/blogs.diariosur.es\/tormentas-y-rayos\/wp-json\/wp\/v2\/posts\/38240"}],"collection":[{"href":"https:\/\/blogs.diariosur.es\/tormentas-y-rayos\/wp-json\/wp\/v2\/posts"}],"about":[{"href":"https:\/\/blogs.diariosur.es\/tormentas-y-rayos\/wp-json\/wp\/v2\/types\/post"}],"author":[{"embeddable":true,"href":"https:\/\/blogs.diariosur.es\/tormentas-y-rayos\/wp-json\/wp\/v2\/users\/16"}],"replies":[{"embeddable":true,"href":"https:\/\/blogs.diariosur.es\/tormentas-y-rayos\/wp-json\/wp\/v2\/comments?post=38240"}],"version-history":[{"count":8,"href":"https:\/\/blogs.diariosur.es\/tormentas-y-rayos\/wp-json\/wp\/v2\/posts\/38240\/revisions"}],"predecessor-version":[{"id":49464,"href":"https:\/\/blogs.diariosur.es\/tormentas-y-rayos\/wp-json\/wp\/v2\/posts\/38240\/revisions\/49464"}],"wp:featuredmedia":[{"embeddable":true,"href":"https:\/\/blogs.diariosur.es\/tormentas-y-rayos\/wp-json\/wp\/v2\/media\/38244"}],"wp:attachment":[{"href":"https:\/\/blogs.diariosur.es\/tormentas-y-rayos\/wp-json\/wp\/v2\/media?parent=38240"}],"wp:term":[{"taxonomy":"category","embeddable":true,"href":"https:\/\/blogs.diariosur.es\/tormentas-y-rayos\/wp-json\/wp\/v2\/categories?post=38240"},{"taxonomy":"post_tag","embeddable":true,"href":"https:\/\/blogs.diariosur.es\/tormentas-y-rayos\/wp-json\/wp\/v2\/tags?post=38240"}],"curies":[{"name":"wp","href":"https:\/\/api.w.org\/{rel}","templated":true}]}}