{"id":38250,"date":"2023-09-03T20:29:13","date_gmt":"2023-09-03T18:29:13","guid":{"rendered":"https:\/\/blogs.diariosur.es\/tormentas-y-rayos\/?p=38250"},"modified":"2023-09-13T09:11:59","modified_gmt":"2023-09-13T07:11:59","slug":"acumulados-de-precipitacion-en-la-provincia-malaguena-la-axarquia-las-mas-beneficiada","status":"publish","type":"post","link":"https:\/\/blogs.diariosur.es\/tormentas-y-rayos\/2023\/09\/03\/acumulados-de-precipitacion-en-la-provincia-malaguena-la-axarquia-las-mas-beneficiada\/","title":{"rendered":"Acumulados de precipitaci\u00f3n en la provincia malague\u00f1a. La Axarqu\u00eda la m\u00e1s beneficiada."},"content":{"rendered":"<p><a href=\"https:\/\/static-blogs.diariosur.es\/wp-content\/uploads\/sites\/12\/2023\/06\/66505616_10216972270637940_5684453640765440_n-2.jpg\"><img loading=\"lazy\" class=\"aligncenter size-thumbnail wp-image-37376\" src=\"https:\/\/static-blogs.diariosur.es\/wp-content\/uploads\/sites\/12\/2023\/06\/66505616_10216972270637940_5684453640765440_n-2-150x150.jpg\" alt=\"\" width=\"150\" height=\"150\" srcset=\"https:\/\/static-blogs.diariosur.es\/wp-content\/uploads\/sites\/12\/2023\/06\/66505616_10216972270637940_5684453640765440_n-2-150x150.jpg 150w, https:\/\/static-blogs.diariosur.es\/wp-content\/uploads\/sites\/12\/2023\/06\/66505616_10216972270637940_5684453640765440_n-2-400x400.jpg 400w, https:\/\/static-blogs.diariosur.es\/wp-content\/uploads\/sites\/12\/2023\/06\/66505616_10216972270637940_5684453640765440_n-2.jpg 768w\" sizes=\"(max-width: 150px) 100vw, 150px\" \/><\/a><\/p>\n<p>Buenas noches, amigos de la meteo. Antes de poneros los acumulados m\u00e1s importantes, os pongo el enlace de esta ma\u00f1ana de la <a href=\"https:\/\/blogs.diariosur.es\/tormentas-y-rayos\/2023\/09\/03\/impresionante-tromba-marina-en-torremolinos-y-cielos-que-enamoran\/?ref=https%3A%2F%2Fblogs.diariosur.es%2F\"><strong>TROMBA MARINA<\/strong><\/a><\/p>\n<p>Los acumulados m\u00e1s importantes que ha dejado la dana en nuestra provincia han sido en la Axarqu\u00eda e interior m\u00e1s occidental.<\/p>\n<p>Mi amiga Mava Torres me manda desde Faraj\u00e1n la foto de su pluvi\u00f3metro. No esta nada mal, 40 litros. Muchas gracias<\/p>\n<p>&nbsp;<\/p>\n<p><a href=\"https:\/\/static-blogs.diariosur.es\/wp-content\/uploads\/sites\/12\/2023\/09\/374514089_10227510735772982_6968389928320831504_n.jpg\"><img loading=\"lazy\" class=\"aligncenter size-full wp-image-38255\" src=\"https:\/\/static-blogs.diariosur.es\/wp-content\/uploads\/sites\/12\/2023\/09\/374514089_10227510735772982_6968389928320831504_n.jpg\" alt=\"\" width=\"640\" height=\"1112\" srcset=\"https:\/\/static-blogs.diariosur.es\/wp-content\/uploads\/sites\/12\/2023\/09\/374514089_10227510735772982_6968389928320831504_n.jpg 640w, https:\/\/static-blogs.diariosur.es\/wp-content\/uploads\/sites\/12\/2023\/09\/374514089_10227510735772982_6968389928320831504_n-230x400.jpg 230w\" sizes=\"(max-width: 640px) 100vw, 640px\" \/><\/a><\/p>\n<p>&nbsp;<\/p>\n<p>Mi amigo Juan Carlos Bueno me manda desde Torre del Mar la foto de su pluvi\u00f3metro. Muy bien esos 30 litros<\/p>\n<p>&nbsp;<\/p>\n<p><a href=\"https:\/\/static-blogs.diariosur.es\/wp-content\/uploads\/sites\/12\/2023\/09\/375309780_10227510975138966_5358516844736786464_n.jpg\"><img loading=\"lazy\" class=\"aligncenter size-full wp-image-38256\" src=\"https:\/\/static-blogs.diariosur.es\/wp-content\/uploads\/sites\/12\/2023\/09\/375309780_10227510975138966_5358516844736786464_n.jpg\" alt=\"\" width=\"526\" height=\"936\" srcset=\"https:\/\/static-blogs.diariosur.es\/wp-content\/uploads\/sites\/12\/2023\/09\/375309780_10227510975138966_5358516844736786464_n.jpg 526w, https:\/\/static-blogs.diariosur.es\/wp-content\/uploads\/sites\/12\/2023\/09\/375309780_10227510975138966_5358516844736786464_n-225x400.jpg 225w\" sizes=\"(max-width: 526px) 100vw, 526px\" \/><\/a><\/p>\n<p>&nbsp;<\/p>\n<p>Los datos que os pongo son de Aemet, meteoclimatic, Red Hidrosur y Wuderground hasta las siete de la tarde. Sigue habiendo probabilidad de algunos chubascos.<\/p>\n<p><strong>Santo Pitar\u00a0 62 litros<\/strong><\/p>\n<p><strong>Los Reales 32 litros<\/strong><\/p>\n<p><strong>Majada de las Lomas 42 litros<\/strong><\/p>\n<p><strong>Rio Genal\u00a0 17.2 litros<\/strong><\/p>\n<p><strong>Alcauc\u00edn\u00a0 <span style=\"color: #ff0000;\">58.2 litros<\/span><\/strong><\/p>\n<p><strong>Embalse de la Vi\u00f1uela\u00a0<span style=\"color: #ff0000;\"> 60.5 litros<\/span><\/strong><\/p>\n<p><strong>Embalse Guadalteba\u00a0 13,9 litros<\/strong><\/p>\n<p><strong>Embalse del Limonero\u00a0 15.2 litros<\/strong><\/p>\n<p><strong>Alfarnatejo\u00a0<span style=\"color: #ff0000;\"> 61.6 litros<\/span><\/strong><\/p>\n<p><strong>Rio Benamargosa <span style=\"color: #ff0000;\">91.4 litros<\/span><\/strong><\/p>\n<p><strong>Torre del Mar 31.7 litros<\/strong><\/p>\n<p><strong>Colmenar 19 litros<\/strong><\/p>\n<p><strong>V\u00e9lez M\u00e1laga\u00a0 31.2 litros<\/strong><\/p>\n<p><strong>Rinc\u00f3n de la Victoria 26.9 litros<\/strong><\/p>\n<p><strong>Algatocin\u00a0 26.2 litros<\/strong><\/p>\n<p><strong>Alhaur\u00edn el Grande\u00a0 26.6 litros<\/strong><\/p>\n<p><strong>Co\u00edn 12.9 litros<\/strong><\/p>\n<p><strong>Alpandeire\u00a0 22.4 litros<\/strong><\/p>\n<p><strong>Gauc\u00edn\u00a0 12.2 litros<\/strong><\/p>\n<p><strong>Cortes de la Frontera\u00a0 16 litros<\/strong><\/p>\n<p><strong>Periana\u00a0 <span style=\"color: #ff0000;\">72 litros<\/span><\/strong><\/p>\n<p><strong>El Borge <span style=\"color: #ff0000;\">50.3 litros\u00a0<\/span><\/strong><\/p>\n<p><strong>Almarchar<span style=\"color: #ff0000;\"> 50.5 litros<\/span><\/strong><\/p>\n<p><strong>Rio Guadiaro\u00a0 25 litros<\/strong><\/p>\n<p><strong>Depuradora del Trapiche 23.6 litros<\/strong><\/p>\n<p><strong>Rio Tur\u00f3n Ardales 12 litros<\/strong><\/p>\n<p><strong>Rio Guadalteba\u00a0 13.5 litros<\/strong><\/p>\n<p><strong>Rio Grande 12 litros<\/strong><\/p>\n<p><strong>Ronda 8.4 litros\u00a0<\/strong><\/p>\n<p><strong>Nerja 7.2 litros<\/strong><\/p>\n<p><strong>Centro Meteorol\u00f3gico M\u00e1laga 11.4 litros<\/strong><\/p>\n<p><strong>Archidona Pta de la Hoya 15.9 litros<\/strong><\/p>\n<p><strong>El Colmenar las Buitreras\u00a0 14.4 litros<\/strong><\/p>\n<p><strong>M\u00e1laga El Palo 15.4 litros\u00a0<\/strong><\/p>\n<p>&nbsp;<\/p>\n<p>Esta tarde he estado en el Rinc\u00f3n de la Victoria y Torre del Mar. Os paso unos v\u00eddeos<\/p>\n<p>&nbsp;<\/p>\n<p><iframe loading=\"lazy\" title=\"YouTube video player\" src=\"https:\/\/www.youtube.com\/embed\/GlwtUF7T8oY?si=jdHkIlFMJXotliU1\" width=\"560\" height=\"315\" frameborder=\"0\" allowfullscreen=\"allowfullscreen\"><\/iframe><\/p>\n<p><iframe loading=\"lazy\" title=\"YouTube video player\" src=\"https:\/\/www.youtube.com\/embed\/B52hrZp5T8c?si=HqOty8IOnDS_O7r1\" width=\"560\" height=\"315\" frameborder=\"0\" allowfullscreen=\"allowfullscreen\"><\/iframe><\/p>\n<p><iframe loading=\"lazy\" title=\"YouTube video player\" src=\"https:\/\/www.youtube.com\/embed\/RX16TkXYr4w?si=JepQyRUc8HYbsNFL\" width=\"560\" height=\"315\" frameborder=\"0\" allowfullscreen=\"allowfullscreen\"><\/iframe><\/p>\n<p>&nbsp;<\/p>\n<p>Nos vemos ma\u00f1ana<\/p>\n","protected":false},"excerpt":{"rendered":"<p>Buenas noches, amigos de la meteo. Antes de poneros los acumulados m\u00e1s importantes, os pongo el enlace de esta ma\u00f1ana de la TROMBA MARINA Los acumulados m\u00e1s importantes que ha dejado la dana en nuestra provincia han sido en la Axarqu\u00eda e interior m\u00e1s occidental. Mi amiga Mava Torres me manda desde Faraj\u00e1n la foto [&hellip;]<\/p>\n","protected":false},"author":16,"featured_media":38257,"comment_status":"open","ping_status":"open","sticky":false,"template":"","format":"standard","meta":[],"categories":[2],"tags":[45,151,155,307,358,569,676,872],"_links":{"self":[{"href":"https:\/\/blogs.diariosur.es\/tormentas-y-rayos\/wp-json\/wp\/v2\/posts\/38250"}],"collection":[{"href":"https:\/\/blogs.diariosur.es\/tormentas-y-rayos\/wp-json\/wp\/v2\/posts"}],"about":[{"href":"https:\/\/blogs.diariosur.es\/tormentas-y-rayos\/wp-json\/wp\/v2\/types\/post"}],"author":[{"embeddable":true,"href":"https:\/\/blogs.diariosur.es\/tormentas-y-rayos\/wp-json\/wp\/v2\/users\/16"}],"replies":[{"embeddable":true,"href":"https:\/\/blogs.diariosur.es\/tormentas-y-rayos\/wp-json\/wp\/v2\/comments?post=38250"}],"version-history":[{"count":6,"href":"https:\/\/blogs.diariosur.es\/tormentas-y-rayos\/wp-json\/wp\/v2\/posts\/38250\/revisions"}],"predecessor-version":[{"id":38389,"href":"https:\/\/blogs.diariosur.es\/tormentas-y-rayos\/wp-json\/wp\/v2\/posts\/38250\/revisions\/38389"}],"wp:featuredmedia":[{"embeddable":true,"href":"https:\/\/blogs.diariosur.es\/tormentas-y-rayos\/wp-json\/wp\/v2\/media\/38257"}],"wp:attachment":[{"href":"https:\/\/blogs.diariosur.es\/tormentas-y-rayos\/wp-json\/wp\/v2\/media?parent=38250"}],"wp:term":[{"taxonomy":"category","embeddable":true,"href":"https:\/\/blogs.diariosur.es\/tormentas-y-rayos\/wp-json\/wp\/v2\/categories?post=38250"},{"taxonomy":"post_tag","embeddable":true,"href":"https:\/\/blogs.diariosur.es\/tormentas-y-rayos\/wp-json\/wp\/v2\/tags?post=38250"}],"curies":[{"name":"wp","href":"https:\/\/api.w.org\/{rel}","templated":true}]}}