{"id":38267,"date":"2023-09-05T09:38:51","date_gmt":"2023-09-05T07:38:51","guid":{"rendered":"https:\/\/blogs.diariosur.es\/tormentas-y-rayos\/?p=38267"},"modified":"2026-03-13T07:43:13","modified_gmt":"2026-03-13T06:43:13","slug":"el-ex-huracan-franklin-se-aproxima-a-la-peninsula-iberica-como-borrasca","status":"publish","type":"post","link":"https:\/\/blogs.diariosur.es\/tormentas-y-rayos\/2023\/09\/05\/el-ex-huracan-franklin-se-aproxima-a-la-peninsula-iberica-como-borrasca\/","title":{"rendered":"El ex hurac\u00e1n Franklin se aproxima a la pen\u00ednsula Ib\u00e9rica como borrasca."},"content":{"rendered":"<p><a href=\"https:\/\/static-blogs.diariosur.es\/wp-content\/uploads\/sites\/12\/2023\/06\/66505616_10216972270637940_5684453640765440_n-2.jpg\"><img loading=\"lazy\" class=\"aligncenter size-thumbnail wp-image-37376\" src=\"https:\/\/static-blogs.diariosur.es\/wp-content\/uploads\/sites\/12\/2023\/06\/66505616_10216972270637940_5684453640765440_n-2-150x150.jpg\" alt=\"\" width=\"150\" height=\"150\" srcset=\"https:\/\/static-blogs.diariosur.es\/wp-content\/uploads\/sites\/12\/2023\/06\/66505616_10216972270637940_5684453640765440_n-2-150x150.jpg 150w, https:\/\/static-blogs.diariosur.es\/wp-content\/uploads\/sites\/12\/2023\/06\/66505616_10216972270637940_5684453640765440_n-2-400x400.jpg 400w, https:\/\/static-blogs.diariosur.es\/wp-content\/uploads\/sites\/12\/2023\/06\/66505616_10216972270637940_5684453640765440_n-2.jpg 768w\" sizes=\"(max-width: 150px) 100vw, 150px\" \/><\/a><\/p>\n<p data-pm-slice=\"1 1 []\">Buenos d\u00edas, amigos de la meteo. Antes de hablaros de Franklin, os comento que hay probabilidad de chubascos <strong>d\u00e9biles y espor\u00e1dicos<\/strong> en la provincia malague\u00f1a, ma\u00f1ana a \u00faltima hora del d\u00eda y el jueves. Esto se deber\u00e1 al cambio de viento a levante y aire fr\u00edo en altura.<\/p>\n<p><em>Mi amigo Rub\u00e9n del Campo comentaba ayer esto en un Twitter Franklin, que en origen fue un cicl\u00f3n tropical, llegar\u00e1 como borrasca a nuestro entorno geogr\u00e1fico. No es raro que suceda esto. Generar\u00e1 vientos del sur, con temperaturas altas en el Cant\u00e1brico. Algo llover\u00e1 tambi\u00e9n, pero nada del otro mundo.<\/em><\/p>\n<p><em>Francisco Mart\u00edn Le\u00f3n comentaba esto en Meteored <\/em><strong><em>El que fue el poderoso hurac\u00e1n Franklin<\/em><\/strong><em>\u00a0se est\u00e1 acercando por el oeste a la pen\u00ednsula\u00a0<\/em><strong><em>en forma de borrasca<\/em><\/strong><em>\u00a0y completamente transformado. En su camino se va a\u00a0<\/em><strong><em>encontrar con la DANA<\/em><\/strong><em>\u00a0que nos ha dejado importantes precipitaciones en Pen\u00ednsula y Baleares. La DANA ya ha llegado a la fase de\u00a0<\/em><strong><em>Borrasca Fr\u00eda Aislada, BFA<\/em><\/strong><em>, pues ya tiene un reflejo en superficie.<\/em><\/p>\n<p><em>Ex-Franklin y la DANA interaccionar\u00e1n en todos los niveles: desde superficie a niveles altos. El sistema m\u00e1s intenso de los dos, aquel cuyo m\u00ednimo depresionario sea menor y absorba al otro, ser\u00e1 el que sobreviva con nombre y apellido: ex-Franklin o la DANA (sin nombre).<\/em><\/p>\n<p>Si hab\u00e9is le\u00eddo en los medios lo del ex hurac\u00e1n, tranquilidad, la borrasca no es nada del otro mundo. Y tampoco viene un hurac\u00e1n a la pen\u00ednsula.<\/p>\n<p>Os paso dos mapas de superficie de la AEMET En el primero se puede ver a ex Franklin interactuando con la dana. Y tambi\u00e9n a ex Idalia y ex Katia.<\/p>\n<p>&nbsp;<\/p>\n<p><a href=\"https:\/\/static-blogs.diariosur.es\/wp-content\/uploads\/sites\/12\/2023\/09\/0-e1693892950507.gif\"><img loading=\"lazy\" class=\"aligncenter size-full wp-image-38270\" src=\"https:\/\/static-blogs.diariosur.es\/wp-content\/uploads\/sites\/12\/2023\/09\/0-e1693892950507.gif\" alt=\"\" width=\"800\" height=\"560\" \/><\/a><\/p>\n<p>&nbsp;<\/p>\n<p>&nbsp;<\/p>\n<p><a href=\"https:\/\/static-blogs.diariosur.es\/wp-content\/uploads\/sites\/12\/2023\/09\/2-e1693892588306.gif\"><img loading=\"lazy\" class=\"aligncenter size-full wp-image-38269\" src=\"https:\/\/static-blogs.diariosur.es\/wp-content\/uploads\/sites\/12\/2023\/09\/2-e1693892588306.gif\" alt=\"\" width=\"800\" height=\"560\" \/><\/a><\/p>\n<p>Os dejo con una imagen de Franklin cuando era categor\u00eda 4.<\/p>\n<p>&nbsp;<\/p>\n<p><a href=\"https:\/\/static-blogs.diariosur.es\/wp-content\/uploads\/sites\/12\/2023\/09\/Captura-de-pantalla-2023-09-05-093735.jpg\"><img loading=\"lazy\" class=\"aligncenter size-full wp-image-38271\" src=\"https:\/\/static-blogs.diariosur.es\/wp-content\/uploads\/sites\/12\/2023\/09\/Captura-de-pantalla-2023-09-05-093735.jpg\" alt=\"\" width=\"940\" height=\"627\" srcset=\"https:\/\/static-blogs.diariosur.es\/wp-content\/uploads\/sites\/12\/2023\/09\/Captura-de-pantalla-2023-09-05-093735.jpg 940w, https:\/\/static-blogs.diariosur.es\/wp-content\/uploads\/sites\/12\/2023\/09\/Captura-de-pantalla-2023-09-05-093735-600x400.jpg 600w, https:\/\/static-blogs.diariosur.es\/wp-content\/uploads\/sites\/12\/2023\/09\/Captura-de-pantalla-2023-09-05-093735-768x512.jpg 768w\" sizes=\"(max-width: 940px) 100vw, 940px\" \/><\/a><\/p>\n","protected":false},"excerpt":{"rendered":"<p>Buenos d\u00edas, amigos de la meteo. Antes de hablaros de Franklin, os comento que hay probabilidad de chubascos d\u00e9biles y espor\u00e1dicos en la provincia malague\u00f1a, ma\u00f1ana a \u00faltima hora del d\u00eda y el jueves. Esto se deber\u00e1 al cambio de viento a levante y aire fr\u00edo en altura. Mi amigo Rub\u00e9n del Campo comentaba ayer [&hellip;]<\/p>\n","protected":false},"author":16,"featured_media":38271,"comment_status":"open","ping_status":"open","sticky":false,"template":"","format":"standard","meta":[],"categories":[2],"tags":[151,307,358,1857,496],"_links":{"self":[{"href":"https:\/\/blogs.diariosur.es\/tormentas-y-rayos\/wp-json\/wp\/v2\/posts\/38267"}],"collection":[{"href":"https:\/\/blogs.diariosur.es\/tormentas-y-rayos\/wp-json\/wp\/v2\/posts"}],"about":[{"href":"https:\/\/blogs.diariosur.es\/tormentas-y-rayos\/wp-json\/wp\/v2\/types\/post"}],"author":[{"embeddable":true,"href":"https:\/\/blogs.diariosur.es\/tormentas-y-rayos\/wp-json\/wp\/v2\/users\/16"}],"replies":[{"embeddable":true,"href":"https:\/\/blogs.diariosur.es\/tormentas-y-rayos\/wp-json\/wp\/v2\/comments?post=38267"}],"version-history":[{"count":2,"href":"https:\/\/blogs.diariosur.es\/tormentas-y-rayos\/wp-json\/wp\/v2\/posts\/38267\/revisions"}],"predecessor-version":[{"id":49462,"href":"https:\/\/blogs.diariosur.es\/tormentas-y-rayos\/wp-json\/wp\/v2\/posts\/38267\/revisions\/49462"}],"wp:featuredmedia":[{"embeddable":true,"href":"https:\/\/blogs.diariosur.es\/tormentas-y-rayos\/wp-json\/wp\/v2\/media\/38271"}],"wp:attachment":[{"href":"https:\/\/blogs.diariosur.es\/tormentas-y-rayos\/wp-json\/wp\/v2\/media?parent=38267"}],"wp:term":[{"taxonomy":"category","embeddable":true,"href":"https:\/\/blogs.diariosur.es\/tormentas-y-rayos\/wp-json\/wp\/v2\/categories?post=38267"},{"taxonomy":"post_tag","embeddable":true,"href":"https:\/\/blogs.diariosur.es\/tormentas-y-rayos\/wp-json\/wp\/v2\/tags?post=38267"}],"curies":[{"name":"wp","href":"https:\/\/api.w.org\/{rel}","templated":true}]}}