{"id":38316,"date":"2023-09-11T10:22:02","date_gmt":"2023-09-11T08:22:02","guid":{"rendered":"https:\/\/blogs.diariosur.es\/tormentas-y-rayos\/?p=38316"},"modified":"2026-03-13T07:39:27","modified_gmt":"2026-03-13T06:39:27","slug":"seguimiento-especial-probable-borrasca-fria-al-oeste-de-la-peninsula","status":"publish","type":"post","link":"https:\/\/blogs.diariosur.es\/tormentas-y-rayos\/2023\/09\/11\/seguimiento-especial-probable-borrasca-fria-al-oeste-de-la-peninsula\/","title":{"rendered":"Seguimiento especial probable borrasca fr\u00eda al oeste de la pen\u00ednsula."},"content":{"rendered":"<p><a href=\"https:\/\/static-blogs.diariosur.es\/wp-content\/uploads\/sites\/12\/2023\/09\/375323357_10227521084351690_5428862938073510864_n.jpg\"><img loading=\"lazy\" class=\"aligncenter size-thumbnail wp-image-38274\" src=\"https:\/\/static-blogs.diariosur.es\/wp-content\/uploads\/sites\/12\/2023\/09\/375323357_10227521084351690_5428862938073510864_n-150x150.jpg\" alt=\"\" width=\"150\" height=\"150\" \/><\/a><\/p>\n<p data-pm-slice=\"1 1 []\">Buenos d\u00edas, amigos de la meteo. Antes de nada, comentaros que hoy lunes las provincias de Granada, Almer\u00eda y Ja\u00e9n est\u00e1n en aviso amarillo por tormentas, y tambi\u00e9n otras zonas de la pen\u00ednsula. Esto se debe a que tenemos una vaguada de aire fr\u00edo inestable. Ayer incluso se activ\u00f3 el aviso rojo en el Pa\u00eds Vasco.<\/p>\n<p>A partir de hoy, haremos un seguimiento especial de una probable borrasca fr\u00eda que afectar\u00e1 a nuestra comunidad y a otros puntos de la pen\u00ednsula a partir del viernes. Pero de momento no me pregunt\u00e9is si va a llover o no en todos los portales de la provincia de M\u00e1laga; esto lo sabremos dentro de unos d\u00edas.<\/p>\n<p>Antes de poneros mapas y probables acumulados, os toca leer el post de los acumulados y el de las inundaciones de septiembre. Y ver dos v\u00eddeos.<\/p>\n<h3 class=\"voc-blogs-section\"><a href=\"https:\/\/blogs.diariosur.es\/tormentas-y-rayos\/2023\/09\/03\/acumulados-de-precipitacion-en-la-provincia-malaguena-la-axarquia-las-mas-beneficiada\/\"><span style=\"vertical-align: inherit;\">Acumulados de precipitaci\u00f3n en la provincia malague\u00f1a. La Axarqu\u00eda las m\u00e1s beneficiadas.<\/span><\/a><\/h3>\n<h3 class=\"voc-blogs-section\"><a href=\"https:\/\/blogs.diariosur.es\/tormentas-y-rayos\/2023\/09\/08\/las-mayores-inundaciones-y-fallecimientos-se-han-dado-en-septiembre-en-malaga-mapas-fotos\/\"><strong><span style=\"vertical-align: inherit;\">Las mayores inundaciones y fallecimientos se han dado en septiembre en M\u00e1laga. mapas, fotos<\/span><\/strong><\/a><\/h3>\n<p>&nbsp;<\/p>\n<p>&nbsp;<\/p>\n<p><iframe loading=\"lazy\" title=\"YouTube video player\" src=\"https:\/\/www.youtube.com\/embed\/xtb6Q4a-hs4?si=US2KCrl0QO0fitu5\" width=\"560\" height=\"315\" frameborder=\"0\" allowfullscreen=\"allowfullscreen\" data-mce-fragment=\"1\"><\/iframe><\/p>\n<p><iframe loading=\"lazy\" title=\"YouTube video player\" src=\"https:\/\/www.youtube.com\/embed\/DEyAlgWNl2Y?si=xgGJztl7Fy_FBOOG\" width=\"560\" height=\"315\" frameborder=\"0\" allowfullscreen=\"allowfullscreen\" data-mce-fragment=\"1\"><\/iframe><\/p>\n<p>&nbsp;<\/p>\n<h3><span style=\"color: #ff0000;\"><strong><span style=\"vertical-align: inherit;\">Seguimiento especial probable borrasca fr\u00eda al oeste de la pen\u00ednsula. El tiempo en Andaluc\u00eda.<\/span><\/strong><\/span><\/h3>\n<p>&nbsp;<\/p>\n<p data-pm-slice=\"1 1 []\"><strong>A petici\u00f3n de muchos seguidores, haremos un seguimiento de esta situaci\u00f3n. Sinceramente, no pensaba hacerla hasta el jueves porque quedan muchos d\u00edas. De momento, los modelos no dan gran cosa en nuestra comunidad andaluza; en otras zonas de la pen\u00ednsula, s\u00ed.<\/strong><\/p>\n<p>A partir del viernes se descolgar\u00e1 una vaguada muy potente hacia el oeste de la pen\u00ednsula; es probable, no confirmo, que se forme una borrasca fr\u00eda al oeste de Portugal.<\/p>\n<p>Os pongo primeramente el modelo americano y luego el europeo.\u00a0 Lo que veis al oeste de las Azores es el hurac\u00e1n Margot, que ahora mismo es tormenta tropical.<\/p>\n<p>&nbsp;<\/p>\n<p>&nbsp;<\/p>\n<p><a href=\"https:\/\/static-blogs.diariosur.es\/wp-content\/uploads\/sites\/12\/2023\/09\/viernes-2.jpg\"><img loading=\"lazy\" class=\"aligncenter size-full wp-image-38303\" src=\"https:\/\/static-blogs.diariosur.es\/wp-content\/uploads\/sites\/12\/2023\/09\/viernes-2.jpg\" alt=\"\" width=\"771\" height=\"521\" srcset=\"https:\/\/static-blogs.diariosur.es\/wp-content\/uploads\/sites\/12\/2023\/09\/viernes-2.jpg 771w, https:\/\/static-blogs.diariosur.es\/wp-content\/uploads\/sites\/12\/2023\/09\/viernes-2-592x400.jpg 592w, https:\/\/static-blogs.diariosur.es\/wp-content\/uploads\/sites\/12\/2023\/09\/viernes-2-768x519.jpg 768w\" sizes=\"(max-width: 771px) 100vw, 771px\" \/><\/a><\/p>\n<p>&nbsp;<\/p>\n<p><a href=\"https:\/\/static-blogs.diariosur.es\/wp-content\/uploads\/sites\/12\/2023\/09\/z-2.jpg\"><img loading=\"lazy\" class=\"aligncenter size-full wp-image-38320\" src=\"https:\/\/static-blogs.diariosur.es\/wp-content\/uploads\/sites\/12\/2023\/09\/z-2.jpg\" alt=\"\" width=\"778\" height=\"527\" srcset=\"https:\/\/static-blogs.diariosur.es\/wp-content\/uploads\/sites\/12\/2023\/09\/z-2.jpg 778w, https:\/\/static-blogs.diariosur.es\/wp-content\/uploads\/sites\/12\/2023\/09\/z-2-591x400.jpg 591w, https:\/\/static-blogs.diariosur.es\/wp-content\/uploads\/sites\/12\/2023\/09\/z-2-768x520.jpg 768w\" sizes=\"(max-width: 778px) 100vw, 778px\" \/><\/a><\/p>\n<p>&nbsp;<\/p>\n<p><a href=\"https:\/\/static-blogs.diariosur.es\/wp-content\/uploads\/sites\/12\/2023\/09\/E-1.jpg\"><img loading=\"lazy\" class=\"aligncenter size-full wp-image-38321\" src=\"https:\/\/static-blogs.diariosur.es\/wp-content\/uploads\/sites\/12\/2023\/09\/E-1.jpg\" alt=\"\" width=\"766\" height=\"530\" srcset=\"https:\/\/static-blogs.diariosur.es\/wp-content\/uploads\/sites\/12\/2023\/09\/E-1.jpg 766w, https:\/\/static-blogs.diariosur.es\/wp-content\/uploads\/sites\/12\/2023\/09\/E-1-578x400.jpg 578w\" sizes=\"(max-width: 766px) 100vw, 766px\" \/><\/a><\/p>\n<p><a href=\"https:\/\/static-blogs.diariosur.es\/wp-content\/uploads\/sites\/12\/2023\/09\/z1-1.jpg\"><img loading=\"lazy\" class=\"aligncenter size-full wp-image-38322\" src=\"https:\/\/static-blogs.diariosur.es\/wp-content\/uploads\/sites\/12\/2023\/09\/z1-1.jpg\" alt=\"\" width=\"794\" height=\"529\" srcset=\"https:\/\/static-blogs.diariosur.es\/wp-content\/uploads\/sites\/12\/2023\/09\/z1-1.jpg 794w, https:\/\/static-blogs.diariosur.es\/wp-content\/uploads\/sites\/12\/2023\/09\/z1-1-600x400.jpg 600w, https:\/\/static-blogs.diariosur.es\/wp-content\/uploads\/sites\/12\/2023\/09\/z1-1-768x512.jpg 768w\" sizes=\"(max-width: 794px) 100vw, 794px\" \/><\/a><\/p>\n<p>&nbsp;<\/p>\n<p>Os paso los acumulados previstos del viernes al domingo en nuestra comunidad del modelo americano y europeo. De momento poca cosa.<\/p>\n<p>&nbsp;<\/p>\n<p><a href=\"https:\/\/static-blogs.diariosur.es\/wp-content\/uploads\/sites\/12\/2023\/09\/AMERICANO.jpg\"><img loading=\"lazy\" class=\"aligncenter size-full wp-image-38309\" src=\"https:\/\/static-blogs.diariosur.es\/wp-content\/uploads\/sites\/12\/2023\/09\/AMERICANO.jpg\" alt=\"\" width=\"762\" height=\"773\" srcset=\"https:\/\/static-blogs.diariosur.es\/wp-content\/uploads\/sites\/12\/2023\/09\/AMERICANO.jpg 762w, https:\/\/static-blogs.diariosur.es\/wp-content\/uploads\/sites\/12\/2023\/09\/AMERICANO-394x400.jpg 394w\" sizes=\"(max-width: 762px) 100vw, 762px\" \/><\/a><\/p>\n<p><a href=\"https:\/\/static-blogs.diariosur.es\/wp-content\/uploads\/sites\/12\/2023\/09\/EUROPEO-2.jpg\"><img loading=\"lazy\" class=\"aligncenter size-full wp-image-38313\" src=\"https:\/\/static-blogs.diariosur.es\/wp-content\/uploads\/sites\/12\/2023\/09\/EUROPEO-2.jpg\" alt=\"\" width=\"764\" height=\"762\" srcset=\"https:\/\/static-blogs.diariosur.es\/wp-content\/uploads\/sites\/12\/2023\/09\/EUROPEO-2.jpg 764w, https:\/\/static-blogs.diariosur.es\/wp-content\/uploads\/sites\/12\/2023\/09\/EUROPEO-2-150x150.jpg 150w, https:\/\/static-blogs.diariosur.es\/wp-content\/uploads\/sites\/12\/2023\/09\/EUROPEO-2-401x400.jpg 401w\" sizes=\"(max-width: 764px) 100vw, 764px\" \/><\/a><\/p>\n<p>&nbsp;<\/p>\n<p>&nbsp;<\/p>\n<p>Nos vemos ma\u00f1ana.<\/p>\n<p>&nbsp;<\/p>\n<p>&nbsp;<\/p>\n<p>&nbsp;<\/p>\n<p>&nbsp;<\/p>\n","protected":false},"excerpt":{"rendered":"<p>Buenos d\u00edas, amigos de la meteo. Antes de nada, comentaros que hoy lunes las provincias de Granada, Almer\u00eda y Ja\u00e9n est\u00e1n en aviso amarillo por tormentas, y tambi\u00e9n otras zonas de la pen\u00ednsula. Esto se debe a que tenemos una vaguada de aire fr\u00edo inestable. Ayer incluso se activ\u00f3 el aviso rojo en el Pa\u00eds [&hellip;]<\/p>\n","protected":false},"author":16,"featured_media":38323,"comment_status":"open","ping_status":"open","sticky":false,"template":"","format":"standard","meta":[],"categories":[2],"tags":[100,151,188,358,375,569,587,676,872,996],"_links":{"self":[{"href":"https:\/\/blogs.diariosur.es\/tormentas-y-rayos\/wp-json\/wp\/v2\/posts\/38316"}],"collection":[{"href":"https:\/\/blogs.diariosur.es\/tormentas-y-rayos\/wp-json\/wp\/v2\/posts"}],"about":[{"href":"https:\/\/blogs.diariosur.es\/tormentas-y-rayos\/wp-json\/wp\/v2\/types\/post"}],"author":[{"embeddable":true,"href":"https:\/\/blogs.diariosur.es\/tormentas-y-rayos\/wp-json\/wp\/v2\/users\/16"}],"replies":[{"embeddable":true,"href":"https:\/\/blogs.diariosur.es\/tormentas-y-rayos\/wp-json\/wp\/v2\/comments?post=38316"}],"version-history":[{"count":6,"href":"https:\/\/blogs.diariosur.es\/tormentas-y-rayos\/wp-json\/wp\/v2\/posts\/38316\/revisions"}],"predecessor-version":[{"id":49460,"href":"https:\/\/blogs.diariosur.es\/tormentas-y-rayos\/wp-json\/wp\/v2\/posts\/38316\/revisions\/49460"}],"wp:featuredmedia":[{"embeddable":true,"href":"https:\/\/blogs.diariosur.es\/tormentas-y-rayos\/wp-json\/wp\/v2\/media\/38323"}],"wp:attachment":[{"href":"https:\/\/blogs.diariosur.es\/tormentas-y-rayos\/wp-json\/wp\/v2\/media?parent=38316"}],"wp:term":[{"taxonomy":"category","embeddable":true,"href":"https:\/\/blogs.diariosur.es\/tormentas-y-rayos\/wp-json\/wp\/v2\/categories?post=38316"},{"taxonomy":"post_tag","embeddable":true,"href":"https:\/\/blogs.diariosur.es\/tormentas-y-rayos\/wp-json\/wp\/v2\/tags?post=38316"}],"curies":[{"name":"wp","href":"https:\/\/api.w.org\/{rel}","templated":true}]}}