{"id":38374,"date":"2023-09-13T08:38:47","date_gmt":"2023-09-13T06:38:47","guid":{"rendered":"https:\/\/blogs.diariosur.es\/tormentas-y-rayos\/?p=38374"},"modified":"2026-03-13T07:36:30","modified_gmt":"2026-03-13T06:36:30","slug":"probabilidad-de-chubascos-tormentosos-el-jueves-y-el-viernes-en-la-provincia-de-malaga","status":"publish","type":"post","link":"https:\/\/blogs.diariosur.es\/tormentas-y-rayos\/2023\/09\/13\/probabilidad-de-chubascos-tormentosos-el-jueves-y-el-viernes-en-la-provincia-de-malaga\/","title":{"rendered":"Probabilidad de chubascos tormentosos el jueves y el viernes en la provincia de M\u00e1laga."},"content":{"rendered":"<p><a href=\"https:\/\/static-blogs.diariosur.es\/wp-content\/uploads\/sites\/12\/2023\/09\/375323357_10227521084351690_5428862938073510864_n.jpg\"><img loading=\"lazy\" class=\"aligncenter size-thumbnail wp-image-38274\" src=\"https:\/\/static-blogs.diariosur.es\/wp-content\/uploads\/sites\/12\/2023\/09\/375323357_10227521084351690_5428862938073510864_n-150x150.jpg\" alt=\"\" width=\"150\" height=\"150\" \/><\/a><\/p>\n<p data-pm-slice=\"1 1 []\">Buenos d\u00edas, amigos de la meteo. Ayer martes se registraron las temperaturas m\u00e1ximas m\u00e1s altas de Espa\u00f1a en la provincia malague\u00f1a, debido al viento de terral.<\/p>\n<p>Os paso los datos de AEMET. \u00c1lora, 34.1 grados. Centro Meteorol\u00f3gico 33.2.<\/p>\n<h3><span style=\"color: #ff0000;\"><strong>Probabilidad de chubascos tormentosos jueves y viernes en la provincia malague\u00f1a y otras zonas de Andaluc\u00eda.<\/strong><\/span><\/h3>\n<p data-pm-slice=\"1 1 []\">Antes de nada, comentaros que hablo de probabilidad de chubascos tormentosos; <strong>no s\u00e9 si caer\u00e1n en todos los portales de la provincia<\/strong>. Estos chubascos no tienen nada que ver con la borrasca que se formar\u00e1 al oeste de Galicia el s\u00e1bado, sino con el aire fr\u00edo inestable en capas altas y con el viento muy h\u00famedo de levante.\u00a0 La calima tambi\u00e9n ser\u00e1 protagonista ma\u00f1ana jueves y el viernes, d\u00e1ndose la mayor concentraci\u00f3n en la provincia de Almer\u00eda.<\/p>\n<p>De momento no hay activados avisos para el jueves y el viernes por tormentas en nuestra comunidad. S\u00ed los hay<strong> hoy mi\u00e9rcoles<\/strong> en Guadix, Baza y Sierra de Cazorla por tormentas y precipitaciones de 15 litros en una hora.<\/p>\n<p>Destacar tambi\u00e9n las rachas de viento de levante de moderadas a fuertes, que se dar\u00e1n en las costas de Almer\u00eda, Granada, M\u00e1laga, comarcas de Ronda y Antequera, C\u00e1diz, Estrecho y campi\u00f1a gaditana el jueves y primeras horas del viernes.<\/p>\n<p>En este mapa de superficie de la AEMET, se puede ver perfectamente la l\u00ednea de inestabilidad.<\/p>\n<p>&nbsp;<\/p>\n<p><a href=\"https:\/\/static-blogs.diariosur.es\/wp-content\/uploads\/sites\/12\/2023\/09\/Captura-de-pantalla-2023-09-13-065929.jpg\"><img loading=\"lazy\" class=\"aligncenter size-full wp-image-38385\" src=\"https:\/\/static-blogs.diariosur.es\/wp-content\/uploads\/sites\/12\/2023\/09\/Captura-de-pantalla-2023-09-13-065929.jpg\" alt=\"\" width=\"929\" height=\"621\" srcset=\"https:\/\/static-blogs.diariosur.es\/wp-content\/uploads\/sites\/12\/2023\/09\/Captura-de-pantalla-2023-09-13-065929.jpg 929w, https:\/\/static-blogs.diariosur.es\/wp-content\/uploads\/sites\/12\/2023\/09\/Captura-de-pantalla-2023-09-13-065929-598x400.jpg 598w, https:\/\/static-blogs.diariosur.es\/wp-content\/uploads\/sites\/12\/2023\/09\/Captura-de-pantalla-2023-09-13-065929-768x513.jpg 768w\" sizes=\"(max-width: 929px) 100vw, 929px\" \/><\/a><\/p>\n<p>&nbsp;<\/p>\n<p data-pm-slice=\"1 1 []\">Sobre el tiempo que se espera el fin de semana, lo veremos ma\u00f1ana; a\u00fan no est\u00e1 clara la posici\u00f3n de la borrasca fr\u00eda y si traer\u00e1 precipitaciones a la provincia de M\u00e1laga.<\/p>\n<p>&nbsp;<\/p>\n","protected":false},"excerpt":{"rendered":"<p>Buenos d\u00edas, amigos de la meteo. Ayer martes se registraron las temperaturas m\u00e1ximas m\u00e1s altas de Espa\u00f1a en la provincia malague\u00f1a, debido al viento de terral. Os paso los datos de AEMET. \u00c1lora, 34.1 grados. Centro Meteorol\u00f3gico 33.2. Probabilidad de chubascos tormentosos jueves y viernes en la provincia malague\u00f1a y otras zonas de Andaluc\u00eda. Antes [&hellip;]<\/p>\n","protected":false},"author":16,"featured_media":30206,"comment_status":"open","ping_status":"open","sticky":false,"template":"","format":"standard","meta":[],"categories":[2],"tags":[94,100,151,188,209,307,358,467,569,587,996],"_links":{"self":[{"href":"https:\/\/blogs.diariosur.es\/tormentas-y-rayos\/wp-json\/wp\/v2\/posts\/38374"}],"collection":[{"href":"https:\/\/blogs.diariosur.es\/tormentas-y-rayos\/wp-json\/wp\/v2\/posts"}],"about":[{"href":"https:\/\/blogs.diariosur.es\/tormentas-y-rayos\/wp-json\/wp\/v2\/types\/post"}],"author":[{"embeddable":true,"href":"https:\/\/blogs.diariosur.es\/tormentas-y-rayos\/wp-json\/wp\/v2\/users\/16"}],"replies":[{"embeddable":true,"href":"https:\/\/blogs.diariosur.es\/tormentas-y-rayos\/wp-json\/wp\/v2\/comments?post=38374"}],"version-history":[{"count":12,"href":"https:\/\/blogs.diariosur.es\/tormentas-y-rayos\/wp-json\/wp\/v2\/posts\/38374\/revisions"}],"predecessor-version":[{"id":49457,"href":"https:\/\/blogs.diariosur.es\/tormentas-y-rayos\/wp-json\/wp\/v2\/posts\/38374\/revisions\/49457"}],"wp:featuredmedia":[{"embeddable":true,"href":"https:\/\/blogs.diariosur.es\/tormentas-y-rayos\/wp-json\/wp\/v2\/media\/30206"}],"wp:attachment":[{"href":"https:\/\/blogs.diariosur.es\/tormentas-y-rayos\/wp-json\/wp\/v2\/media?parent=38374"}],"wp:term":[{"taxonomy":"category","embeddable":true,"href":"https:\/\/blogs.diariosur.es\/tormentas-y-rayos\/wp-json\/wp\/v2\/categories?post=38374"},{"taxonomy":"post_tag","embeddable":true,"href":"https:\/\/blogs.diariosur.es\/tormentas-y-rayos\/wp-json\/wp\/v2\/tags?post=38374"}],"curies":[{"name":"wp","href":"https:\/\/api.w.org\/{rel}","templated":true}]}}