{"id":38419,"date":"2023-09-16T08:32:29","date_gmt":"2023-09-16T06:32:29","guid":{"rendered":"https:\/\/blogs.diariosur.es\/tormentas-y-rayos\/?p=38419"},"modified":"2026-03-13T07:31:43","modified_gmt":"2026-03-13T06:31:43","slug":"noventa-y-un-dias-sin-registrar-esta-minima-el-centro-meteorologico-de-malaga-prevision-sabado-y-domingo","status":"publish","type":"post","link":"https:\/\/blogs.diariosur.es\/tormentas-y-rayos\/2023\/09\/16\/noventa-y-un-dias-sin-registrar-esta-minima-el-centro-meteorologico-de-malaga-prevision-sabado-y-domingo\/","title":{"rendered":"Noventa y un d\u00edas, sin registrar esta m\u00ednima el Centro Meteorol\u00f3gico de M\u00e1laga. Previsi\u00f3n s\u00e1bado y domingo."},"content":{"rendered":"<p><a href=\"https:\/\/static-blogs.diariosur.es\/wp-content\/uploads\/sites\/12\/2023\/09\/375323357_10227521084351690_5428862938073510864_n.jpg\"><img loading=\"lazy\" class=\"aligncenter size-thumbnail wp-image-38274\" src=\"https:\/\/static-blogs.diariosur.es\/wp-content\/uploads\/sites\/12\/2023\/09\/375323357_10227521084351690_5428862938073510864_n-150x150.jpg\" alt=\"\" width=\"150\" height=\"150\" \/><\/a><\/p>\n<p>&nbsp;<\/p>\n<p data-pm-slice=\"1 1 []\">Muy buenos d\u00edas, amigos de la meteo. Desde el 15 de junio no se registraba en el Centro Meteorol\u00f3gico de M\u00e1laga esta temperatura m\u00ednima de 19,7 grados. Esperemos que tenga continuidad y las madrugadas sean m\u00e1s frescas.<\/p>\n<p>Hoy s\u00e1bado la probabilidad de precipitaciones en la provincia de M\u00e1laga es muy baja. Ma\u00f1ana domingo aumenta la probabilidad de chubascos d\u00e9biles y espor\u00e1dicos por el interior m\u00e1s occidental a partir del mediod\u00eda, sin descartarlos en alg\u00fan punto de la costa. Esto se deber\u00e1 a que nos cruza un frente en frontolisis, es decir, un frente muy poco activo.<\/p>\n<p>Os pongo el mapa de superficie de la AEMET.<\/p>\n<p>&nbsp;<\/p>\n<p><a href=\"https:\/\/static-blogs.diariosur.es\/wp-content\/uploads\/sites\/12\/2023\/09\/Captura-de-pantalla-2023-09-16-082701.jpg\"><img loading=\"lazy\" class=\"aligncenter size-full wp-image-38425\" src=\"https:\/\/static-blogs.diariosur.es\/wp-content\/uploads\/sites\/12\/2023\/09\/Captura-de-pantalla-2023-09-16-082701.jpg\" alt=\"\" width=\"941\" height=\"652\" srcset=\"https:\/\/static-blogs.diariosur.es\/wp-content\/uploads\/sites\/12\/2023\/09\/Captura-de-pantalla-2023-09-16-082701.jpg 941w, https:\/\/static-blogs.diariosur.es\/wp-content\/uploads\/sites\/12\/2023\/09\/Captura-de-pantalla-2023-09-16-082701-577x400.jpg 577w, https:\/\/static-blogs.diariosur.es\/wp-content\/uploads\/sites\/12\/2023\/09\/Captura-de-pantalla-2023-09-16-082701-768x532.jpg 768w\" sizes=\"(max-width: 941px) 100vw, 941px\" \/><\/a><\/p>\n<p>&nbsp;<\/p>\n<p>Os dejo con un par de videos y fotos.<\/p>\n<p>Chaparr\u00f3n jueves 14 en Avda Ortega y Gasset en M\u00e1laga<\/p>\n<p><iframe loading=\"lazy\" title=\"YouTube video player\" src=\"https:\/\/www.youtube.com\/embed\/bXCjXC4gzoc?si=QsMrIghaf0v12ahP\" width=\"560\" height=\"315\" frameborder=\"0\" allowfullscreen=\"allowfullscreen\"><\/iframe><\/p>\n<p>Chaparr\u00f3n con granizo chico en Humilladero, 15 de septiembre<\/p>\n<p><iframe loading=\"lazy\" title=\"YouTube video player\" src=\"https:\/\/www.youtube.com\/embed\/WL-BvPR5RUg?si=eLdkDj1eAdKB1PbY\" width=\"560\" height=\"315\" frameborder=\"0\" allowfullscreen=\"allowfullscreen\"><\/iframe><\/p>\n<p>&nbsp;<\/p>\n<p>Cortina de agua en Sierra Yeguas. Hubo inundaciones<\/p>\n<p>&nbsp;<\/p>\n<p><iframe loading=\"lazy\" title=\"YouTube video player\" src=\"https:\/\/www.youtube.com\/embed\/cJhgVJS3aqo?si=6unFOZjDBP4xS5Dg\" width=\"560\" height=\"315\" frameborder=\"0\" allowfullscreen=\"allowfullscreen\"><\/iframe><\/p>\n<p>&nbsp;<\/p>\n<p>Tormenta en Sierra Yeguas.<\/p>\n<p>&nbsp;<\/p>\n<p><a href=\"https:\/\/static-blogs.diariosur.es\/wp-content\/uploads\/sites\/12\/2023\/09\/DSC_1824.jpg\"><img loading=\"lazy\" class=\"aligncenter size-full wp-image-38421\" src=\"https:\/\/static-blogs.diariosur.es\/wp-content\/uploads\/sites\/12\/2023\/09\/DSC_1824.jpg\" alt=\"\" width=\"1200\" height=\"800\" srcset=\"https:\/\/static-blogs.diariosur.es\/wp-content\/uploads\/sites\/12\/2023\/09\/DSC_1824.jpg 1200w, https:\/\/static-blogs.diariosur.es\/wp-content\/uploads\/sites\/12\/2023\/09\/DSC_1824-600x400.jpg 600w, https:\/\/static-blogs.diariosur.es\/wp-content\/uploads\/sites\/12\/2023\/09\/DSC_1824-768x512.jpg 768w\" sizes=\"(max-width: 1200px) 100vw, 1200px\" \/><\/a><\/p>\n<p>&nbsp;<\/p>\n<p><a href=\"https:\/\/static-blogs.diariosur.es\/wp-content\/uploads\/sites\/12\/2023\/09\/DSC_1826.jpg\"><img loading=\"lazy\" class=\"aligncenter size-full wp-image-38422\" src=\"https:\/\/static-blogs.diariosur.es\/wp-content\/uploads\/sites\/12\/2023\/09\/DSC_1826.jpg\" alt=\"\" width=\"1200\" height=\"800\" srcset=\"https:\/\/static-blogs.diariosur.es\/wp-content\/uploads\/sites\/12\/2023\/09\/DSC_1826.jpg 1200w, https:\/\/static-blogs.diariosur.es\/wp-content\/uploads\/sites\/12\/2023\/09\/DSC_1826-600x400.jpg 600w, https:\/\/static-blogs.diariosur.es\/wp-content\/uploads\/sites\/12\/2023\/09\/DSC_1826-768x512.jpg 768w\" sizes=\"(max-width: 1200px) 100vw, 1200px\" \/><\/a><\/p>\n<p>&nbsp;<\/p>\n<p>Cortina de lluvia y granizo que dejo inundaciones en Sierra Yeguas.<\/p>\n<p>&nbsp;<\/p>\n<p><a href=\"https:\/\/static-blogs.diariosur.es\/wp-content\/uploads\/sites\/12\/2023\/09\/DSC_1835.jpg\"><img loading=\"lazy\" class=\"aligncenter size-full wp-image-38423\" src=\"https:\/\/static-blogs.diariosur.es\/wp-content\/uploads\/sites\/12\/2023\/09\/DSC_1835.jpg\" alt=\"\" width=\"1200\" height=\"637\" srcset=\"https:\/\/static-blogs.diariosur.es\/wp-content\/uploads\/sites\/12\/2023\/09\/DSC_1835.jpg 1200w, https:\/\/static-blogs.diariosur.es\/wp-content\/uploads\/sites\/12\/2023\/09\/DSC_1835-640x340.jpg 640w, https:\/\/static-blogs.diariosur.es\/wp-content\/uploads\/sites\/12\/2023\/09\/DSC_1835-768x408.jpg 768w\" sizes=\"(max-width: 1200px) 100vw, 1200px\" \/><\/a><\/p>\n<p>&nbsp;<\/p>\n","protected":false},"excerpt":{"rendered":"<p>&nbsp; Muy buenos d\u00edas, amigos de la meteo. Desde el 15 de junio no se registraba en el Centro Meteorol\u00f3gico de M\u00e1laga esta temperatura m\u00ednima de 19,7 grados. Esperemos que tenga continuidad y las madrugadas sean m\u00e1s frescas. Hoy s\u00e1bado la probabilidad de precipitaciones en la provincia de M\u00e1laga es muy baja. Ma\u00f1ana domingo aumenta [&hellip;]<\/p>\n","protected":false},"author":16,"featured_media":38422,"comment_status":"open","ping_status":"open","sticky":false,"template":"","format":"standard","meta":[],"categories":[2],"tags":[100,151,307,569,587,676,1517,996],"_links":{"self":[{"href":"https:\/\/blogs.diariosur.es\/tormentas-y-rayos\/wp-json\/wp\/v2\/posts\/38419"}],"collection":[{"href":"https:\/\/blogs.diariosur.es\/tormentas-y-rayos\/wp-json\/wp\/v2\/posts"}],"about":[{"href":"https:\/\/blogs.diariosur.es\/tormentas-y-rayos\/wp-json\/wp\/v2\/types\/post"}],"author":[{"embeddable":true,"href":"https:\/\/blogs.diariosur.es\/tormentas-y-rayos\/wp-json\/wp\/v2\/users\/16"}],"replies":[{"embeddable":true,"href":"https:\/\/blogs.diariosur.es\/tormentas-y-rayos\/wp-json\/wp\/v2\/comments?post=38419"}],"version-history":[{"count":6,"href":"https:\/\/blogs.diariosur.es\/tormentas-y-rayos\/wp-json\/wp\/v2\/posts\/38419\/revisions"}],"predecessor-version":[{"id":49453,"href":"https:\/\/blogs.diariosur.es\/tormentas-y-rayos\/wp-json\/wp\/v2\/posts\/38419\/revisions\/49453"}],"wp:featuredmedia":[{"embeddable":true,"href":"https:\/\/blogs.diariosur.es\/tormentas-y-rayos\/wp-json\/wp\/v2\/media\/38422"}],"wp:attachment":[{"href":"https:\/\/blogs.diariosur.es\/tormentas-y-rayos\/wp-json\/wp\/v2\/media?parent=38419"}],"wp:term":[{"taxonomy":"category","embeddable":true,"href":"https:\/\/blogs.diariosur.es\/tormentas-y-rayos\/wp-json\/wp\/v2\/categories?post=38419"},{"taxonomy":"post_tag","embeddable":true,"href":"https:\/\/blogs.diariosur.es\/tormentas-y-rayos\/wp-json\/wp\/v2\/tags?post=38419"}],"curies":[{"name":"wp","href":"https:\/\/api.w.org\/{rel}","templated":true}]}}