{"id":38437,"date":"2023-09-17T08:49:00","date_gmt":"2023-09-17T06:49:00","guid":{"rendered":"https:\/\/blogs.diariosur.es\/tormentas-y-rayos\/?p=38437"},"modified":"2026-03-13T07:30:16","modified_gmt":"2026-03-13T06:30:16","slug":"otra-punetera-dana-se-espera-el-miercoles-en-el-golfo-de-cadiz","status":"publish","type":"post","link":"https:\/\/blogs.diariosur.es\/tormentas-y-rayos\/2023\/09\/17\/otra-punetera-dana-se-espera-el-miercoles-en-el-golfo-de-cadiz\/","title":{"rendered":"Otra pu\u00f1etera dana se espera el mi\u00e9rcoles en el Golfo de C\u00e1diz."},"content":{"rendered":"<p><a href=\"https:\/\/static-blogs.diariosur.es\/wp-content\/uploads\/sites\/12\/2023\/09\/375323357_10227521084351690_5428862938073510864_n.jpg\"><img loading=\"lazy\" class=\"aligncenter size-thumbnail wp-image-38274\" src=\"https:\/\/static-blogs.diariosur.es\/wp-content\/uploads\/sites\/12\/2023\/09\/375323357_10227521084351690_5428862938073510864_n-150x150.jpg\" alt=\"\" width=\"150\" height=\"150\" \/><\/a><\/p>\n<p data-pm-slice=\"1 1 []\">Muy buenos d\u00edas, amigos de la meteo. Esta pasada madrugada se han registrado tormentas en la provincia de Almer\u00eda; destacan Abla con 15.1 mm y L\u00e1ujar de Andarax con 15.6 mm. Tambi\u00e9n ha llovido y lo sigue haciendo en las provincias de C\u00e1diz, Sevilla, C\u00f3rdoba y Huelva, destacando Rio Tinto con 19 mm, Jerez de la Frontera con 13.6 litros mm, Valsequillo en C\u00f3rdoba con 11.2 mm y Cazalla de la Sierra con 7.8 mm. En el interior m\u00e1s occidental de la provincia de M\u00e1laga tambi\u00e9n est\u00e1n cayendo algunas precipitaciones; destaca Majada de las Lomas con 2.4 mm.<\/p>\n<h3><span style=\"color: #ff0000;\"><strong>Otra pu\u00f1etera dana se espera el mi\u00e9rcoles en el Golfo de C\u00e1diz. <\/strong><\/span><\/h3>\n<p data-pm-slice=\"1 1 []\">A partir del mi\u00e9rcoles de madrugada, se espera otra Dana que se posicionar\u00e1 en el golfo de C\u00e1diz. Nuevamente no est\u00e1 claro c\u00f3mo afectar\u00e1 a la provincia malague\u00f1a y a otras de nuestra comunidad, es decir, <strong>\u00bfllover\u00e1 en todos los portales?<\/strong> De momento no quiero poner probables acumulados; ma\u00f1ana, con los modelos actualizados, los pondr\u00e9. Es probable que la AEMET active alg\u00fan aviso por lluvias; ya veremos d\u00f3nde.<\/p>\n<p>Os paso un mapa del modelo europeo a 500 hPa (5000 metros), fuente Meteociel La mayor\u00eda de los modelos tambi\u00e9n coinciden en esa posici\u00f3n.<\/p>\n<p>&nbsp;<\/p>\n<p><a href=\"https:\/\/static-blogs.diariosur.es\/wp-content\/uploads\/sites\/12\/2023\/09\/Captura-de-pantalla-2023-09-17-081200.jpg\"><img loading=\"lazy\" class=\"aligncenter size-full wp-image-38438\" src=\"https:\/\/static-blogs.diariosur.es\/wp-content\/uploads\/sites\/12\/2023\/09\/Captura-de-pantalla-2023-09-17-081200.jpg\" alt=\"\" width=\"777\" height=\"780\" srcset=\"https:\/\/static-blogs.diariosur.es\/wp-content\/uploads\/sites\/12\/2023\/09\/Captura-de-pantalla-2023-09-17-081200.jpg 777w, https:\/\/static-blogs.diariosur.es\/wp-content\/uploads\/sites\/12\/2023\/09\/Captura-de-pantalla-2023-09-17-081200-150x150.jpg 150w, https:\/\/static-blogs.diariosur.es\/wp-content\/uploads\/sites\/12\/2023\/09\/Captura-de-pantalla-2023-09-17-081200-398x400.jpg 398w, https:\/\/static-blogs.diariosur.es\/wp-content\/uploads\/sites\/12\/2023\/09\/Captura-de-pantalla-2023-09-17-081200-768x771.jpg 768w\" sizes=\"(max-width: 777px) 100vw, 777px\" \/><\/a><\/p>\n<p>&nbsp;<\/p>\n<p>Os dejo hasta ma\u00f1ana, que os dar\u00e9 la \u00faltima hora de la dana.<\/p>\n","protected":false},"excerpt":{"rendered":"<p>Muy buenos d\u00edas, amigos de la meteo. Esta pasada madrugada se han registrado tormentas en la provincia de Almer\u00eda; destacan Abla con 15.1 mm y L\u00e1ujar de Andarax con 15.6 mm. Tambi\u00e9n ha llovido y lo sigue haciendo en las provincias de C\u00e1diz, Sevilla, C\u00f3rdoba y Huelva, destacando Rio Tinto con 19 mm, Jerez de [&hellip;]<\/p>\n","protected":false},"author":16,"featured_media":38423,"comment_status":"open","ping_status":"open","sticky":false,"template":"","format":"standard","meta":[],"categories":[2],"tags":[100,151,307,569,587,676,996],"_links":{"self":[{"href":"https:\/\/blogs.diariosur.es\/tormentas-y-rayos\/wp-json\/wp\/v2\/posts\/38437"}],"collection":[{"href":"https:\/\/blogs.diariosur.es\/tormentas-y-rayos\/wp-json\/wp\/v2\/posts"}],"about":[{"href":"https:\/\/blogs.diariosur.es\/tormentas-y-rayos\/wp-json\/wp\/v2\/types\/post"}],"author":[{"embeddable":true,"href":"https:\/\/blogs.diariosur.es\/tormentas-y-rayos\/wp-json\/wp\/v2\/users\/16"}],"replies":[{"embeddable":true,"href":"https:\/\/blogs.diariosur.es\/tormentas-y-rayos\/wp-json\/wp\/v2\/comments?post=38437"}],"version-history":[{"count":6,"href":"https:\/\/blogs.diariosur.es\/tormentas-y-rayos\/wp-json\/wp\/v2\/posts\/38437\/revisions"}],"predecessor-version":[{"id":49452,"href":"https:\/\/blogs.diariosur.es\/tormentas-y-rayos\/wp-json\/wp\/v2\/posts\/38437\/revisions\/49452"}],"wp:featuredmedia":[{"embeddable":true,"href":"https:\/\/blogs.diariosur.es\/tormentas-y-rayos\/wp-json\/wp\/v2\/media\/38423"}],"wp:attachment":[{"href":"https:\/\/blogs.diariosur.es\/tormentas-y-rayos\/wp-json\/wp\/v2\/media?parent=38437"}],"wp:term":[{"taxonomy":"category","embeddable":true,"href":"https:\/\/blogs.diariosur.es\/tormentas-y-rayos\/wp-json\/wp\/v2\/categories?post=38437"},{"taxonomy":"post_tag","embeddable":true,"href":"https:\/\/blogs.diariosur.es\/tormentas-y-rayos\/wp-json\/wp\/v2\/tags?post=38437"}],"curies":[{"name":"wp","href":"https:\/\/api.w.org\/{rel}","templated":true}]}}