{"id":38449,"date":"2023-09-18T11:12:28","date_gmt":"2023-09-18T09:12:28","guid":{"rendered":"https:\/\/blogs.diariosur.es\/tormentas-y-rayos\/?p=38449"},"modified":"2026-03-13T07:27:56","modified_gmt":"2026-03-13T06:27:56","slug":"donde-afectara-mas-la-dana-en-andalucia-aviso-amarillo-por-tormentas-y-lluvias","status":"publish","type":"post","link":"https:\/\/blogs.diariosur.es\/tormentas-y-rayos\/2023\/09\/18\/donde-afectara-mas-la-dana-en-andalucia-aviso-amarillo-por-tormentas-y-lluvias\/","title":{"rendered":"\u00bfD\u00f3nde afectar\u00e1 m\u00e1s la dana en Andaluc\u00eda? Aviso amarillo por tormentas y lluvias."},"content":{"rendered":"<p><a href=\"https:\/\/static-blogs.diariosur.es\/wp-content\/uploads\/sites\/12\/2023\/09\/375323357_10227521084351690_5428862938073510864_n.jpg\"><img loading=\"lazy\" class=\"aligncenter size-thumbnail wp-image-38274\" src=\"https:\/\/static-blogs.diariosur.es\/wp-content\/uploads\/sites\/12\/2023\/09\/375323357_10227521084351690_5428862938073510864_n-150x150.jpg\" alt=\"\" width=\"150\" height=\"150\" \/><\/a><\/p>\n<p data-pm-slice=\"1 1 []\">Muy buenos d\u00edas, amigos de la meteo. Madrugada fresquita en la provincia malague\u00f1a; os paso algunas temperaturas m\u00ednimas de la AEMET y Meteoclimatic.<\/p>\n<p>M\u00e1laga Centro Meteorol\u00f3gico: 18,5 grados<\/p>\n<p>\u00c1lora: 16.9 grados<\/p>\n<p>Antequera: 11.2 grados<\/p>\n<p>Ronda\u00a010.9 grados.<\/p>\n<p>Alpandeire: 12.9 grados<\/p>\n<p>V\u00e9lez-M\u00e1laga, 20 grados.<\/p>\n<p>Archidona Huertas del R\u00edo\u00a013.9 grados<\/p>\n<p>Co\u00edn: 18.3 grados<\/p>\n<p>Gauc\u00edn, 11.5 grados.<\/p>\n<p>Mijas Pueblo, 19.9 grados.<\/p>\n<p>Antes de comentaros qu\u00e9 zonas del litoral mediterr\u00e1neo andaluz hay con m\u00e1s probabilidad de tormentas ma\u00f1ana y madrugada del mi\u00e9rcoles seg\u00fan los modelos, me gustar\u00eda que leyerais este post del blog de la Aemet.<\/p>\n<h3><a href=\"https:\/\/aemetblog.es\/2019\/09\/18\/danas-gotas-frias-y-temporales\/\" rel=\"external nofollow\"><span style=\"color: #0000ff;\"><strong>DANAS, GOTAS FR\u00cdAS Y TEMPORALES<\/strong><\/span><\/a><\/h3>\n<p data-pm-slice=\"1 1 []\">Aunque soy muy pesado diciendo lo mismo, con las danas no llueve en todos los portales e incluso en ninguno; si hab\u00e9is le\u00eddo el art\u00edculo que os he puesto, lo entender\u00e9is.<\/p>\n<p>Ayer domingo cruz\u00f3 Andaluc\u00eda occidental el primer frente atl\u00e1ntico del oto\u00f1o meteorol\u00f3gico, regando muy bien las provincias de C\u00e1diz, Sevilla y C\u00f3rdoba; en algunos puntos cayeron entre 14 y 28 mm. Los vientos \u00e1bregos facilitaron estas precipitaciones; estas s\u00ed son las deseadas; ojal\u00e1 se den este oto\u00f1o e invierno.<\/p>\n<p>A tan pocas horas para la formaci\u00f3n de la DANA, seguimos con mucha incertidumbre en qu\u00e9 zonas se dar\u00e1n tormentas y en cu\u00e1les no. De momento, los dos grandes modelos sit\u00faan la DANA en el entorno del golfo de C\u00e1diz, pero con diferencias. Os paso unos mapas a 500 hPa.<\/p>\n<p>&nbsp;<\/p>\n<p><a href=\"https:\/\/static-blogs.diariosur.es\/wp-content\/uploads\/sites\/12\/2023\/09\/europeo-1.jpg\"><img loading=\"lazy\" class=\"aligncenter size-full wp-image-38457\" src=\"https:\/\/static-blogs.diariosur.es\/wp-content\/uploads\/sites\/12\/2023\/09\/europeo-1.jpg\" alt=\"\" width=\"761\" height=\"763\" srcset=\"https:\/\/static-blogs.diariosur.es\/wp-content\/uploads\/sites\/12\/2023\/09\/europeo-1.jpg 761w, https:\/\/static-blogs.diariosur.es\/wp-content\/uploads\/sites\/12\/2023\/09\/europeo-1-150x150.jpg 150w, https:\/\/static-blogs.diariosur.es\/wp-content\/uploads\/sites\/12\/2023\/09\/europeo-1-399x400.jpg 399w\" sizes=\"(max-width: 761px) 100vw, 761px\" \/><\/a><\/p>\n<p>&nbsp;<\/p>\n<p><a href=\"https:\/\/static-blogs.diariosur.es\/wp-content\/uploads\/sites\/12\/2023\/09\/americano-1.jpg\"><img loading=\"lazy\" class=\"aligncenter size-full wp-image-38461\" src=\"https:\/\/static-blogs.diariosur.es\/wp-content\/uploads\/sites\/12\/2023\/09\/americano-1.jpg\" alt=\"\" width=\"762\" height=\"768\" srcset=\"https:\/\/static-blogs.diariosur.es\/wp-content\/uploads\/sites\/12\/2023\/09\/americano-1.jpg 762w, https:\/\/static-blogs.diariosur.es\/wp-content\/uploads\/sites\/12\/2023\/09\/americano-1-150x150.jpg 150w, https:\/\/static-blogs.diariosur.es\/wp-content\/uploads\/sites\/12\/2023\/09\/americano-1-397x400.jpg 397w\" sizes=\"(max-width: 762px) 100vw, 762px\" \/><\/a><\/p>\n<p>&nbsp;<\/p>\n<p>&nbsp;<\/p>\n<p data-pm-slice=\"1 1 []\"><strong>En lo que s\u00ed coinciden es en que se forma un poco antes y enseguida sube de latitud para reintegrarse en la circulaci\u00f3n general. La probabilidad mayor de tormentas y chaparrones se dar\u00e1 ma\u00f1ana por la tarde-noche y de madrugada en la provincia de Almer\u00eda y en la zona m\u00e1s oriental de la de Granada y Ja\u00e9n. La AEMET acaba de activar avisos en esas zonas.\u00a0<\/strong><\/p>\n<p>&nbsp;<\/p>\n<p><a href=\"https:\/\/static-blogs.diariosur.es\/wp-content\/uploads\/sites\/12\/2023\/09\/Captura-de-pantalla-2023-09-18-110545.jpg\"><img loading=\"lazy\" class=\"aligncenter size-full wp-image-38462\" src=\"https:\/\/static-blogs.diariosur.es\/wp-content\/uploads\/sites\/12\/2023\/09\/Captura-de-pantalla-2023-09-18-110545.jpg\" alt=\"\" width=\"695\" height=\"549\" srcset=\"https:\/\/static-blogs.diariosur.es\/wp-content\/uploads\/sites\/12\/2023\/09\/Captura-de-pantalla-2023-09-18-110545.jpg 695w, https:\/\/static-blogs.diariosur.es\/wp-content\/uploads\/sites\/12\/2023\/09\/Captura-de-pantalla-2023-09-18-110545-506x400.jpg 506w\" sizes=\"(max-width: 695px) 100vw, 695px\" \/><\/a><\/p>\n<p>&nbsp;<\/p>\n<p data-pm-slice=\"1 1 []\"><strong>Si hoy a \u00faltima hora hay novedades con la previsi\u00f3n de la provincia de M\u00e1laga, actualizar\u00e9 nuevamente el blog.<\/strong><\/p>\n<p>&nbsp;<\/p>\n<p>&nbsp;<\/p>\n<p>Os dejo con este fot\u00f3n de mi amigo Carlos Castro. Unos rayos cazados en la madrugada del viernes en V\u00e9lez M\u00e1laga.<\/p>\n<p>&nbsp;<\/p>\n<p><a href=\"https:\/\/static-blogs.diariosur.es\/wp-content\/uploads\/sites\/12\/2023\/09\/379193254_10227613454900896_5474419781545009446_n.jpg\"><img loading=\"lazy\" class=\"aligncenter size-full wp-image-38463\" src=\"https:\/\/static-blogs.diariosur.es\/wp-content\/uploads\/sites\/12\/2023\/09\/379193254_10227613454900896_5474419781545009446_n-e1695028083576.jpg\" alt=\"\" width=\"800\" height=\"1000\" \/><\/a><\/p>\n<p>&nbsp;<\/p>\n","protected":false},"excerpt":{"rendered":"<p>Muy buenos d\u00edas, amigos de la meteo. Madrugada fresquita en la provincia malague\u00f1a; os paso algunas temperaturas m\u00ednimas de la AEMET y Meteoclimatic. M\u00e1laga Centro Meteorol\u00f3gico: 18,5 grados \u00c1lora: 16.9 grados Antequera: 11.2 grados Ronda\u00a010.9 grados. Alpandeire: 12.9 grados V\u00e9lez-M\u00e1laga, 20 grados. Archidona Huertas del R\u00edo\u00a013.9 grados Co\u00edn: 18.3 grados Gauc\u00edn, 11.5 grados. Mijas Pueblo, [&hellip;]<\/p>\n","protected":false},"author":16,"featured_media":38463,"comment_status":"open","ping_status":"open","sticky":false,"template":"","format":"standard","meta":[],"categories":[2],"tags":[94,100,151,307,569,996],"_links":{"self":[{"href":"https:\/\/blogs.diariosur.es\/tormentas-y-rayos\/wp-json\/wp\/v2\/posts\/38449"}],"collection":[{"href":"https:\/\/blogs.diariosur.es\/tormentas-y-rayos\/wp-json\/wp\/v2\/posts"}],"about":[{"href":"https:\/\/blogs.diariosur.es\/tormentas-y-rayos\/wp-json\/wp\/v2\/types\/post"}],"author":[{"embeddable":true,"href":"https:\/\/blogs.diariosur.es\/tormentas-y-rayos\/wp-json\/wp\/v2\/users\/16"}],"replies":[{"embeddable":true,"href":"https:\/\/blogs.diariosur.es\/tormentas-y-rayos\/wp-json\/wp\/v2\/comments?post=38449"}],"version-history":[{"count":6,"href":"https:\/\/blogs.diariosur.es\/tormentas-y-rayos\/wp-json\/wp\/v2\/posts\/38449\/revisions"}],"predecessor-version":[{"id":49450,"href":"https:\/\/blogs.diariosur.es\/tormentas-y-rayos\/wp-json\/wp\/v2\/posts\/38449\/revisions\/49450"}],"wp:featuredmedia":[{"embeddable":true,"href":"https:\/\/blogs.diariosur.es\/tormentas-y-rayos\/wp-json\/wp\/v2\/media\/38463"}],"wp:attachment":[{"href":"https:\/\/blogs.diariosur.es\/tormentas-y-rayos\/wp-json\/wp\/v2\/media?parent=38449"}],"wp:term":[{"taxonomy":"category","embeddable":true,"href":"https:\/\/blogs.diariosur.es\/tormentas-y-rayos\/wp-json\/wp\/v2\/categories?post=38449"},{"taxonomy":"post_tag","embeddable":true,"href":"https:\/\/blogs.diariosur.es\/tormentas-y-rayos\/wp-json\/wp\/v2\/tags?post=38449"}],"curies":[{"name":"wp","href":"https:\/\/api.w.org\/{rel}","templated":true}]}}