{"id":38472,"date":"2023-09-19T07:45:43","date_gmt":"2023-09-19T05:45:43","guid":{"rendered":"https:\/\/blogs.diariosur.es\/tormentas-y-rayos\/?p=38472"},"modified":"2023-09-19T18:21:41","modified_gmt":"2023-09-19T16:21:41","slug":"para-el-aburrimiento-amaneceres-y-efemerides-meteorologicas-18-20-21-de-septiembre","status":"publish","type":"post","link":"https:\/\/blogs.diariosur.es\/tormentas-y-rayos\/2023\/09\/19\/para-el-aburrimiento-amaneceres-y-efemerides-meteorologicas-18-20-21-de-septiembre\/","title":{"rendered":"Para el aburrimiento amaneceres, y efem\u00e9rides meteorol\u00f3gicas 18, 19, 20, de septiembre."},"content":{"rendered":"<p><a href=\"https:\/\/static-blogs.diariosur.es\/wp-content\/uploads\/sites\/12\/2023\/09\/375323357_10227521084351690_5428862938073510864_n.jpg\"><img loading=\"lazy\" class=\"aligncenter size-thumbnail wp-image-38274\" src=\"https:\/\/static-blogs.diariosur.es\/wp-content\/uploads\/sites\/12\/2023\/09\/375323357_10227521084351690_5428862938073510864_n-150x150.jpg\" alt=\"\" width=\"150\" height=\"150\" \/><\/a><\/p>\n<p>Buenos d\u00edas, amigos de la meteo. A partir de hoy martes y para combatir el aburrimiento, pondr\u00e9 amaneceres malague\u00f1os y efem\u00e9rides meteorol\u00f3gicas de septiembre en Espa\u00f1a. Antes pon\u00eda el mes entero, pero muchos no las le\u00edais.<\/p>\n<h3><a href=\"https:\/\/blogs.diariosur.es\/tormentas-y-rayos\/2018\/02\/13\/el-tiempo-amaneceres-malaguenos-fotos\/?ref=https%3A%2F%2Fblogs.diariosur.es%2F\">AMANECERES MALAGUE\u00d1OS\u00a0<\/a><\/h3>\n<p>Efem\u00e9rides: Hoy pondr\u00e9 de los d\u00edas 18, 20, 21 de septiembre<\/p>\n<ul>\n<li>Tempestad el\u00e9ctrica en Segovia. Un rayo provoca un incendio en la Catedral, luego soplaron vientos furiosos y revueltos y sobreviene un aguacero tan copioso que a las 11 de la noche los que tem\u00edan perecer por el fuego no pudieron pasar los arroyos de las calles.<\/li>\n<li>18\u00a0septiembre\u00a01843\u00a0 Avenida importante en Girona.<\/li>\n<li>18\u00a0septiembre\u00a01977 Una tormenta en Ibiza deja 211,5 l\/m2 en Santa Eul\u00e0ria, 195,4 l\/m2 en Sant Joan de Labritja, 190,2 l\/m2 en Eivissa es Puiget y 190 l\/m2 en Sant Carles.<\/li>\n<li>18\u00a0septiembre\u00a02005 M\u00ednima de -1 \u00baC en Guadalajara.<\/li>\n<li>19\u00a0septiembre\u00a01629 Inundaciones en M\u00e1laga.<\/li>\n<li>19\u00a0septiembre\u00a01904 Las lluvias derrumban muchas casas y arrasan cosechas y ganados en la provincia de M\u00e1laga.<\/li>\n<li>19\u00a0septiembre\u00a02014 M\u00e1xima de 30,6 \u00baC en el aeropuerto de Palma de Mallorca.<\/li>\n<li>19\u00a0septiembre\u00a02021 Comienza la erupci\u00f3n volc\u00e1nica en la zona de Cumbre Vieja, en la isla de La Palma, que tuvo una duraci\u00f3n de 85 d\u00edas. Aunque no se trat\u00f3 de un fen\u00f3meno meteorol\u00f3gico, provoc\u00f3 un empeoramiento local de la calidad del aire y afect\u00f3 a la normal actividad del tr\u00e1fico a\u00e9reo con origen y procedencia en Canarias. Permiti\u00f3 tambi\u00e9n la observaci\u00f3n de fen\u00f3menos meteorol\u00f3gicos poco habituales en Espa\u00f1a, como piroc\u00famulos debidos a la emisi\u00f3n volc\u00e1nica, ondas de gravedad y, especialmente, la detecci\u00f3n de 26 descargas el\u00e9ctricas atmosf\u00e9ricas debidas a la fricci\u00f3n de las part\u00edculas eyectadas por el volc\u00e1n.<\/li>\n<li>18\u00a0septiembre\u00a02022 Lluvia y tormenta de intensidad torrencial en el norte de la provincia de Alicante, entre Benissa y Senija, donde se acumularon m\u00e1s de 120 l\/m2. Hubo una persona fallecida a causa de la riada.<\/li>\n<li>20\u00a0septiembre\u00a01550 Cuaja una nevada en Cuenca que sorprende por temprana.<\/li>\n<li>20\u00a0septiembre\u00a01620 Desbordamiento de la riera en Palma de Mallorca.<\/li>\n<li>20\u00a0septiembre\u00a01672 Riada en Orihuela (Alicante) que destruye la presa de Moginta, la noria del Pando y parte del azud y espol\u00f3n.<\/li>\n<li>20\u00a0septiembre\u00a01887 Desbordamiento del Segura en Murcia, inundando calles donde el agua alcanza un metro de altura.<\/li>\n<li>20\u00a0septiembre\u00a01933 La m\u00e1s importante granizada en Zaragoza con \u201cpiedras\u201d mayores que los huevos de gallina. La ciudad queda como un campo de batalla.<\/li>\n<li>20\u00a0septiembre\u00a01972 Precipitaci\u00f3n de 307 l\/m2 en 24 horas en San Carlos de la R\u00e1pita (Tarragona).<\/li>\n<li>20\u00a0septiembre\u00a02002 Caen 11.812 rayos en la provincia de Zaragoza.<\/li>\n<\/ul>\n<p>Nos vemos ma\u00f1ana con mas amaneceres y efem\u00e9rides.<\/p>\n<h3><\/h3>\n<p>&nbsp;<\/p>\n<p>&nbsp;<\/p>\n","protected":false},"excerpt":{"rendered":"<p>Buenos d\u00edas, amigos de la meteo. A partir de hoy martes y para combatir el aburrimiento, pondr\u00e9 amaneceres malague\u00f1os y efem\u00e9rides meteorol\u00f3gicas de septiembre en Espa\u00f1a. Antes pon\u00eda el mes entero, pero muchos no las le\u00edais. AMANECERES MALAGUE\u00d1OS\u00a0 Efem\u00e9rides: Hoy pondr\u00e9 de los d\u00edas 18, 20, 21 de septiembre Tempestad el\u00e9ctrica en Segovia. Un rayo [&hellip;]<\/p>\n","protected":false},"author":16,"featured_media":32032,"comment_status":"open","ping_status":"open","sticky":false,"template":"","format":"standard","meta":[],"categories":[2],"tags":[90,307,1340,358,587,996],"_links":{"self":[{"href":"https:\/\/blogs.diariosur.es\/tormentas-y-rayos\/wp-json\/wp\/v2\/posts\/38472"}],"collection":[{"href":"https:\/\/blogs.diariosur.es\/tormentas-y-rayos\/wp-json\/wp\/v2\/posts"}],"about":[{"href":"https:\/\/blogs.diariosur.es\/tormentas-y-rayos\/wp-json\/wp\/v2\/types\/post"}],"author":[{"embeddable":true,"href":"https:\/\/blogs.diariosur.es\/tormentas-y-rayos\/wp-json\/wp\/v2\/users\/16"}],"replies":[{"embeddable":true,"href":"https:\/\/blogs.diariosur.es\/tormentas-y-rayos\/wp-json\/wp\/v2\/comments?post=38472"}],"version-history":[{"count":11,"href":"https:\/\/blogs.diariosur.es\/tormentas-y-rayos\/wp-json\/wp\/v2\/posts\/38472\/revisions"}],"predecessor-version":[{"id":42615,"href":"https:\/\/blogs.diariosur.es\/tormentas-y-rayos\/wp-json\/wp\/v2\/posts\/38472\/revisions\/42615"}],"wp:featuredmedia":[{"embeddable":true,"href":"https:\/\/blogs.diariosur.es\/tormentas-y-rayos\/wp-json\/wp\/v2\/media\/32032"}],"wp:attachment":[{"href":"https:\/\/blogs.diariosur.es\/tormentas-y-rayos\/wp-json\/wp\/v2\/media?parent=38472"}],"wp:term":[{"taxonomy":"category","embeddable":true,"href":"https:\/\/blogs.diariosur.es\/tormentas-y-rayos\/wp-json\/wp\/v2\/categories?post=38472"},{"taxonomy":"post_tag","embeddable":true,"href":"https:\/\/blogs.diariosur.es\/tormentas-y-rayos\/wp-json\/wp\/v2\/tags?post=38472"}],"curies":[{"name":"wp","href":"https:\/\/api.w.org\/{rel}","templated":true}]}}