{"id":38498,"date":"2023-09-20T07:57:57","date_gmt":"2023-09-20T05:57:57","guid":{"rendered":"https:\/\/blogs.diariosur.es\/tormentas-y-rayos\/?p=38498"},"modified":"2026-03-13T07:19:52","modified_gmt":"2026-03-13T06:19:52","slug":"el-tiempo-en-andalucia-y-malaga-rachas-fuertes-de-poniente-y-precipitaciones-debiles-en-la-zona-occidental","status":"publish","type":"post","link":"https:\/\/blogs.diariosur.es\/tormentas-y-rayos\/2023\/09\/20\/el-tiempo-en-andalucia-y-malaga-rachas-fuertes-de-poniente-y-precipitaciones-debiles-en-la-zona-occidental\/","title":{"rendered":"El tiempo en Andaluc\u00eda y M\u00e1laga. Rachas fuertes de poniente y precipitaciones d\u00e9biles en la zona occidental."},"content":{"rendered":"<p><a href=\"https:\/\/static-blogs.diariosur.es\/wp-content\/uploads\/sites\/12\/2023\/09\/375323357_10227521084351690_5428862938073510864_n.jpg\"><img loading=\"lazy\" class=\"aligncenter size-thumbnail wp-image-38274\" src=\"https:\/\/static-blogs.diariosur.es\/wp-content\/uploads\/sites\/12\/2023\/09\/375323357_10227521084351690_5428862938073510864_n-150x150.jpg\" alt=\"\" width=\"150\" height=\"150\" \/><\/a><\/p>\n<p data-pm-slice=\"1 1 []\">Se activa el aviso amarillo por viento del oeste, fuerza 7, en la Axarqu\u00eda malague\u00f1a, ma\u00f1ana jueves.<\/p>\n<p>Muy buenos d\u00edas, amigos de la meteo. Nuevamente madrugada fresquita en toda nuestra comunidad y provincia malague\u00f1a; la Estaci\u00f3n del Aeropuerto de M\u00e1laga ha registrado una m\u00ednima de 17.6 grados.<\/p>\n<p>Ma\u00f1ana jueves por la tarde entrar\u00e1 un frente por la zona noroccidental de nuestra comunidad; se ir\u00e1 trasladando de oeste a este durante la noche y madrugada del viernes, dejando precipitaciones d\u00e9biles en las provincias occidentales, salvo en la zona de Grazalema, donde se esperan algunos litros m\u00e1s. En la zona oriental de Andaluc\u00eda la probabilidad es muy baja.<\/p>\n<p><strong>En la provincia malague\u00f1a<\/strong> pueden caer algunos chubascos d\u00e9biles en la zona interior m\u00e1s occidental y central por la noche o madrugada del viernes; lo que s\u00ed tomar\u00e1 protagonismo ser\u00e1n las rachas fuertes de poniente y terral en el litoral malague\u00f1o. Pero tranquilidad, que en donde sople el terral de oto\u00f1o no sobrepasar\u00e1n los 28 grados; en las otras zonas de la provincia, las m\u00e1ximas rondar\u00e1n los 21 y 24 grados.<\/p>\n<p>Poco m\u00e1s que contar, os dejo con este fot\u00f3n de mi amiga Nany Lavado. Impresionante candilazo que se dio el lunes a la puesta del sol. Ma\u00f1ana os dar\u00e9 la predicci\u00f3n del fin de semana.<\/p>\n<p>&nbsp;<\/p>\n<p><a href=\"https:\/\/static-blogs.diariosur.es\/wp-content\/uploads\/sites\/12\/2023\/09\/F6VxL5zWcAAxNJg-1.jpg\"><img loading=\"lazy\" class=\"aligncenter size-full wp-image-38504\" src=\"https:\/\/static-blogs.diariosur.es\/wp-content\/uploads\/sites\/12\/2023\/09\/F6VxL5zWcAAxNJg-1.jpg\" alt=\"\" width=\"900\" height=\"512\" srcset=\"https:\/\/static-blogs.diariosur.es\/wp-content\/uploads\/sites\/12\/2023\/09\/F6VxL5zWcAAxNJg-1.jpg 900w, https:\/\/static-blogs.diariosur.es\/wp-content\/uploads\/sites\/12\/2023\/09\/F6VxL5zWcAAxNJg-1-640x364.jpg 640w, https:\/\/static-blogs.diariosur.es\/wp-content\/uploads\/sites\/12\/2023\/09\/F6VxL5zWcAAxNJg-1-768x437.jpg 768w\" sizes=\"(max-width: 900px) 100vw, 900px\" \/><\/a><\/p>\n<p>&nbsp;<\/p>\n<p>&nbsp;<\/p>\n","protected":false},"excerpt":{"rendered":"<p>Se activa el aviso amarillo por viento del oeste, fuerza 7, en la Axarqu\u00eda malague\u00f1a, ma\u00f1ana jueves. Muy buenos d\u00edas, amigos de la meteo. Nuevamente madrugada fresquita en toda nuestra comunidad y provincia malague\u00f1a; la Estaci\u00f3n del Aeropuerto de M\u00e1laga ha registrado una m\u00ednima de 17.6 grados. Ma\u00f1ana jueves por la tarde entrar\u00e1 un frente [&hellip;]<\/p>\n","protected":false},"author":16,"featured_media":38504,"comment_status":"open","ping_status":"open","sticky":false,"template":"","format":"standard","meta":[],"categories":[2],"tags":[307,358,587,744,1859],"_links":{"self":[{"href":"https:\/\/blogs.diariosur.es\/tormentas-y-rayos\/wp-json\/wp\/v2\/posts\/38498"}],"collection":[{"href":"https:\/\/blogs.diariosur.es\/tormentas-y-rayos\/wp-json\/wp\/v2\/posts"}],"about":[{"href":"https:\/\/blogs.diariosur.es\/tormentas-y-rayos\/wp-json\/wp\/v2\/types\/post"}],"author":[{"embeddable":true,"href":"https:\/\/blogs.diariosur.es\/tormentas-y-rayos\/wp-json\/wp\/v2\/users\/16"}],"replies":[{"embeddable":true,"href":"https:\/\/blogs.diariosur.es\/tormentas-y-rayos\/wp-json\/wp\/v2\/comments?post=38498"}],"version-history":[{"count":7,"href":"https:\/\/blogs.diariosur.es\/tormentas-y-rayos\/wp-json\/wp\/v2\/posts\/38498\/revisions"}],"predecessor-version":[{"id":49446,"href":"https:\/\/blogs.diariosur.es\/tormentas-y-rayos\/wp-json\/wp\/v2\/posts\/38498\/revisions\/49446"}],"wp:featuredmedia":[{"embeddable":true,"href":"https:\/\/blogs.diariosur.es\/tormentas-y-rayos\/wp-json\/wp\/v2\/media\/38504"}],"wp:attachment":[{"href":"https:\/\/blogs.diariosur.es\/tormentas-y-rayos\/wp-json\/wp\/v2\/media?parent=38498"}],"wp:term":[{"taxonomy":"category","embeddable":true,"href":"https:\/\/blogs.diariosur.es\/tormentas-y-rayos\/wp-json\/wp\/v2\/categories?post=38498"},{"taxonomy":"post_tag","embeddable":true,"href":"https:\/\/blogs.diariosur.es\/tormentas-y-rayos\/wp-json\/wp\/v2\/tags?post=38498"}],"curies":[{"name":"wp","href":"https:\/\/api.w.org\/{rel}","templated":true}]}}