{"id":38512,"date":"2023-09-21T08:00:31","date_gmt":"2023-09-21T06:00:31","guid":{"rendered":"https:\/\/blogs.diariosur.es\/tormentas-y-rayos\/?p=38512"},"modified":"2026-03-13T07:21:24","modified_gmt":"2026-03-13T06:21:24","slug":"que-tiempo-hara-en-malaga-el-fin-de-semana-iremos-a-la-playa","status":"publish","type":"post","link":"https:\/\/blogs.diariosur.es\/tormentas-y-rayos\/2023\/09\/21\/que-tiempo-hara-en-malaga-el-fin-de-semana-iremos-a-la-playa\/","title":{"rendered":"\u00bfQu\u00e9 tiempo har\u00e1 en M\u00e1laga el fin de semana, iremos a la playa?"},"content":{"rendered":"<p>&nbsp;<\/p>\n<p><a href=\"https:\/\/static-blogs.diariosur.es\/wp-content\/uploads\/sites\/12\/2023\/09\/380274744_10227628075266396_7294227596181000264_n.jpg\"><img loading=\"lazy\" class=\"aligncenter size-thumbnail wp-image-38514\" src=\"https:\/\/static-blogs.diariosur.es\/wp-content\/uploads\/sites\/12\/2023\/09\/380274744_10227628075266396_7294227596181000264_n-150x150.jpg\" alt=\"\" width=\"150\" height=\"150\" \/><\/a><\/p>\n<p data-pm-slice=\"1 1 []\">Muy buenos d\u00edas, amigos de la meteo. Otra madrugada fresquita en la provincia malague\u00f1a, destacando Antequera y Ronda con 13 grados y Archidona Huertas del R\u00edo con 10 grados.<\/p>\n<p>Como comentaba<a class=\"qbe-widget\" href=\"https:\/\/blogs.diariosur.es\/tormentas-y-rayos\/2023\/09\/20\/el-tiempo-en-andalucia-y-malaga-rachas-fuertes-de-poniente-y-precipitaciones-debiles-en-la-zona-occidental\/\" target=\"_blank\" rel=\"noopener noreferrer\"><strong> ayer en el\u00a0blog<\/strong><\/a>, hoy jueves y ma\u00f1ana viernes se esperan rachas fuertes de poniente y terral, e incluso alg\u00fan chubasco d\u00e9bil y espor\u00e1dico durante la noche del jueves y madrugada del viernes en la zona interior m\u00e1s occidental y central de la provincia.<\/p>\n<p>Antes de daros la previsi\u00f3n del fin de semana, os pongo las efem\u00e9rides del 21 de septiembre. Fijaros en la del 2007.<\/p>\n<p>Efem\u00e9rides<\/p>\n<ul class=\"custom-disc\">\n<li>21\u00a0de septiembre\u00a01901: Arrasadoras avenidas del Llobregat.<\/li>\n<li>21\u00a0de septiembre\u00a01905: Inundaci\u00f3n en Mondo\u00f1edo (Lugo), con destrucci\u00f3n de cosechas, casas y puentes.<\/li>\n<li>21\u00a0septiembre\u00a01995: Descarga en Barcelona la mayor tormenta que se conoce desde 1914, causando la muerte de una persona y cuantiosos da\u00f1os materiales.<\/li>\n<li>21\u00a0de septiembre\u00a02007: Excepcionales tormentas en el litoral de M\u00e1laga y Granada. Granizada en Marbella que destroza miles de veh\u00edculos. Enorme tromba de agua en la Axarqu\u00eda de M\u00e1laga y costa de Granada. Se recogen 188,2 l\/m\u00b2 en Nerja.<\/li>\n<\/ul>\n<h3><strong>\u00bfQu\u00e9 tiempo har\u00e1 el fin de semana? \u00bfIremos a la playa en M\u00e1laga?<\/strong><\/h3>\n<p><strong>El s\u00e1bado<\/strong> la probabilidad de precipitaciones es del 0%. A primeras horas de la ma\u00f1ana del s\u00e1bado, el viento rolar\u00e1 a levante; es posible que lo haga con rachas moderadas durante el cambio de viento. Las temperaturas m\u00e1ximas estar\u00e1n dentro de la media en toda la provincia; seguir\u00e1n las madrugadas agradables.<\/p>\n<p><strong>El domingo<\/strong> la probabilidad de precipitaciones es del 0%. Seguiremos con viento de levante; en la costa occidental y comarcas de Ronda y Antequera se esperan rachas moderadas. En cuanto a las temperaturas m\u00e1ximas y m\u00ednimas, ser\u00e1n parecidas a las del s\u00e1bado.<\/p>\n<p><strong>La temperatura del agua del mar<\/strong> est\u00e1 hoy jueves a 23 grados, pero posiblemente el s\u00e1bado y el domingo bajar\u00e1 a 18 grados. Es probable que el domingo tengamos mag\u00f3n. Yo, particularmente, ir\u00e9 los dos d\u00edas a la playa.<\/p>\n<p>&nbsp;<\/p>\n","protected":false},"excerpt":{"rendered":"<p>&nbsp; Muy buenos d\u00edas, amigos de la meteo. Otra madrugada fresquita en la provincia malague\u00f1a, destacando Antequera y Ronda con 13 grados y Archidona Huertas del R\u00edo con 10 grados. Como comentaba ayer en el\u00a0blog, hoy jueves y ma\u00f1ana viernes se esperan rachas fuertes de poniente y terral, e incluso alg\u00fan chubasco d\u00e9bil y espor\u00e1dico [&hellip;]<\/p>\n","protected":false},"author":16,"featured_media":38517,"comment_status":"open","ping_status":"open","sticky":false,"template":"","format":"standard","meta":[],"categories":[2],"tags":[100,307,358,553,587,800],"_links":{"self":[{"href":"https:\/\/blogs.diariosur.es\/tormentas-y-rayos\/wp-json\/wp\/v2\/posts\/38512"}],"collection":[{"href":"https:\/\/blogs.diariosur.es\/tormentas-y-rayos\/wp-json\/wp\/v2\/posts"}],"about":[{"href":"https:\/\/blogs.diariosur.es\/tormentas-y-rayos\/wp-json\/wp\/v2\/types\/post"}],"author":[{"embeddable":true,"href":"https:\/\/blogs.diariosur.es\/tormentas-y-rayos\/wp-json\/wp\/v2\/users\/16"}],"replies":[{"embeddable":true,"href":"https:\/\/blogs.diariosur.es\/tormentas-y-rayos\/wp-json\/wp\/v2\/comments?post=38512"}],"version-history":[{"count":11,"href":"https:\/\/blogs.diariosur.es\/tormentas-y-rayos\/wp-json\/wp\/v2\/posts\/38512\/revisions"}],"predecessor-version":[{"id":49447,"href":"https:\/\/blogs.diariosur.es\/tormentas-y-rayos\/wp-json\/wp\/v2\/posts\/38512\/revisions\/49447"}],"wp:featuredmedia":[{"embeddable":true,"href":"https:\/\/blogs.diariosur.es\/tormentas-y-rayos\/wp-json\/wp\/v2\/media\/38517"}],"wp:attachment":[{"href":"https:\/\/blogs.diariosur.es\/tormentas-y-rayos\/wp-json\/wp\/v2\/media?parent=38512"}],"wp:term":[{"taxonomy":"category","embeddable":true,"href":"https:\/\/blogs.diariosur.es\/tormentas-y-rayos\/wp-json\/wp\/v2\/categories?post=38512"},{"taxonomy":"post_tag","embeddable":true,"href":"https:\/\/blogs.diariosur.es\/tormentas-y-rayos\/wp-json\/wp\/v2\/tags?post=38512"}],"curies":[{"name":"wp","href":"https:\/\/api.w.org\/{rel}","templated":true}]}}