{"id":38552,"date":"2023-09-22T23:19:05","date_gmt":"2023-09-22T21:19:05","guid":{"rendered":"https:\/\/blogs.diariosur.es\/tormentas-y-rayos\/?p=38552"},"modified":"2026-02-22T18:53:59","modified_gmt":"2026-02-22T17:53:59","slug":"comienza-en-unas-horas-el-otono-astronomico-sera-humedo-probable-minigalerna-manana-sabado-en-la-costa-malaguena","status":"publish","type":"post","link":"https:\/\/blogs.diariosur.es\/tormentas-y-rayos\/2023\/09\/22\/comienza-en-unas-horas-el-otono-astronomico-sera-humedo-probable-minigalerna-manana-sabado-en-la-costa-malaguena\/","title":{"rendered":"Comienza en unas horas el oto\u00f1o astron\u00f3mico. \u00bfSer\u00e1 h\u00famedo? Probable minigalerna ma\u00f1ana s\u00e1bado en la costa malague\u00f1a."},"content":{"rendered":"<blockquote><p><a href=\"https:\/\/static-blogs.diariosur.es\/wp-content\/uploads\/sites\/12\/2023\/09\/375323357_10227521084351690_5428862938073510864_n.jpg\"><img loading=\"lazy\" class=\"aligncenter size-thumbnail wp-image-38274\" src=\"https:\/\/static-blogs.diariosur.es\/wp-content\/uploads\/sites\/12\/2023\/09\/375323357_10227521084351690_5428862938073510864_n-150x150.jpg\" alt=\"\" width=\"150\" height=\"150\" \/><\/a><\/p><\/blockquote>\n<p data-pm-slice=\"1 1 []\">Buenas noches, amigos de la meteo. Ma\u00f1ana s\u00e1bado 23 de septiembre a las 8:50 comienza el oto\u00f1o astron\u00f3mico; el meteorol\u00f3gico comenz\u00f3 el 1 de septiembre, como muchos sab\u00e9is. Si ayer la temperatura del agua del mar estaba a 23 grados, hoy viernes a las 23:13 est\u00e1 a 18.3. Esto se ha debido al viento de terral y poniente.<\/p>\n<p>Probablemente, no confirmo, podamos tener una minigalerna con el cambio de viento de terral a levante como pas\u00f3 el 11 de agosto a primera hora de la ma\u00f1ana. Ese d\u00eda hice videos que os pongo a continuaci\u00f3n; llegamos a una racha de 54 kil\u00f3metros por hora.<\/p>\n<p>&nbsp;<\/p>\n<p><iframe loading=\"lazy\" title=\"YouTube video player\" src=\"https:\/\/www.youtube.com\/embed\/35de4KY3tIw?si=Vt6-YStG9TBiRRKA\" width=\"560\" height=\"315\" frameborder=\"0\" allowfullscreen=\"allowfullscreen\"><\/iframe><\/p>\n<p><iframe loading=\"lazy\" title=\"YouTube video player\" src=\"https:\/\/www.youtube.com\/embed\/Cw-fyXYqFyg?si=pKjG8RZllgY-WNsO\" width=\"560\" height=\"315\" frameborder=\"0\" allowfullscreen=\"allowfullscreen\"><\/iframe><\/p>\n<p>&nbsp;<\/p>\n<p data-pm-slice=\"1 1 []\">Los modelos estacionales coinciden en un\u00a0oto\u00f1o h\u00famedo en toda Espa\u00f1a y, adem\u00e1s, c\u00e1lido. El que tengamos un oto\u00f1o h\u00famedo no quiere decir que se llenen los embalses y se acabe la sequ\u00eda del campo. La prueba la ten\u00e9is en septiembre, ser\u00e1 considerado un mes h\u00famedo y los embalses siguen bajando. Las d\u00e1mas no solucionan las sequ\u00edas; los \u00e1bregos s\u00ed; ojal\u00e1 se cumpla esto \u00faltimo.<\/p>\n<p><strong>Os pongo la efem\u00e9ride del 23 de septiembre.\u00a0<\/strong><\/p>\n<ul>\n<li><span style=\"color: #ff0000;\"><strong>23\u00a0septiembre\u00a01628.\u00a0 En la noche del 23 al 24, intensas precipitaciones provocan una tremenda inundaci\u00f3n en M\u00e1laga que causa m\u00e1s de 600 muertos.<\/strong><\/span><\/li>\n<li><span style=\"color: #ff0000;\"><strong>23\u00a0septiembre\u00a01661.\u00a0 Inundaci\u00f3n en M\u00e1laga. La cr\u00f3nica refiere que es &#8220;la inundaci\u00f3n m\u00e1s inaudita que haya padecido poblaci\u00f3n alguna de nuestra historia desde el diluvio universal&#8221;.<\/strong><\/span><\/li>\n<li>23\u00a0septiembre\u00a01736.\u00a0 Riada de los r\u00edos Segura y Sangonera con graves da\u00f1os en la huerta de Murcia.<\/li>\n<li>23\u00a0septiembre\u00a02008.\u00a0 En Sueca (Valencia) se registran 341,5 l\/m2, de los cuales, 320 l\/m2 son recogidos en menos de 3 horas y 144,4 l\/m2 en una hora, entre las 17,00 y las 18,00, lo que representa uno de los valores de intensidad horaria de precipitaci\u00f3n m\u00e1s altos de los registrados en Espa\u00f1a.<\/li>\n<li>23\u00a0septiembre\u00a02021.\u00a0 Baja centrada en Lisboa con una masa de aire muy inestable y alt\u00edsimos valores de agua precipitable, que genera precipitaciones localmente torrenciales en el litoral y prelitoral de la provincia de Huelva (112 l\/m\u00b2) en 1 hora en Cartaya).<\/li>\n<li>23\u00a0septiembre\u00a02022.\u00a0 Se forma la tormenta tropical Hermine a partir de una onda tropical que el d\u00eda anterior hab\u00eda alcanzado el oc\u00e9ano Atl\u00e1ntico procedente del interior de \u00c1frica, provocando un importante episodio de precipitaciones en Canarias. En puntos de La Palma se superaron los 350 l\/m\u00b2 y en zonas de las islas orientales y del sur de las islas de mayor relieve llovi\u00f3 en cuatro d\u00edas el equivalente al 80 % de la precipitaci\u00f3n media anual.<\/li>\n<\/ul>\n<p style=\"text-align: justify;\">Os dejo con este fot\u00f3n de mi amigo Lui Garc\u00eda Mar\u00edn.<\/p>\n<p style=\"text-align: justify;\">Que descans\u00e9is, yo tiro para la cama.<\/p>\n<p>&nbsp;<\/p>\n<p><a href=\"https:\/\/static-blogs.diariosur.es\/wp-content\/uploads\/sites\/12\/2023\/09\/IMG-20230922-WA0014-e1695393956385.jpg\"><img loading=\"lazy\" class=\"aligncenter size-full wp-image-38558\" src=\"https:\/\/static-blogs.diariosur.es\/wp-content\/uploads\/sites\/12\/2023\/09\/IMG-20230922-WA0014-e1695393956385.jpg\" alt=\"\" width=\"900\" height=\"560\" \/><\/a><\/p>\n","protected":false},"excerpt":{"rendered":"<p>Buenas noches, amigos de la meteo. Ma\u00f1ana s\u00e1bado 23 de septiembre a las 8:50 comienza el oto\u00f1o astron\u00f3mico; el meteorol\u00f3gico comenz\u00f3 el 1 de septiembre, como muchos sab\u00e9is. Si ayer la temperatura del agua del mar estaba a 23 grados, hoy viernes a las 23:13 est\u00e1 a 18.3. Esto se ha debido al viento de [&hellip;]<\/p>\n","protected":false},"author":16,"featured_media":38558,"comment_status":"open","ping_status":"open","sticky":false,"template":"","format":"standard","meta":[],"categories":[2],"tags":[271,358,587,658,744,800,975],"_links":{"self":[{"href":"https:\/\/blogs.diariosur.es\/tormentas-y-rayos\/wp-json\/wp\/v2\/posts\/38552"}],"collection":[{"href":"https:\/\/blogs.diariosur.es\/tormentas-y-rayos\/wp-json\/wp\/v2\/posts"}],"about":[{"href":"https:\/\/blogs.diariosur.es\/tormentas-y-rayos\/wp-json\/wp\/v2\/types\/post"}],"author":[{"embeddable":true,"href":"https:\/\/blogs.diariosur.es\/tormentas-y-rayos\/wp-json\/wp\/v2\/users\/16"}],"replies":[{"embeddable":true,"href":"https:\/\/blogs.diariosur.es\/tormentas-y-rayos\/wp-json\/wp\/v2\/comments?post=38552"}],"version-history":[{"count":14,"href":"https:\/\/blogs.diariosur.es\/tormentas-y-rayos\/wp-json\/wp\/v2\/posts\/38552\/revisions"}],"predecessor-version":[{"id":49252,"href":"https:\/\/blogs.diariosur.es\/tormentas-y-rayos\/wp-json\/wp\/v2\/posts\/38552\/revisions\/49252"}],"wp:featuredmedia":[{"embeddable":true,"href":"https:\/\/blogs.diariosur.es\/tormentas-y-rayos\/wp-json\/wp\/v2\/media\/38558"}],"wp:attachment":[{"href":"https:\/\/blogs.diariosur.es\/tormentas-y-rayos\/wp-json\/wp\/v2\/media?parent=38552"}],"wp:term":[{"taxonomy":"category","embeddable":true,"href":"https:\/\/blogs.diariosur.es\/tormentas-y-rayos\/wp-json\/wp\/v2\/categories?post=38552"},{"taxonomy":"post_tag","embeddable":true,"href":"https:\/\/blogs.diariosur.es\/tormentas-y-rayos\/wp-json\/wp\/v2\/tags?post=38552"}],"curies":[{"name":"wp","href":"https:\/\/api.w.org\/{rel}","templated":true}]}}