{"id":38579,"date":"2023-09-25T07:58:14","date_gmt":"2023-09-25T05:58:14","guid":{"rendered":"https:\/\/blogs.diariosur.es\/tormentas-y-rayos\/?p=38579"},"modified":"2026-02-22T18:46:39","modified_gmt":"2026-02-22T17:46:39","slug":"terminara-septiembre-y-comenzara-octubre-sin-las-deseadas-lluvias-en-andalucia","status":"publish","type":"post","link":"https:\/\/blogs.diariosur.es\/tormentas-y-rayos\/2023\/09\/25\/terminara-septiembre-y-comenzara-octubre-sin-las-deseadas-lluvias-en-andalucia\/","title":{"rendered":"\u00bfTerminar\u00e1 septiembre y comenzar\u00e1 octubre sin las deseadas lluvias en Andaluc\u00eda?"},"content":{"rendered":"<p><a href=\"https:\/\/static-blogs.diariosur.es\/wp-content\/uploads\/sites\/12\/2023\/09\/375323357_10227521084351690_5428862938073510864_n.jpg\"><img loading=\"lazy\" class=\"aligncenter size-thumbnail wp-image-38274\" src=\"https:\/\/static-blogs.diariosur.es\/wp-content\/uploads\/sites\/12\/2023\/09\/375323357_10227521084351690_5428862938073510864_n-150x150.jpg\" alt=\"\" width=\"150\" height=\"150\" \/><\/a><\/p>\n<p data-pm-slice=\"1 1 []\">Muy buenos d\u00edas, amigos de la meteo. Nuevamente madrugada \u201cfresquita\u201d en toda nuestra comunidad; destacar estas temperaturas m\u00ednimas. Fuentes AEMET y Meteoclimatic<\/p>\n<p>M\u00e1laga Aeropuerto, 17.9 grados.<\/p>\n<p>Ronda 16.2<\/p>\n<p>Antequera\u00a017.6<\/p>\n<p>Archidona Huertas del R\u00edo\u00a0 \u00a011.2<\/p>\n<p>Cortes de la Frontera\u00a014.7<\/p>\n<p>Granada Aeropuerto 12.1<\/p>\n<p>C\u00f3rdoba Aeropuerto\u00a014.2<\/p>\n<p>Baza 9.2<\/p>\n<p>And\u00fajar\u00a012.3<\/p>\n<p>Almonte 12.2<\/p>\n<p>La Puebla de los Infantes\u00a0 \u00a011.4<\/p>\n<p>Espiel\u00a0 \u00a011.9<\/p>\n<h3><strong>\u00bfTerminar\u00e1 septiembre y comenzar\u00e1 octubre sin las deseadas lluvias en Andaluc\u00eda?<\/strong><\/h3>\n<p>Salvo sorpresas, que no creo, septiembre terminar\u00e1 sin las deseadas lluvias y los primeros d\u00edas de octubre comenzar\u00e1 igual; tampoco se espera dana. Adem\u00e1s, los \u00faltimos d\u00edas de este mes y primeros de octubre, se esperan temperaturas m\u00e1ximas por encima de la media en el valle del Guadalquivir e interior de las provincias de Huelva y Granada. En las provincias de Sevilla, C\u00f3rdoba y Ja\u00e9n pueden llegar a los 35 y 36 grados. La provincia de M\u00e1laga no llegar\u00eda a esas temperaturas m\u00e1ximas; rondar\u00edan en la costa entre los 23 y 25 grados, por el interior entre los 24 y 29 grados. Lo \u00fanico positivo es que las temperaturas m\u00ednimas no ser\u00e1n muy altas.<\/p>\n<p>El veranillo de San Miguel durar\u00e1 m\u00e1s de lo previsto.\u00a0 Hasta ma\u00f1ana.<\/p>\n<p>&nbsp;<\/p>\n<p>&nbsp;<\/p>\n<p>&nbsp;<\/p>\n<p>&nbsp;<\/p>\n<p>&nbsp;<\/p>\n","protected":false},"excerpt":{"rendered":"<p>Muy buenos d\u00edas, amigos de la meteo. Nuevamente madrugada \u201cfresquita\u201d en toda nuestra comunidad; destacar estas temperaturas m\u00ednimas. Fuentes AEMET y Meteoclimatic M\u00e1laga Aeropuerto, 17.9 grados. Ronda 16.2 Antequera\u00a017.6 Archidona Huertas del R\u00edo\u00a0 \u00a011.2 Cortes de la Frontera\u00a014.7 Granada Aeropuerto 12.1 C\u00f3rdoba Aeropuerto\u00a014.2 Baza 9.2 And\u00fajar\u00a012.3 Almonte 12.2 La Puebla de los Infantes\u00a0 \u00a011.4 Espiel\u00a0 [&hellip;]<\/p>\n","protected":false},"author":16,"featured_media":38580,"comment_status":"open","ping_status":"open","sticky":false,"template":"","format":"standard","meta":[],"categories":[2],"tags":[212,307,569,744,1054],"_links":{"self":[{"href":"https:\/\/blogs.diariosur.es\/tormentas-y-rayos\/wp-json\/wp\/v2\/posts\/38579"}],"collection":[{"href":"https:\/\/blogs.diariosur.es\/tormentas-y-rayos\/wp-json\/wp\/v2\/posts"}],"about":[{"href":"https:\/\/blogs.diariosur.es\/tormentas-y-rayos\/wp-json\/wp\/v2\/types\/post"}],"author":[{"embeddable":true,"href":"https:\/\/blogs.diariosur.es\/tormentas-y-rayos\/wp-json\/wp\/v2\/users\/16"}],"replies":[{"embeddable":true,"href":"https:\/\/blogs.diariosur.es\/tormentas-y-rayos\/wp-json\/wp\/v2\/comments?post=38579"}],"version-history":[{"count":4,"href":"https:\/\/blogs.diariosur.es\/tormentas-y-rayos\/wp-json\/wp\/v2\/posts\/38579\/revisions"}],"predecessor-version":[{"id":49248,"href":"https:\/\/blogs.diariosur.es\/tormentas-y-rayos\/wp-json\/wp\/v2\/posts\/38579\/revisions\/49248"}],"wp:featuredmedia":[{"embeddable":true,"href":"https:\/\/blogs.diariosur.es\/tormentas-y-rayos\/wp-json\/wp\/v2\/media\/38580"}],"wp:attachment":[{"href":"https:\/\/blogs.diariosur.es\/tormentas-y-rayos\/wp-json\/wp\/v2\/media?parent=38579"}],"wp:term":[{"taxonomy":"category","embeddable":true,"href":"https:\/\/blogs.diariosur.es\/tormentas-y-rayos\/wp-json\/wp\/v2\/categories?post=38579"},{"taxonomy":"post_tag","embeddable":true,"href":"https:\/\/blogs.diariosur.es\/tormentas-y-rayos\/wp-json\/wp\/v2\/tags?post=38579"}],"curies":[{"name":"wp","href":"https:\/\/api.w.org\/{rel}","templated":true}]}}