{"id":38604,"date":"2023-09-26T07:41:26","date_gmt":"2023-09-26T05:41:26","guid":{"rendered":"https:\/\/blogs.diariosur.es\/tormentas-y-rayos\/?p=38604"},"modified":"2026-02-22T18:44:04","modified_gmt":"2026-02-22T17:44:04","slug":"estado-actual-de-los-embalses-malaguenos-maximos-y-minimos-que-han-tenido","status":"publish","type":"post","link":"https:\/\/blogs.diariosur.es\/tormentas-y-rayos\/2023\/09\/26\/estado-actual-de-los-embalses-malaguenos-maximos-y-minimos-que-han-tenido\/","title":{"rendered":"Estado actual de los embalses malague\u00f1os, m\u00e1ximos y m\u00ednimos que han tenido."},"content":{"rendered":"<p><a href=\"https:\/\/static-blogs.diariosur.es\/wp-content\/uploads\/sites\/12\/2023\/09\/375323357_10227521084351690_5428862938073510864_n.jpg\"><img loading=\"lazy\" class=\"aligncenter size-thumbnail wp-image-38274\" src=\"https:\/\/static-blogs.diariosur.es\/wp-content\/uploads\/sites\/12\/2023\/09\/375323357_10227521084351690_5428862938073510864_n-150x150.jpg\" alt=\"\" width=\"150\" height=\"150\" \/><\/a><\/p>\n<p data-pm-slice=\"1 1 []\">Muy buenos d\u00edas, amigos de la meteo. A petici\u00f3n de muchos de vosotros os pongo el estado actual de los embalses malague\u00f1os y tambi\u00e9n cuando han estado al m\u00e1ximo y m\u00ednimo de capacidad. Al final del post, efem\u00e9rides 25 y 26 de septiembre.<\/p>\n<p>Fuente: Red Hidrosur<\/p>\n<p><strong>EMBALSE DEL GUADALTEBA<\/strong><\/p>\n<p>Estado actual 25\/09\/2023\u00a0 al 29,5 %<\/p>\n<p>Al 100 % el 10\/06\/2013<\/p>\n<p>Al 5 % el 09\/10\/2005<\/p>\n<p><strong>EMBALSE DEL GUADALHORCE<\/strong><\/p>\n<p>Estado actual 25\/09\/2023\u00a0 al 22,4 %<\/p>\n<p>Al 100 % el 10\/06\/2013<\/p>\n<p>Al 10 % el 23\/09\/ 2008<\/p>\n<p><strong>EMBALSE CONDE DE GUADALHORCE<\/strong><\/p>\n<p>Estado actual y m\u00ednimo hist\u00f3rico 25\/09\/2023\u00a0 al 17,3 %<\/p>\n<p>Al 100 % 13\/05\/2004<\/p>\n<p><strong>EMBALSE DE LA CONCEPCI\u00d3N<\/strong><\/p>\n<p>Estado actual\u00a025\/09\/2023\u00a0 al 36,2 %<\/p>\n<p>Al 100 % 24\/10\/2010<\/p>\n<p>Al\u00a0 9 % 13\/11\/2005<\/p>\n<p><strong>EMBALSE DE CASASOLA<\/strong><\/p>\n<p>Estado actual 25\/09\/2023\u00a0 al 31,5 %<\/p>\n<p>Al 100 % 19\/11\/2012<\/p>\n<p>Al 3 % 29\/09\/2003<\/p>\n<p><strong>EMBALSE DEL LIMONERO<\/strong><\/p>\n<p>Estado actual\u00a025\/09\/2023\u00a0 al 25,1%<\/p>\n<p>Al 100 % 29\/03\/2004<\/p>\n<p>Al 7 %\u00a0 26\/11\/2010<\/p>\n<p><strong>EMBALSE DE LA VI\u00d1UELA<\/strong><\/p>\n<p>Estado actual\u00a025\/09\/2023\u00a0 y m\u00ednimo hist\u00f3rico al 8,3 %<\/p>\n<p>Al 100 % 04\/02\/1998<\/p>\n<p>&nbsp;<\/p>\n<p>&nbsp;<\/p>\n<p>&nbsp;<\/p>\n<h3><a href=\"https:\/\/static-blogs.diariosur.es\/wp-content\/uploads\/sites\/12\/2023\/09\/53184370352_5bbb90b994_c-horz.jpg\"><img loading=\"lazy\" class=\"aligncenter size-full wp-image-38606\" src=\"https:\/\/static-blogs.diariosur.es\/wp-content\/uploads\/sites\/12\/2023\/09\/53184370352_5bbb90b994_c-horz.jpg\" alt=\"\" width=\"1177\" height=\"416\" srcset=\"https:\/\/static-blogs.diariosur.es\/wp-content\/uploads\/sites\/12\/2023\/09\/53184370352_5bbb90b994_c-horz.jpg 1177w, https:\/\/static-blogs.diariosur.es\/wp-content\/uploads\/sites\/12\/2023\/09\/53184370352_5bbb90b994_c-horz-640x226.jpg 640w, https:\/\/static-blogs.diariosur.es\/wp-content\/uploads\/sites\/12\/2023\/09\/53184370352_5bbb90b994_c-horz-768x271.jpg 768w\" sizes=\"(max-width: 1177px) 100vw, 1177px\" \/><\/a><\/h3>\n<h3><\/h3>\n<p><a href=\"https:\/\/static-blogs.diariosur.es\/wp-content\/uploads\/sites\/12\/2023\/09\/1-horz.jpg\"><img loading=\"lazy\" class=\"aligncenter size-full wp-image-38607\" src=\"https:\/\/static-blogs.diariosur.es\/wp-content\/uploads\/sites\/12\/2023\/09\/1-horz.jpg\" alt=\"\" width=\"1187\" height=\"357\" srcset=\"https:\/\/static-blogs.diariosur.es\/wp-content\/uploads\/sites\/12\/2023\/09\/1-horz.jpg 1187w, https:\/\/static-blogs.diariosur.es\/wp-content\/uploads\/sites\/12\/2023\/09\/1-horz-640x192.jpg 640w, https:\/\/static-blogs.diariosur.es\/wp-content\/uploads\/sites\/12\/2023\/09\/1-horz-768x231.jpg 768w\" sizes=\"(max-width: 1187px) 100vw, 1187px\" \/><\/a><\/p>\n<h3><\/h3>\n<h3>Efem\u00e9rides 25 y<strong>\u00a026 de septiembre\u00a0<\/strong><\/h3>\n<ul>\n<li>25\u00a0septiembre\u00a01701\u00a0 Avenida del Guadalent\u00edn y el Segura. Se inunda toda la huerta y se desploma el viejo puente.<\/li>\n<li>25\u00a0septiembre\u00a01710\u00a0 Inundaciones en Lorca y Cartagena.<\/li>\n<li>25\u00a0septiembre\u00a01906\u00a0 Desbordamiento de Rambla Salada (Murcia). El agua alcanza 2 m en el pueblo de Santomera y ocasiona 24 v\u00edctimas.<\/li>\n<li>25\u00a0septiembre\u00a01962\u00a0 M\u00e1s de 800 muertos por la avenida s\u00fabita de los r\u00edos Bes\u00f3s y Llobregat en Barcelona. Inundaciones en Terrassa, Sabadell y Rub\u00ed. Martorelles recoge 250 l\/m2 y Corbera de Llobregat, 240 l\/m2.<\/li>\n<li>25\u00a0septiembre\u00a01984\u00a0 M\u00ednimas de -3 \u00baC en \u00c1vila y -2 \u00baC en Palencia.<\/li>\n<li>25\u00a0septiembre\u00a02022\u00a0 Chubascos torrenciales en Menorca, en el aeropuerto se recogieron 72.1 mm, de los cuales 37.9 cayeron en 10 minutos. Fue la cantidad m\u00e1xima recogida en 10 minutos en la isla desde que se tienen registros (1982).<\/li>\n<\/ul>\n<ul>\n<li>26\u00a0septiembre\u00a01581\u00a0 Riada del Guadiela en Almonacid del Marquesado (Cuenca) que destruye la presa de 52 pies de altura.<\/li>\n<li>26\u00a0septiembre\u00a01799\u00a0 Inundaciones en el delta del Llobregat.<\/li>\n<li>26\u00a0septiembre\u00a02008\u00a0 Intensas precipitaciones en la provincia de M\u00e1laga. Oj\u00e9n registra 206 l\/m2 e Ist\u00e1n, 135 l\/m2.<\/li>\n<\/ul>\n<p>&nbsp;<\/p>\n<p>&nbsp;<\/p>\n","protected":false},"excerpt":{"rendered":"<p>Muy buenos d\u00edas, amigos de la meteo. A petici\u00f3n de muchos de vosotros os pongo el estado actual de los embalses malague\u00f1os y tambi\u00e9n cuando han estado al m\u00e1ximo y m\u00ednimo de capacidad. Al final del post, efem\u00e9rides 25 y 26 de septiembre. Fuente: Red Hidrosur EMBALSE DEL GUADALTEBA Estado actual 25\/09\/2023\u00a0 al 29,5 % [&hellip;]<\/p>\n","protected":false},"author":16,"featured_media":38606,"comment_status":"open","ping_status":"open","sticky":false,"template":"","format":"standard","meta":[],"categories":[2],"tags":[100,114,307,358,360,569,587,909],"_links":{"self":[{"href":"https:\/\/blogs.diariosur.es\/tormentas-y-rayos\/wp-json\/wp\/v2\/posts\/38604"}],"collection":[{"href":"https:\/\/blogs.diariosur.es\/tormentas-y-rayos\/wp-json\/wp\/v2\/posts"}],"about":[{"href":"https:\/\/blogs.diariosur.es\/tormentas-y-rayos\/wp-json\/wp\/v2\/types\/post"}],"author":[{"embeddable":true,"href":"https:\/\/blogs.diariosur.es\/tormentas-y-rayos\/wp-json\/wp\/v2\/users\/16"}],"replies":[{"embeddable":true,"href":"https:\/\/blogs.diariosur.es\/tormentas-y-rayos\/wp-json\/wp\/v2\/comments?post=38604"}],"version-history":[{"count":5,"href":"https:\/\/blogs.diariosur.es\/tormentas-y-rayos\/wp-json\/wp\/v2\/posts\/38604\/revisions"}],"predecessor-version":[{"id":49247,"href":"https:\/\/blogs.diariosur.es\/tormentas-y-rayos\/wp-json\/wp\/v2\/posts\/38604\/revisions\/49247"}],"wp:featuredmedia":[{"embeddable":true,"href":"https:\/\/blogs.diariosur.es\/tormentas-y-rayos\/wp-json\/wp\/v2\/media\/38606"}],"wp:attachment":[{"href":"https:\/\/blogs.diariosur.es\/tormentas-y-rayos\/wp-json\/wp\/v2\/media?parent=38604"}],"wp:term":[{"taxonomy":"category","embeddable":true,"href":"https:\/\/blogs.diariosur.es\/tormentas-y-rayos\/wp-json\/wp\/v2\/categories?post=38604"},{"taxonomy":"post_tag","embeddable":true,"href":"https:\/\/blogs.diariosur.es\/tormentas-y-rayos\/wp-json\/wp\/v2\/tags?post=38604"}],"curies":[{"name":"wp","href":"https:\/\/api.w.org\/{rel}","templated":true}]}}