{"id":38625,"date":"2023-09-28T09:57:32","date_gmt":"2023-09-28T07:57:32","guid":{"rendered":"https:\/\/blogs.diariosur.es\/tormentas-y-rayos\/?p=38625"},"modified":"2026-02-22T18:37:20","modified_gmt":"2026-02-22T17:37:20","slug":"desde-el-26-de-mayo-no-se-registraba-esta-temperatura-minima-en-malaga-aeropuerto","status":"publish","type":"post","link":"https:\/\/blogs.diariosur.es\/tormentas-y-rayos\/2023\/09\/28\/desde-el-26-de-mayo-no-se-registraba-esta-temperatura-minima-en-malaga-aeropuerto\/","title":{"rendered":"Desde el 26 de mayo, no se registraba esta temperatura m\u00ednima en M\u00e1laga Aeropuerto."},"content":{"rendered":"<p><a href=\"https:\/\/static-blogs.diariosur.es\/wp-content\/uploads\/sites\/12\/2023\/09\/375323357_10227521084351690_5428862938073510864_n.jpg\"><img loading=\"lazy\" class=\"aligncenter size-thumbnail wp-image-38274\" src=\"https:\/\/static-blogs.diariosur.es\/wp-content\/uploads\/sites\/12\/2023\/09\/375323357_10227521084351690_5428862938073510864_n-150x150.jpg\" alt=\"\" width=\"150\" height=\"150\" \/><\/a><\/p>\n<p data-pm-slice=\"1 1 []\">Muy buenos d\u00edas, amigos de la meteo. Os recuerdo que hoy jueves a partir de las 18:30 estar\u00e9 en directo en el PTV, en el programa de Diego Banderas M\u00e1laga te ve, en la secci\u00f3n Mirando al Cielo.<\/p>\n<p>As\u00ed es, desde el 26 de mayo no se registraba en la Estaci\u00f3n de la Aemet del Aeropuerto de M\u00e1laga 16.2 grados. Esperemos que estos d\u00edas que comienza el episodio de altas temperaturas no se deje sentir mucho en la provincia malague\u00f1a. Ma\u00f1ana hablaremos de este episodio; es probable que en el valle del Guadalquivir el s\u00e1bado o el domingo se activen avisos amarillos por altas temperaturas.<\/p>\n<p>Os dejo con un video y una foto del amanecer de hoy jueves 28 de septiembre.<\/p>\n<p>&nbsp;<\/p>\n<p><iframe loading=\"lazy\" title=\"YouTube video player\" src=\"https:\/\/www.youtube.com\/embed\/anZKtam0Y38?si=yaB6YOYRP-zrO7Oh\" width=\"560\" height=\"315\" frameborder=\"0\" allowfullscreen=\"allowfullscreen\"><\/iframe><\/p>\n<p>&nbsp;<\/p>\n<p><a href=\"https:\/\/static-blogs.diariosur.es\/wp-content\/uploads\/sites\/12\/2023\/09\/DSC_2554-e1695887757920.jpg\"><img loading=\"lazy\" class=\"aligncenter size-full wp-image-38627\" src=\"https:\/\/static-blogs.diariosur.es\/wp-content\/uploads\/sites\/12\/2023\/09\/DSC_2554-e1695887757920.jpg\" alt=\"\" width=\"800\" height=\"533\" \/><\/a><\/p>\n<p>&nbsp;<\/p>\n<p><a href=\"https:\/\/static-blogs.diariosur.es\/wp-content\/uploads\/sites\/12\/2023\/09\/AMANECER-28-DE-SEPTIEMBRE-DE-2023-e1695887702645.jpg\"><img loading=\"lazy\" class=\"aligncenter size-full wp-image-38626\" src=\"https:\/\/static-blogs.diariosur.es\/wp-content\/uploads\/sites\/12\/2023\/09\/AMANECER-28-DE-SEPTIEMBRE-DE-2023-e1695887702645.jpg\" alt=\"\" width=\"800\" height=\"533\" \/><\/a><\/p>\n","protected":false},"excerpt":{"rendered":"<p>Muy buenos d\u00edas, amigos de la meteo. Os recuerdo que hoy jueves a partir de las 18:30 estar\u00e9 en directo en el PTV, en el programa de Diego Banderas M\u00e1laga te ve, en la secci\u00f3n Mirando al Cielo. As\u00ed es, desde el 26 de mayo no se registraba en la Estaci\u00f3n de la Aemet del [&hellip;]<\/p>\n","protected":false},"author":16,"featured_media":38626,"comment_status":"open","ping_status":"open","sticky":false,"template":"","format":"standard","meta":[],"categories":[2],"tags":[212,307,357,569,744,800,1052,1054],"_links":{"self":[{"href":"https:\/\/blogs.diariosur.es\/tormentas-y-rayos\/wp-json\/wp\/v2\/posts\/38625"}],"collection":[{"href":"https:\/\/blogs.diariosur.es\/tormentas-y-rayos\/wp-json\/wp\/v2\/posts"}],"about":[{"href":"https:\/\/blogs.diariosur.es\/tormentas-y-rayos\/wp-json\/wp\/v2\/types\/post"}],"author":[{"embeddable":true,"href":"https:\/\/blogs.diariosur.es\/tormentas-y-rayos\/wp-json\/wp\/v2\/users\/16"}],"replies":[{"embeddable":true,"href":"https:\/\/blogs.diariosur.es\/tormentas-y-rayos\/wp-json\/wp\/v2\/comments?post=38625"}],"version-history":[{"count":2,"href":"https:\/\/blogs.diariosur.es\/tormentas-y-rayos\/wp-json\/wp\/v2\/posts\/38625\/revisions"}],"predecessor-version":[{"id":49244,"href":"https:\/\/blogs.diariosur.es\/tormentas-y-rayos\/wp-json\/wp\/v2\/posts\/38625\/revisions\/49244"}],"wp:featuredmedia":[{"embeddable":true,"href":"https:\/\/blogs.diariosur.es\/tormentas-y-rayos\/wp-json\/wp\/v2\/media\/38626"}],"wp:attachment":[{"href":"https:\/\/blogs.diariosur.es\/tormentas-y-rayos\/wp-json\/wp\/v2\/media?parent=38625"}],"wp:term":[{"taxonomy":"category","embeddable":true,"href":"https:\/\/blogs.diariosur.es\/tormentas-y-rayos\/wp-json\/wp\/v2\/categories?post=38625"},{"taxonomy":"post_tag","embeddable":true,"href":"https:\/\/blogs.diariosur.es\/tormentas-y-rayos\/wp-json\/wp\/v2\/tags?post=38625"}],"curies":[{"name":"wp","href":"https:\/\/api.w.org\/{rel}","templated":true}]}}