{"id":38667,"date":"2023-10-07T09:31:12","date_gmt":"2023-10-07T07:31:12","guid":{"rendered":"https:\/\/blogs.diariosur.es\/tormentas-y-rayos\/?p=38667"},"modified":"2023-10-07T09:31:12","modified_gmt":"2023-10-07T07:31:12","slug":"probabilidad-de-algun-chubasco-debil-y-esporadico-en-la-costa-malaguena","status":"publish","type":"post","link":"https:\/\/blogs.diariosur.es\/tormentas-y-rayos\/2023\/10\/07\/probabilidad-de-algun-chubasco-debil-y-esporadico-en-la-costa-malaguena\/","title":{"rendered":"Probabilidad de alg\u00fan chubasco d\u00e9bil y espor\u00e1dico en la costa malague\u00f1a."},"content":{"rendered":"<p><a href=\"https:\/\/static-blogs.diariosur.es\/wp-content\/uploads\/sites\/12\/2023\/10\/243418660_10223324765526342_8448445083528661051_n.jpg\"><img loading=\"lazy\" class=\"aligncenter size-thumbnail wp-image-38644\" src=\"https:\/\/static-blogs.diariosur.es\/wp-content\/uploads\/sites\/12\/2023\/10\/243418660_10223324765526342_8448445083528661051_n-150x150.jpg\" alt=\"\" width=\"150\" height=\"150\" \/><\/a><\/p>\n<p>Muy buenos d\u00edas, amigos de la meteo. Ma\u00f1ana domingo o el lunes os dar\u00e9 la previsi\u00f3n del Puente del Pilar para toda Andaluc\u00eda. Ayer viernes nuevamente se batieron r\u00e9cords de temperatura m\u00e1xima en Sevilla\u00a0 con 37.4 grados y C\u00f3rdoba con 37.6. La m\u00e1xima de Espa\u00f1a se registro en Tenerife sur Aeropuerto con 38.5 grados, seguidas de Montoro en C\u00f3rdoba con 38.1 y La Aldea San Nicol\u00e1s en las Palmas tambi\u00e9n con 38.1. La racha m\u00e1xima de viento se registro en Tarifa con 73 km\/h.<\/p>\n<p>Hoy s\u00e1bado nuevamente pueden batirse r\u00e9cord de temperatura m\u00e1xima en el Valle del Guadalquivir. A partir de ma\u00f1ana y primeros d\u00edas de la semana que viene bajar\u00e1n un poquito, en vez de llegar a los 37 y 38 grados, rondar\u00e1n los 31 y 33 grados. La provincia de M\u00e1laga se sigue librando de estas temperaturas tan altas.<\/p>\n<p>El lunes hay probabilidad de alg\u00fan chubasco d\u00e9bil y espor\u00e1dico en algunas zonas de la costa malague\u00f1a, muy poca cosa. Las cl\u00e1sicas gotillas a primeras horas de la ma\u00f1ana cuando hay nubes bajas de levante. Hace unos d\u00edas tambien se dieron, como es el caso de Mijas Pueblo. La temperatura del agua del mar en la costa de M\u00e1laga esta hoy s\u00e1bado a 22 grados, que disfrut\u00e9is de la playa este fin de semana.<\/p>\n<p>Hasta ma\u00f1ana.<\/p>\n","protected":false},"excerpt":{"rendered":"<p>Muy buenos d\u00edas, amigos de la meteo. Ma\u00f1ana domingo o el lunes os dar\u00e9 la previsi\u00f3n del Puente del Pilar para toda Andaluc\u00eda. Ayer viernes nuevamente se batieron r\u00e9cords de temperatura m\u00e1xima en Sevilla\u00a0 con 37.4 grados y C\u00f3rdoba con 37.6. La m\u00e1xima de Espa\u00f1a se registro en Tenerife sur Aeropuerto con 38.5 grados, seguidas [&hellip;]<\/p>\n","protected":false},"author":16,"featured_media":31349,"comment_status":"open","ping_status":"open","sticky":false,"template":"","format":"standard","meta":[],"categories":[2],"tags":[],"_links":{"self":[{"href":"https:\/\/blogs.diariosur.es\/tormentas-y-rayos\/wp-json\/wp\/v2\/posts\/38667"}],"collection":[{"href":"https:\/\/blogs.diariosur.es\/tormentas-y-rayos\/wp-json\/wp\/v2\/posts"}],"about":[{"href":"https:\/\/blogs.diariosur.es\/tormentas-y-rayos\/wp-json\/wp\/v2\/types\/post"}],"author":[{"embeddable":true,"href":"https:\/\/blogs.diariosur.es\/tormentas-y-rayos\/wp-json\/wp\/v2\/users\/16"}],"replies":[{"embeddable":true,"href":"https:\/\/blogs.diariosur.es\/tormentas-y-rayos\/wp-json\/wp\/v2\/comments?post=38667"}],"version-history":[{"count":1,"href":"https:\/\/blogs.diariosur.es\/tormentas-y-rayos\/wp-json\/wp\/v2\/posts\/38667\/revisions"}],"predecessor-version":[{"id":38668,"href":"https:\/\/blogs.diariosur.es\/tormentas-y-rayos\/wp-json\/wp\/v2\/posts\/38667\/revisions\/38668"}],"wp:featuredmedia":[{"embeddable":true,"href":"https:\/\/blogs.diariosur.es\/tormentas-y-rayos\/wp-json\/wp\/v2\/media\/31349"}],"wp:attachment":[{"href":"https:\/\/blogs.diariosur.es\/tormentas-y-rayos\/wp-json\/wp\/v2\/media?parent=38667"}],"wp:term":[{"taxonomy":"category","embeddable":true,"href":"https:\/\/blogs.diariosur.es\/tormentas-y-rayos\/wp-json\/wp\/v2\/categories?post=38667"},{"taxonomy":"post_tag","embeddable":true,"href":"https:\/\/blogs.diariosur.es\/tormentas-y-rayos\/wp-json\/wp\/v2\/tags?post=38667"}],"curies":[{"name":"wp","href":"https:\/\/api.w.org\/{rel}","templated":true}]}}