{"id":38686,"date":"2023-10-13T12:09:10","date_gmt":"2023-10-13T10:09:10","guid":{"rendered":"https:\/\/blogs.diariosur.es\/tormentas-y-rayos\/?p=38686"},"modified":"2026-02-22T09:51:27","modified_gmt":"2026-02-22T08:51:27","slug":"llegaran-las-ansiadas-lluvias-a-andalucia-si-no-llegan-me-dejo-el-bigote-y-la-barba-malaga-con-sabor-y-olor-a-petricor","status":"publish","type":"post","link":"https:\/\/blogs.diariosur.es\/tormentas-y-rayos\/2023\/10\/13\/llegaran-las-ansiadas-lluvias-a-andalucia-si-no-llegan-me-dejo-el-bigote-y-la-barba-malaga-con-sabor-y-olor-a-petricor\/","title":{"rendered":"\u00bfLlegar\u00e1n las ansiadas lluvias a Andaluc\u00eda?, si no llegan me dejo el bigote y la barba. M\u00e1laga con sabor y olor a petricor."},"content":{"rendered":"<blockquote><p><a href=\"https:\/\/static-blogs.diariosur.es\/wp-content\/uploads\/sites\/12\/2023\/10\/243418660_10223324765526342_8448445083528661051_n.jpg\"><img loading=\"lazy\" class=\"aligncenter size-thumbnail wp-image-38644\" src=\"https:\/\/static-blogs.diariosur.es\/wp-content\/uploads\/sites\/12\/2023\/10\/243418660_10223324765526342_8448445083528661051_n-150x150.jpg\" alt=\"\" width=\"150\" height=\"150\" \/><\/a><\/p><\/blockquote>\n<p data-pm-slice=\"1 1 []\">Muy buenas tardes, amigos de la meteo. Cambio en la predicci\u00f3n del tiempo para ma\u00f1ana s\u00e1bado: aumenta la probabilidad de precipitaciones d\u00e9biles en la provincia malague\u00f1a, siendo m\u00e1s probables en el interior; salvo sorpresas, no las espero en la costa. El frente que se esperaba para ma\u00f1ana se reactiva un poco.<\/p>\n<p>Ayer, d\u00eda del Pilar, mi mujer y yo estuvimos en Nerja para visitar a nuestros amigos Francis y Luisa; tienen una tienda que es una pasada. La mejor miel y otros numerosos productos naturales son una pasada. La tienda se llama M\u00e1laga con Sabor, en la calle El Barrio. Mi amigo Francis, aficionado a la meteorolog\u00eda, y yo hemos so\u00f1ado con el buen tiempo y vamos a traer mucha suerte. M\u00e1laga con sabor y olor a petricor, jijijiji. Ojal\u00e1 la semana que viene se cumplan las ansiadas lluvias, amigo. Un fuerte abrazo.<\/p>\n<p>&nbsp;<\/p>\n<p>&nbsp;<\/p>\n<p><a href=\"https:\/\/static-blogs.diariosur.es\/wp-content\/uploads\/sites\/12\/2023\/10\/387818542_10227834198779355_8483398298316279792_n-e1697170237738.jpg\"><img loading=\"lazy\" class=\"aligncenter size-full wp-image-38700\" src=\"https:\/\/static-blogs.diariosur.es\/wp-content\/uploads\/sites\/12\/2023\/10\/387818542_10227834198779355_8483398298316279792_n-e1697170237738.jpg\" alt=\"\" width=\"800\" height=\"600\" \/><\/a><\/p>\n<p>&nbsp;<\/p>\n<p><a href=\"https:\/\/static-blogs.diariosur.es\/wp-content\/uploads\/sites\/12\/2023\/10\/391715614_10227834195659277_3082241316072300260_n.jpg\"><img loading=\"lazy\" class=\"aligncenter size-full wp-image-38701\" src=\"https:\/\/static-blogs.diariosur.es\/wp-content\/uploads\/sites\/12\/2023\/10\/391715614_10227834195659277_3082241316072300260_n.jpg\" alt=\"\" width=\"960\" height=\"720\" srcset=\"https:\/\/static-blogs.diariosur.es\/wp-content\/uploads\/sites\/12\/2023\/10\/391715614_10227834195659277_3082241316072300260_n.jpg 960w, https:\/\/static-blogs.diariosur.es\/wp-content\/uploads\/sites\/12\/2023\/10\/391715614_10227834195659277_3082241316072300260_n-533x400.jpg 533w, https:\/\/static-blogs.diariosur.es\/wp-content\/uploads\/sites\/12\/2023\/10\/391715614_10227834195659277_3082241316072300260_n-768x576.jpg 768w\" sizes=\"(max-width: 960px) 100vw, 960px\" \/><\/a><\/p>\n<p>&nbsp;<\/p>\n<p data-pm-slice=\"1 1 []\">Tener tranquilidad, que dentro de poco pondr\u00e9 los probables acumulados que da el europeo para la semana que viene. Mientras os pongo un video de la Vi\u00f1uela y una foto. Cuando Geno y yo ven\u00edamos de vuelta de Nerja para M\u00e1laga, le hicimos unas fotos al embalse. Nuevo m\u00ednimo hist\u00f3rico; en estos momentos est\u00e1 al 7.8%.<\/p>\n<p>&nbsp;<\/p>\n<p><iframe loading=\"lazy\" title=\"YouTube video player\" src=\"https:\/\/www.youtube.com\/embed\/CB3Aek1WvEk?si=EX8XLrBbkhV1cFFv\" width=\"560\" height=\"315\" frameborder=\"0\" allowfullscreen=\"allowfullscreen\"><\/iframe><\/p>\n<p>&nbsp;<\/p>\n<p><a href=\"https:\/\/static-blogs.diariosur.es\/wp-content\/uploads\/sites\/12\/2023\/10\/REVELADOS-EMBALSE-DE-LA-VI\u00d1UELA-4-12-DE-OCTUBRE3-DE-2023.jpg\"><img loading=\"lazy\" class=\"aligncenter size-full wp-image-38702\" src=\"https:\/\/static-blogs.diariosur.es\/wp-content\/uploads\/sites\/12\/2023\/10\/REVELADOS-EMBALSE-DE-LA-VI\u00d1UELA-4-12-DE-OCTUBRE3-DE-2023.jpg\" alt=\"\" width=\"900\" height=\"507\" srcset=\"https:\/\/static-blogs.diariosur.es\/wp-content\/uploads\/sites\/12\/2023\/10\/REVELADOS-EMBALSE-DE-LA-VI\u00d1UELA-4-12-DE-OCTUBRE3-DE-2023.jpg 900w, https:\/\/static-blogs.diariosur.es\/wp-content\/uploads\/sites\/12\/2023\/10\/REVELADOS-EMBALSE-DE-LA-VI\u00d1UELA-4-12-DE-OCTUBRE3-DE-2023-640x361.jpg 640w, https:\/\/static-blogs.diariosur.es\/wp-content\/uploads\/sites\/12\/2023\/10\/REVELADOS-EMBALSE-DE-LA-VI\u00d1UELA-4-12-DE-OCTUBRE3-DE-2023-768x433.jpg 768w\" sizes=\"(max-width: 900px) 100vw, 900px\" \/><\/a><\/p>\n<p>&nbsp;<\/p>\n<p data-pm-slice=\"1 1 []\"><strong>Si no llueve la pr\u00f3xima semana en zonas de la provincia de M\u00e1laga, acumulados de m\u00e1s de 40 litros, me dejo el bigote y posiblemente la barba. Con que caigan 40 litros, ya no me dejo la barba. Alg\u00fan listillo me acaba de decir que la apuesta sea de 80 litros, no, amigo.<\/strong><\/p>\n<h3><span style=\"color: #0000ff;\">\u00bfLlegar\u00e1n las ansiadas lluvias a toda Andaluc\u00eda?<\/span><\/h3>\n<p data-pm-slice=\"1 1 []\">Todo depender\u00e1 de si las probables borrascas que se esperan la semana que viene se acercan al suroeste del Cabo de San Vicente. Si es as\u00ed, la mayor parte de nuestra comunidad tendr\u00eda las ansiadas lluvias. Estos acumulados que os pongo de precipitaci\u00f3n son cada 24 horas, martes, mi\u00e9rcoles y jueves. A\u00fan pueden cambiar mucho.<\/p>\n<p>Martes 24 de octubre. Provincia de M\u00e1laga y Andaluc\u00eda.<\/p>\n<p>&nbsp;<\/p>\n<p><a href=\"https:\/\/static-blogs.diariosur.es\/wp-content\/uploads\/sites\/12\/2023\/10\/a1.jpg\"><img loading=\"lazy\" class=\"aligncenter size-full wp-image-38705\" src=\"https:\/\/static-blogs.diariosur.es\/wp-content\/uploads\/sites\/12\/2023\/10\/a1.jpg\" alt=\"\" width=\"755\" height=\"760\" srcset=\"https:\/\/static-blogs.diariosur.es\/wp-content\/uploads\/sites\/12\/2023\/10\/a1.jpg 755w, https:\/\/static-blogs.diariosur.es\/wp-content\/uploads\/sites\/12\/2023\/10\/a1-150x150.jpg 150w, https:\/\/static-blogs.diariosur.es\/wp-content\/uploads\/sites\/12\/2023\/10\/a1-397x400.jpg 397w\" sizes=\"(max-width: 755px) 100vw, 755px\" \/><\/a> <a href=\"https:\/\/static-blogs.diariosur.es\/wp-content\/uploads\/sites\/12\/2023\/10\/agosto-.jpg\"><img loading=\"lazy\" class=\"aligncenter size-full wp-image-38706\" src=\"https:\/\/static-blogs.diariosur.es\/wp-content\/uploads\/sites\/12\/2023\/10\/agosto-.jpg\" alt=\"\" width=\"764\" height=\"702\" srcset=\"https:\/\/static-blogs.diariosur.es\/wp-content\/uploads\/sites\/12\/2023\/10\/agosto-.jpg 764w, https:\/\/static-blogs.diariosur.es\/wp-content\/uploads\/sites\/12\/2023\/10\/agosto--435x400.jpg 435w\" sizes=\"(max-width: 764px) 100vw, 764px\" \/><\/a><\/p>\n<p>Mi\u00e9rcoles 25 de octubre<\/p>\n<p>&nbsp;<\/p>\n<p><a href=\"https:\/\/static-blogs.diariosur.es\/wp-content\/uploads\/sites\/12\/2023\/10\/b.jpg\"><img loading=\"lazy\" class=\"aligncenter size-full wp-image-38707\" src=\"https:\/\/static-blogs.diariosur.es\/wp-content\/uploads\/sites\/12\/2023\/10\/b.jpg\" alt=\"\" width=\"759\" height=\"763\" srcset=\"https:\/\/static-blogs.diariosur.es\/wp-content\/uploads\/sites\/12\/2023\/10\/b.jpg 759w, https:\/\/static-blogs.diariosur.es\/wp-content\/uploads\/sites\/12\/2023\/10\/b-150x150.jpg 150w, https:\/\/static-blogs.diariosur.es\/wp-content\/uploads\/sites\/12\/2023\/10\/b-398x400.jpg 398w\" sizes=\"(max-width: 759px) 100vw, 759px\" \/><\/a> <a href=\"https:\/\/static-blogs.diariosur.es\/wp-content\/uploads\/sites\/12\/2023\/10\/b1.jpg\"><img loading=\"lazy\" class=\"aligncenter size-full wp-image-38708\" src=\"https:\/\/static-blogs.diariosur.es\/wp-content\/uploads\/sites\/12\/2023\/10\/b1.jpg\" alt=\"\" width=\"757\" height=\"761\" srcset=\"https:\/\/static-blogs.diariosur.es\/wp-content\/uploads\/sites\/12\/2023\/10\/b1.jpg 757w, https:\/\/static-blogs.diariosur.es\/wp-content\/uploads\/sites\/12\/2023\/10\/b1-150x150.jpg 150w, https:\/\/static-blogs.diariosur.es\/wp-content\/uploads\/sites\/12\/2023\/10\/b1-398x400.jpg 398w\" sizes=\"(max-width: 757px) 100vw, 757px\" \/><\/a><\/p>\n<p>&nbsp;<\/p>\n<p>Jueves 25 de octubre<\/p>\n<p><a href=\"https:\/\/static-blogs.diariosur.es\/wp-content\/uploads\/sites\/12\/2023\/10\/c.jpg\"><img loading=\"lazy\" class=\"aligncenter size-full wp-image-38709\" src=\"https:\/\/static-blogs.diariosur.es\/wp-content\/uploads\/sites\/12\/2023\/10\/c.jpg\" alt=\"\" width=\"758\" height=\"764\" srcset=\"https:\/\/static-blogs.diariosur.es\/wp-content\/uploads\/sites\/12\/2023\/10\/c.jpg 758w, https:\/\/static-blogs.diariosur.es\/wp-content\/uploads\/sites\/12\/2023\/10\/c-150x150.jpg 150w, https:\/\/static-blogs.diariosur.es\/wp-content\/uploads\/sites\/12\/2023\/10\/c-397x400.jpg 397w\" sizes=\"(max-width: 758px) 100vw, 758px\" \/><\/a> <a href=\"https:\/\/static-blogs.diariosur.es\/wp-content\/uploads\/sites\/12\/2023\/10\/c1.jpg\"><img loading=\"lazy\" class=\"aligncenter size-full wp-image-38710\" src=\"https:\/\/static-blogs.diariosur.es\/wp-content\/uploads\/sites\/12\/2023\/10\/c1.jpg\" alt=\"\" width=\"763\" height=\"763\" srcset=\"https:\/\/static-blogs.diariosur.es\/wp-content\/uploads\/sites\/12\/2023\/10\/c1.jpg 763w, https:\/\/static-blogs.diariosur.es\/wp-content\/uploads\/sites\/12\/2023\/10\/c1-150x150.jpg 150w, https:\/\/static-blogs.diariosur.es\/wp-content\/uploads\/sites\/12\/2023\/10\/c1-400x400.jpg 400w\" sizes=\"(max-width: 763px) 100vw, 763px\" \/><\/a><\/p>\n<p>&nbsp;<\/p>\n<p>Acabo de llegar de los Embalses del Guadalhorce. Ma\u00f1ana os pongo videos y fotos.<\/p>\n","protected":false},"excerpt":{"rendered":"<p>Muy buenas tardes, amigos de la meteo. Cambio en la predicci\u00f3n del tiempo para ma\u00f1ana s\u00e1bado: aumenta la probabilidad de precipitaciones d\u00e9biles en la provincia malague\u00f1a, siendo m\u00e1s probables en el interior; salvo sorpresas, no las espero en la costa. El frente que se esperaba para ma\u00f1ana se reactiva un poco. Ayer, d\u00eda del Pilar, [&hellip;]<\/p>\n","protected":false},"author":16,"featured_media":38704,"comment_status":"open","ping_status":"open","sticky":false,"template":"","format":"standard","meta":[],"categories":[2],"tags":[100,188,358,569,587,728,1054],"_links":{"self":[{"href":"https:\/\/blogs.diariosur.es\/tormentas-y-rayos\/wp-json\/wp\/v2\/posts\/38686"}],"collection":[{"href":"https:\/\/blogs.diariosur.es\/tormentas-y-rayos\/wp-json\/wp\/v2\/posts"}],"about":[{"href":"https:\/\/blogs.diariosur.es\/tormentas-y-rayos\/wp-json\/wp\/v2\/types\/post"}],"author":[{"embeddable":true,"href":"https:\/\/blogs.diariosur.es\/tormentas-y-rayos\/wp-json\/wp\/v2\/users\/16"}],"replies":[{"embeddable":true,"href":"https:\/\/blogs.diariosur.es\/tormentas-y-rayos\/wp-json\/wp\/v2\/comments?post=38686"}],"version-history":[{"count":20,"href":"https:\/\/blogs.diariosur.es\/tormentas-y-rayos\/wp-json\/wp\/v2\/posts\/38686\/revisions"}],"predecessor-version":[{"id":49235,"href":"https:\/\/blogs.diariosur.es\/tormentas-y-rayos\/wp-json\/wp\/v2\/posts\/38686\/revisions\/49235"}],"wp:featuredmedia":[{"embeddable":true,"href":"https:\/\/blogs.diariosur.es\/tormentas-y-rayos\/wp-json\/wp\/v2\/media\/38704"}],"wp:attachment":[{"href":"https:\/\/blogs.diariosur.es\/tormentas-y-rayos\/wp-json\/wp\/v2\/media?parent=38686"}],"wp:term":[{"taxonomy":"category","embeddable":true,"href":"https:\/\/blogs.diariosur.es\/tormentas-y-rayos\/wp-json\/wp\/v2\/categories?post=38686"},{"taxonomy":"post_tag","embeddable":true,"href":"https:\/\/blogs.diariosur.es\/tormentas-y-rayos\/wp-json\/wp\/v2\/tags?post=38686"}],"curies":[{"name":"wp","href":"https:\/\/api.w.org\/{rel}","templated":true}]}}