{"id":38716,"date":"2023-10-14T09:20:18","date_gmt":"2023-10-14T07:20:18","guid":{"rendered":"https:\/\/blogs.diariosur.es\/tormentas-y-rayos\/?p=38716"},"modified":"2023-10-14T09:22:27","modified_gmt":"2023-10-14T07:22:27","slug":"caen-precipitaciones-debiles-en-la-provincia-de-malaga-fotos-y-videos-de-los-embalses-de-malaga-y-estado-actual","status":"publish","type":"post","link":"https:\/\/blogs.diariosur.es\/tormentas-y-rayos\/2023\/10\/14\/caen-precipitaciones-debiles-en-la-provincia-de-malaga-fotos-y-videos-de-los-embalses-de-malaga-y-estado-actual\/","title":{"rendered":"Caen precipitaciones d\u00e9biles en la provincia de M\u00e1laga. Fotos y videos de los embalses de M\u00e1laga y estado actual."},"content":{"rendered":"<p><a href=\"https:\/\/static-blogs.diariosur.es\/wp-content\/uploads\/sites\/12\/2023\/10\/391553712_10227849747128054_5906882869659171719_n.jpg\"><img loading=\"lazy\" class=\"aligncenter size-thumbnail wp-image-38725\" src=\"https:\/\/static-blogs.diariosur.es\/wp-content\/uploads\/sites\/12\/2023\/10\/391553712_10227849747128054_5906882869659171719_n-150x150.jpg\" alt=\"\" width=\"150\" height=\"150\" \/><\/a><\/p>\n<p>Muy buenos d\u00edas, amigos de la meteo. Se cumplieron las previsiones y el frente ha dejado precipitaciones d\u00e9biles en la provincia malague\u00f1a, incluso en la capital han ca\u00eddo unas gotas sobre las siete de la ma\u00f1ana. Como yo me levanto temprano, he tenido la suerte de oler a petricor. Hace unos d\u00edas, no se esperaban.<\/p>\n<p>Os paso una foto.<\/p>\n<p>&nbsp;<\/p>\n<p><a href=\"https:\/\/static-blogs.diariosur.es\/wp-content\/uploads\/sites\/12\/2023\/10\/387863640_10227849333597716_5271717150863880586_n.jpg\"><img loading=\"lazy\" class=\"aligncenter size-full wp-image-38719\" src=\"https:\/\/static-blogs.diariosur.es\/wp-content\/uploads\/sites\/12\/2023\/10\/387863640_10227849333597716_5271717150863880586_n.jpg\" alt=\"\" width=\"800\" height=\"600\" srcset=\"https:\/\/static-blogs.diariosur.es\/wp-content\/uploads\/sites\/12\/2023\/10\/387863640_10227849333597716_5271717150863880586_n.jpg 800w, https:\/\/static-blogs.diariosur.es\/wp-content\/uploads\/sites\/12\/2023\/10\/387863640_10227849333597716_5271717150863880586_n-533x400.jpg 533w, https:\/\/static-blogs.diariosur.es\/wp-content\/uploads\/sites\/12\/2023\/10\/387863640_10227849333597716_5271717150863880586_n-768x576.jpg 768w\" sizes=\"(max-width: 800px) 100vw, 800px\" \/><\/a><\/p>\n<p>&nbsp;<\/p>\n<p>Ma\u00f1ana domingo por la noche actualizar\u00e9 el blog, con los probables acumulados que se prev\u00e9n en Andaluc\u00eda y M\u00e1laga para la semana que viene. Seguimos con mucha incertidumbre. Pero os aseguro que no me dejo bigote y barba. M\u00e1s de 40 litros acumulados caen en algunos puntos de la provincia de M\u00e1laga.<\/p>\n<h3><span style=\"color: #ff0000;\"><strong>\u00a0Fotos y videos de los embalses de M\u00e1laga y estado actual<\/strong><\/span><\/h3>\n<p>&nbsp;<\/p>\n<p><iframe loading=\"lazy\" title=\"YouTube video player\" src=\"https:\/\/www.youtube.com\/embed\/CB3Aek1WvEk?si=K5XMesT_UzjST2Lr\" width=\"560\" height=\"315\" frameborder=\"0\" allowfullscreen=\"allowfullscreen\"><\/iframe><\/p>\n<p>&nbsp;<\/p>\n<p><a href=\"https:\/\/static-blogs.diariosur.es\/wp-content\/uploads\/sites\/12\/2023\/10\/387803619_10227832127207567_1854485089337152166_n-e1697264443759.jpg\"><img loading=\"lazy\" class=\"aligncenter size-full wp-image-38723\" src=\"https:\/\/static-blogs.diariosur.es\/wp-content\/uploads\/sites\/12\/2023\/10\/387803619_10227832127207567_1854485089337152166_n-e1697264443759.jpg\" alt=\"\" width=\"1200\" height=\"900\" \/><\/a><\/p>\n<p>&nbsp;<\/p>\n<p>&nbsp;<\/p>\n<p>Lo veremos as\u00ed alg\u00fan d\u00eda.<\/p>\n<p>&nbsp;<\/p>\n<p><a href=\"https:\/\/static-blogs.diariosur.es\/wp-content\/uploads\/sites\/12\/2023\/10\/387814521_10227832685901534_8988984502458507179_n-e1697264540311.jpg\"><img loading=\"lazy\" class=\"aligncenter size-full wp-image-38724\" src=\"https:\/\/static-blogs.diariosur.es\/wp-content\/uploads\/sites\/12\/2023\/10\/387814521_10227832685901534_8988984502458507179_n-e1697264540311.jpg\" alt=\"\" width=\"1200\" height=\"900\" \/><\/a><\/p>\n<p>&nbsp;<\/p>\n<p><iframe loading=\"lazy\" title=\"YouTube video player\" src=\"https:\/\/www.youtube.com\/embed\/bABJ3t37_Q8?si=SJDYngr7ymrEidUj\" width=\"560\" height=\"315\" frameborder=\"0\" allowfullscreen=\"allowfullscreen\"><\/iframe><\/p>\n<p><iframe loading=\"lazy\" title=\"YouTube video player\" src=\"https:\/\/www.youtube.com\/embed\/p53lvaOzk1A?si=gIpMjvyE1Ynf0eUP\" width=\"560\" height=\"315\" frameborder=\"0\" allowfullscreen=\"allowfullscreen\"><\/iframe><\/p>\n<p><iframe loading=\"lazy\" title=\"YouTube video player\" src=\"https:\/\/www.youtube.com\/embed\/BUYT6DrBk9E?si=WmKYWlyTxvGeJzuD\" width=\"560\" height=\"315\" frameborder=\"0\" allowfullscreen=\"allowfullscreen\"><\/iframe><\/p>\n<p>&nbsp;<\/p>\n<p><a href=\"https:\/\/static-blogs.diariosur.es\/wp-content\/uploads\/sites\/12\/2023\/10\/DSC07431-e1697263114428.jpg\"><img loading=\"lazy\" class=\"aligncenter size-full wp-image-38720\" src=\"https:\/\/static-blogs.diariosur.es\/wp-content\/uploads\/sites\/12\/2023\/10\/DSC07431-e1697263114428.jpg\" alt=\"\" width=\"900\" height=\"506\" \/><\/a><\/p>\n<p>En abril de 2022 estaba as\u00ed de lleno<\/p>\n<p><a href=\"https:\/\/static-blogs.diariosur.es\/wp-content\/uploads\/sites\/12\/2023\/10\/5-1-e1697264148588.jpg\"><img loading=\"lazy\" class=\"aligncenter size-full wp-image-38722\" src=\"https:\/\/static-blogs.diariosur.es\/wp-content\/uploads\/sites\/12\/2023\/10\/5-1-e1697264148588.jpg\" alt=\"\" width=\"900\" height=\"600\" \/><\/a><\/p>\n<p>&nbsp;<\/p>\n<p>Os pongo esta foto del Embalse del Limonero, que hizo ayer mi amigo Manuel Francisco Duarte Gutierrez de la Cueva.<\/p>\n<p>&nbsp;<\/p>\n<p><a href=\"https:\/\/static-blogs.diariosur.es\/wp-content\/uploads\/sites\/12\/2023\/10\/391571348_10227849221754920_2782341805661419731_n.jpg\"><img loading=\"lazy\" class=\"aligncenter size-full wp-image-38718\" src=\"https:\/\/static-blogs.diariosur.es\/wp-content\/uploads\/sites\/12\/2023\/10\/391571348_10227849221754920_2782341805661419731_n.jpg\" alt=\"\" width=\"960\" height=\"720\" srcset=\"https:\/\/static-blogs.diariosur.es\/wp-content\/uploads\/sites\/12\/2023\/10\/391571348_10227849221754920_2782341805661419731_n.jpg 960w, https:\/\/static-blogs.diariosur.es\/wp-content\/uploads\/sites\/12\/2023\/10\/391571348_10227849221754920_2782341805661419731_n-533x400.jpg 533w, https:\/\/static-blogs.diariosur.es\/wp-content\/uploads\/sites\/12\/2023\/10\/391571348_10227849221754920_2782341805661419731_n-768x576.jpg 768w\" sizes=\"(max-width: 960px) 100vw, 960px\" \/><\/a><\/p>\n<p>&nbsp;<\/p>\n<p><strong>EMBALSE DE LA CONCEPCI\u00d3N\u00a0 <span style=\"color: #ff0000;\">31,6%<\/span><\/strong><\/p>\n<p><strong>EMBALSE DE CASASOLA\u00a0 <span style=\"color: #ff0000;\">30,8%<\/span><\/strong><\/p>\n<p><strong>EMBALSE DEL LIMONERO\u00a0<span style=\"color: #ff0000;\"> 24,2%<\/span><\/strong><\/p>\n<p><strong>EMBALSE DEL GUADALTEBA\u00a0<span style=\"color: #ff0000;\"> 28,2%<\/span><\/strong><\/p>\n<p><strong>EMBALSE DEL GUADALHORCE\u00a0 <span style=\"color: #ff0000;\">20,7%<\/span><\/strong><\/p>\n<p><strong>EMBALSE CONDE DE GUADALHORCE <span style=\"color: #ff0000;\">17,4%<\/span><\/strong><\/p>\n<p><strong>EMBALSE DE LA VI\u00d1UELA\u00a0<span style=\"color: #ff0000;\"> 7.8%<\/span><\/strong><\/p>\n<p>&nbsp;<\/p>\n","protected":false},"excerpt":{"rendered":"<p>Muy buenos d\u00edas, amigos de la meteo. Se cumplieron las previsiones y el frente ha dejado precipitaciones d\u00e9biles en la provincia malague\u00f1a, incluso en la capital han ca\u00eddo unas gotas sobre las siete de la ma\u00f1ana. Como yo me levanto temprano, he tenido la suerte de oler a petricor. Hace unos d\u00edas, no se esperaban. [&hellip;]<\/p>\n","protected":false},"author":16,"featured_media":38718,"comment_status":"open","ping_status":"open","sticky":false,"template":"","format":"standard","meta":[],"categories":[2],"tags":[100,360,569,587,909],"_links":{"self":[{"href":"https:\/\/blogs.diariosur.es\/tormentas-y-rayos\/wp-json\/wp\/v2\/posts\/38716"}],"collection":[{"href":"https:\/\/blogs.diariosur.es\/tormentas-y-rayos\/wp-json\/wp\/v2\/posts"}],"about":[{"href":"https:\/\/blogs.diariosur.es\/tormentas-y-rayos\/wp-json\/wp\/v2\/types\/post"}],"author":[{"embeddable":true,"href":"https:\/\/blogs.diariosur.es\/tormentas-y-rayos\/wp-json\/wp\/v2\/users\/16"}],"replies":[{"embeddable":true,"href":"https:\/\/blogs.diariosur.es\/tormentas-y-rayos\/wp-json\/wp\/v2\/comments?post=38716"}],"version-history":[{"count":2,"href":"https:\/\/blogs.diariosur.es\/tormentas-y-rayos\/wp-json\/wp\/v2\/posts\/38716\/revisions"}],"predecessor-version":[{"id":38726,"href":"https:\/\/blogs.diariosur.es\/tormentas-y-rayos\/wp-json\/wp\/v2\/posts\/38716\/revisions\/38726"}],"wp:featuredmedia":[{"embeddable":true,"href":"https:\/\/blogs.diariosur.es\/tormentas-y-rayos\/wp-json\/wp\/v2\/media\/38718"}],"wp:attachment":[{"href":"https:\/\/blogs.diariosur.es\/tormentas-y-rayos\/wp-json\/wp\/v2\/media?parent=38716"}],"wp:term":[{"taxonomy":"category","embeddable":true,"href":"https:\/\/blogs.diariosur.es\/tormentas-y-rayos\/wp-json\/wp\/v2\/categories?post=38716"},{"taxonomy":"post_tag","embeddable":true,"href":"https:\/\/blogs.diariosur.es\/tormentas-y-rayos\/wp-json\/wp\/v2\/tags?post=38716"}],"curies":[{"name":"wp","href":"https:\/\/api.w.org\/{rel}","templated":true}]}}