{"id":38755,"date":"2023-10-18T08:49:39","date_gmt":"2023-10-18T06:49:39","guid":{"rendered":"https:\/\/blogs.diariosur.es\/tormentas-y-rayos\/?p=38755"},"modified":"2026-02-22T09:39:41","modified_gmt":"2026-02-22T08:39:41","slug":"borrasca-aline-avisos-naranjas-por-lluvias-y-viento-en-toda-andalucia-cenar-con-un-amigo-y-hablar-de-meteo-es-lo-mejor","status":"publish","type":"post","link":"https:\/\/blogs.diariosur.es\/tormentas-y-rayos\/2023\/10\/18\/borrasca-aline-avisos-naranjas-por-lluvias-y-viento-en-toda-andalucia-cenar-con-un-amigo-y-hablar-de-meteo-es-lo-mejor\/","title":{"rendered":"Borrasca Aline. Avisos naranjas por lluvias y viento en toda Andaluc\u00eda. Cenar con un amigo y hablar de meteo, es lo mejor."},"content":{"rendered":"<p><a href=\"https:\/\/static-blogs.diariosur.es\/wp-content\/uploads\/sites\/12\/2023\/10\/391553712_10227849747128054_5906882869659171719_n.jpg\"><img loading=\"lazy\" class=\"aligncenter size-thumbnail wp-image-38725\" src=\"https:\/\/static-blogs.diariosur.es\/wp-content\/uploads\/sites\/12\/2023\/10\/391553712_10227849747128054_5906882869659171719_n-150x150.jpg\" alt=\"\" width=\"150\" height=\"150\" \/><\/a><\/p>\n<p>Muy buenos d\u00edas, amigos de la meteo. Ya tenemos a la primera borrasca de la temporada 2023-24 con nombre, se llama Aline y la ha nombrado Portugal.<\/p>\n<p>Os paso el mapa de superficie de la Aemet.<\/p>\n<p>&nbsp;<\/p>\n<p><a href=\"https:\/\/static-blogs.diariosur.es\/wp-content\/uploads\/sites\/12\/2023\/10\/Captura-de-pantalla-2023-10-18-063620.jpg\"><img loading=\"lazy\" class=\"aligncenter size-full wp-image-38756\" src=\"https:\/\/static-blogs.diariosur.es\/wp-content\/uploads\/sites\/12\/2023\/10\/Captura-de-pantalla-2023-10-18-063620.jpg\" alt=\"\" width=\"900\" height=\"596\" srcset=\"https:\/\/static-blogs.diariosur.es\/wp-content\/uploads\/sites\/12\/2023\/10\/Captura-de-pantalla-2023-10-18-063620.jpg 900w, https:\/\/static-blogs.diariosur.es\/wp-content\/uploads\/sites\/12\/2023\/10\/Captura-de-pantalla-2023-10-18-063620-604x400.jpg 604w, https:\/\/static-blogs.diariosur.es\/wp-content\/uploads\/sites\/12\/2023\/10\/Captura-de-pantalla-2023-10-18-063620-768x509.jpg 768w\" sizes=\"(max-width: 900px) 100vw, 900px\" \/><\/a><\/p>\n<p>&nbsp;<\/p>\n<p>Ma\u00f1ana jueves toda Andaluc\u00eda entra en aviso, ya sea por lluvias, viento y fen\u00f3menos costeros. Os paso el mapa desglosado.<\/p>\n<p><strong>Naranja y amarillos por lluvias. En una hora 20 y 30 litros.<\/strong><\/p>\n<p>&nbsp;<\/p>\n<p><a href=\"https:\/\/static-blogs.diariosur.es\/wp-content\/uploads\/sites\/12\/2023\/10\/lluvias.jpg\"><img loading=\"lazy\" class=\"aligncenter size-full wp-image-38757\" src=\"https:\/\/static-blogs.diariosur.es\/wp-content\/uploads\/sites\/12\/2023\/10\/lluvias.jpg\" alt=\"\" width=\"695\" height=\"542\" srcset=\"https:\/\/static-blogs.diariosur.es\/wp-content\/uploads\/sites\/12\/2023\/10\/lluvias.jpg 695w, https:\/\/static-blogs.diariosur.es\/wp-content\/uploads\/sites\/12\/2023\/10\/lluvias-513x400.jpg 513w\" sizes=\"(max-width: 695px) 100vw, 695px\" \/><\/a><\/p>\n<p>&nbsp;<\/p>\n<p><strong>Por rachas fuertes de viento de 80 y 90 km\/h<\/strong><\/p>\n<p>&nbsp;<\/p>\n<p><a href=\"https:\/\/static-blogs.diariosur.es\/wp-content\/uploads\/sites\/12\/2023\/10\/viento.jpg\"><img loading=\"lazy\" class=\"aligncenter size-full wp-image-38758\" src=\"https:\/\/static-blogs.diariosur.es\/wp-content\/uploads\/sites\/12\/2023\/10\/viento.jpg\" alt=\"\" width=\"690\" height=\"544\" srcset=\"https:\/\/static-blogs.diariosur.es\/wp-content\/uploads\/sites\/12\/2023\/10\/viento.jpg 690w, https:\/\/static-blogs.diariosur.es\/wp-content\/uploads\/sites\/12\/2023\/10\/viento-507x400.jpg 507w\" sizes=\"(max-width: 690px) 100vw, 690px\" \/><\/a><\/p>\n<p>&nbsp;<\/p>\n<p><strong>Por fen\u00f3menos costeros. Mucha precauci\u00f3n en el Mar de Albor\u00e1n.\u00a0<\/strong><\/p>\n<p>&nbsp;<\/p>\n<p><a href=\"https:\/\/static-blogs.diariosur.es\/wp-content\/uploads\/sites\/12\/2023\/10\/costeros.jpg\"><img loading=\"lazy\" class=\"aligncenter size-full wp-image-38759\" src=\"https:\/\/static-blogs.diariosur.es\/wp-content\/uploads\/sites\/12\/2023\/10\/costeros.jpg\" alt=\"\" width=\"693\" height=\"547\" srcset=\"https:\/\/static-blogs.diariosur.es\/wp-content\/uploads\/sites\/12\/2023\/10\/costeros.jpg 693w, https:\/\/static-blogs.diariosur.es\/wp-content\/uploads\/sites\/12\/2023\/10\/costeros-507x400.jpg 507w\" sizes=\"(max-width: 693px) 100vw, 693px\" \/><\/a><\/p>\n<p>&nbsp;<\/p>\n<p><span style=\"color: #ff0000;\"><strong>En M\u00e1laga entrar\u00e1 el frente ma\u00f1ana jueves a \u00faltima hora, as\u00ed que tener paciencia si no llueve por la ma\u00f1ana y primeras horas de la tarde.<\/strong><\/span><\/p>\n<p>Despu\u00e9s de mucho tiempo sin vernos, quedamos mi amigo Javier Aguilar ( presentador del tiempo en Canal Sur ) y yo para cenar. Que rato m\u00e1s bueno hemos echado hablando de meteo y recordando viejos tiempos. Lo de viejo es por mi jijijji. Un fuerte abrazo amigo, lo pase genial.<\/p>\n<p>&nbsp;<\/p>\n<p><a href=\"https:\/\/static-blogs.diariosur.es\/wp-content\/uploads\/sites\/12\/2023\/10\/393342308_10227869487061540_3476227002232627485_n-e1697607464531.jpg\"><img loading=\"lazy\" class=\"aligncenter size-full wp-image-38760\" src=\"https:\/\/static-blogs.diariosur.es\/wp-content\/uploads\/sites\/12\/2023\/10\/393342308_10227869487061540_3476227002232627485_n-e1697607464531.jpg\" alt=\"\" width=\"900\" height=\"919\" \/><\/a><\/p>\n<p>&nbsp;<\/p>\n<p>&nbsp;<\/p>\n<p>&nbsp;<\/p>\n","protected":false},"excerpt":{"rendered":"<p>Muy buenos d\u00edas, amigos de la meteo. Ya tenemos a la primera borrasca de la temporada 2023-24 con nombre, se llama Aline y la ha nombrado Portugal. Os paso el mapa de superficie de la Aemet. &nbsp; &nbsp; Ma\u00f1ana jueves toda Andaluc\u00eda entra en aviso, ya sea por lluvias, viento y fen\u00f3menos costeros. Os paso [&hellip;]<\/p>\n","protected":false},"author":16,"featured_media":38760,"comment_status":"open","ping_status":"open","sticky":false,"template":"","format":"standard","meta":[],"categories":[2],"tags":[1860,100,151,188,569,587,676,800,1059],"_links":{"self":[{"href":"https:\/\/blogs.diariosur.es\/tormentas-y-rayos\/wp-json\/wp\/v2\/posts\/38755"}],"collection":[{"href":"https:\/\/blogs.diariosur.es\/tormentas-y-rayos\/wp-json\/wp\/v2\/posts"}],"about":[{"href":"https:\/\/blogs.diariosur.es\/tormentas-y-rayos\/wp-json\/wp\/v2\/types\/post"}],"author":[{"embeddable":true,"href":"https:\/\/blogs.diariosur.es\/tormentas-y-rayos\/wp-json\/wp\/v2\/users\/16"}],"replies":[{"embeddable":true,"href":"https:\/\/blogs.diariosur.es\/tormentas-y-rayos\/wp-json\/wp\/v2\/comments?post=38755"}],"version-history":[{"count":1,"href":"https:\/\/blogs.diariosur.es\/tormentas-y-rayos\/wp-json\/wp\/v2\/posts\/38755\/revisions"}],"predecessor-version":[{"id":38761,"href":"https:\/\/blogs.diariosur.es\/tormentas-y-rayos\/wp-json\/wp\/v2\/posts\/38755\/revisions\/38761"}],"wp:featuredmedia":[{"embeddable":true,"href":"https:\/\/blogs.diariosur.es\/tormentas-y-rayos\/wp-json\/wp\/v2\/media\/38760"}],"wp:attachment":[{"href":"https:\/\/blogs.diariosur.es\/tormentas-y-rayos\/wp-json\/wp\/v2\/media?parent=38755"}],"wp:term":[{"taxonomy":"category","embeddable":true,"href":"https:\/\/blogs.diariosur.es\/tormentas-y-rayos\/wp-json\/wp\/v2\/categories?post=38755"},{"taxonomy":"post_tag","embeddable":true,"href":"https:\/\/blogs.diariosur.es\/tormentas-y-rayos\/wp-json\/wp\/v2\/tags?post=38755"}],"curies":[{"name":"wp","href":"https:\/\/api.w.org\/{rel}","templated":true}]}}