{"id":38776,"date":"2023-10-21T11:23:31","date_gmt":"2023-10-21T09:23:31","guid":{"rendered":"https:\/\/blogs.diariosur.es\/tormentas-y-rayos\/?p=38776"},"modified":"2026-02-22T09:33:24","modified_gmt":"2026-02-22T08:33:24","slug":"borrasca-bernard-avisos-en-andalucia-por-rachas-muy-fuertes-de-viento-y-olas-donde-llovera-mas","status":"publish","type":"post","link":"https:\/\/blogs.diariosur.es\/tormentas-y-rayos\/2023\/10\/21\/borrasca-bernard-avisos-en-andalucia-por-rachas-muy-fuertes-de-viento-y-olas-donde-llovera-mas\/","title":{"rendered":"Borrasca Bernard. Avisos en Andaluc\u00eda por rachas muy fuertes de viento y olas \u00bfD\u00f3nde llover\u00e1 m\u00e1s?"},"content":{"rendered":"<p><a href=\"https:\/\/static-blogs.diariosur.es\/wp-content\/uploads\/sites\/12\/2023\/10\/243418660_10223324765526342_8448445083528661051_n.jpg\"><img loading=\"lazy\" class=\"aligncenter size-thumbnail wp-image-38644\" src=\"https:\/\/static-blogs.diariosur.es\/wp-content\/uploads\/sites\/12\/2023\/10\/243418660_10223324765526342_8448445083528661051_n-150x150.jpg\" alt=\"\" width=\"150\" height=\"150\" \/><\/a><\/p>\n<p data-pm-slice=\"1 1 []\">Muy buenos d\u00edas, amigos de la meteo. Qu\u00e9 fresquito m\u00e1s bueno esta ma\u00f1ana; la estaci\u00f3n de la AEMET del Centro Meteorol\u00f3gico ha registrado 14,7 grados. Destacar tambi\u00e9n Ronda con 8,7 grados, Antequera 10,7 grados y Archidona Huertas del R\u00edo con 8,9 grados. La m\u00e1s baja de las ocho capitales andaluzas la ha registrado C\u00f3rdoba Aeropuerto con 9.2 grados.<\/p>\n<h3><span style=\"color: #0000ff;\"><span style=\"color: #0000ff;\">Borrasca Bernard. Avisos por rachas muy fuertes de viento y olas. \u00bfD\u00f3nde\u00a0llover\u00e1 m\u00e1s?<\/span><\/span><\/h3>\n<p>Os presento a la segunda borrasca de la temporada 2023-2024, se llama Bernard. Ha sido nombrada por Portugal.<\/p>\n<p>Os paso el mapa de superficie previsto para ma\u00f1ana por la aemet.<\/p>\n<p><a href=\"https:\/\/static-blogs.diariosur.es\/wp-content\/uploads\/sites\/12\/2023\/10\/zz-e1697872790481.gif\"><img loading=\"lazy\" class=\"aligncenter size-full wp-image-38777\" src=\"https:\/\/static-blogs.diariosur.es\/wp-content\/uploads\/sites\/12\/2023\/10\/zz-e1697872790481.gif\" alt=\"\" width=\"800\" height=\"560\" \/><\/a><\/p>\n<p data-pm-slice=\"1 1 []\">La AEMET activa avisos amarillos y naranjas por rachas de viento en estas zonas de Andaluc\u00eda.<\/p>\n<p>El naranja por rachas de 90 km\/h y el amarillo\u00a0por rachas de 70 y 80 km\/h.<\/p>\n<p>En la costa de M\u00e1laga tambi\u00e9n tendremos rachas fuertes de viento del este con olas de 2 y 3 metros. En el Estrecho y litorales de Huelva y C\u00e1diz, naranja por las de 4 a 7 metros.<\/p>\n<p>Os paso el mapa de avisos por viento y fen\u00f3menos costeros.<\/p>\n<p>&nbsp;<\/p>\n<p><a href=\"https:\/\/static-blogs.diariosur.es\/wp-content\/uploads\/sites\/12\/2023\/10\/Captura-de-pantalla-2023-10-21-100918.jpg\"><img loading=\"lazy\" class=\"aligncenter size-full wp-image-38779\" src=\"https:\/\/static-blogs.diariosur.es\/wp-content\/uploads\/sites\/12\/2023\/10\/Captura-de-pantalla-2023-10-21-100918.jpg\" alt=\"\" width=\"689\" height=\"548\" srcset=\"https:\/\/static-blogs.diariosur.es\/wp-content\/uploads\/sites\/12\/2023\/10\/Captura-de-pantalla-2023-10-21-100918.jpg 689w, https:\/\/static-blogs.diariosur.es\/wp-content\/uploads\/sites\/12\/2023\/10\/Captura-de-pantalla-2023-10-21-100918-503x400.jpg 503w\" sizes=\"(max-width: 689px) 100vw, 689px\" \/><\/a><\/p>\n<p>&nbsp;<\/p>\n<p><a href=\"https:\/\/static-blogs.diariosur.es\/wp-content\/uploads\/sites\/12\/2023\/10\/Captura-de-pantalla-2023-10-21-101326.jpg\"><img loading=\"lazy\" class=\"aligncenter size-full wp-image-38780\" src=\"https:\/\/static-blogs.diariosur.es\/wp-content\/uploads\/sites\/12\/2023\/10\/Captura-de-pantalla-2023-10-21-101326.jpg\" alt=\"\" width=\"693\" height=\"548\" srcset=\"https:\/\/static-blogs.diariosur.es\/wp-content\/uploads\/sites\/12\/2023\/10\/Captura-de-pantalla-2023-10-21-101326.jpg 693w, https:\/\/static-blogs.diariosur.es\/wp-content\/uploads\/sites\/12\/2023\/10\/Captura-de-pantalla-2023-10-21-101326-506x400.jpg 506w\" sizes=\"(max-width: 693px) 100vw, 693px\" \/><\/a><\/p>\n<p data-pm-slice=\"1 1 []\">En cuanto a los acumulados de precipitaci\u00f3n desde el domingo al lunes, hay mucha incertidumbre con los principales modelos. El europeo da m\u00e1s lluvia y el americano bastante menos. De momento, la zona norte de la provincia de Huelva entrar\u00e1 ma\u00f1ana en aviso amarillo, por precipitaci\u00f3n acumulada en una hora: 15 mm y 40 mm en doce horas.<\/p>\n<p>MODELO EUROPEO.<\/p>\n<p>&nbsp;<\/p>\n<p><a href=\"https:\/\/static-blogs.diariosur.es\/wp-content\/uploads\/sites\/12\/2023\/10\/europeo.jpg\"><img loading=\"lazy\" class=\"aligncenter size-full wp-image-38781\" src=\"https:\/\/static-blogs.diariosur.es\/wp-content\/uploads\/sites\/12\/2023\/10\/europeo.jpg\" alt=\"\" width=\"762\" height=\"719\" srcset=\"https:\/\/static-blogs.diariosur.es\/wp-content\/uploads\/sites\/12\/2023\/10\/europeo.jpg 762w, https:\/\/static-blogs.diariosur.es\/wp-content\/uploads\/sites\/12\/2023\/10\/europeo-424x400.jpg 424w\" sizes=\"(max-width: 762px) 100vw, 762px\" \/><\/a><\/p>\n<p>&nbsp;<\/p>\n<p>MODELO AMERICANO.<\/p>\n<p>&nbsp;<\/p>\n<p><a href=\"https:\/\/static-blogs.diariosur.es\/wp-content\/uploads\/sites\/12\/2023\/10\/americano.jpg\"><img loading=\"lazy\" class=\"aligncenter size-full wp-image-38782\" src=\"https:\/\/static-blogs.diariosur.es\/wp-content\/uploads\/sites\/12\/2023\/10\/americano.jpg\" alt=\"\" width=\"766\" height=\"760\" srcset=\"https:\/\/static-blogs.diariosur.es\/wp-content\/uploads\/sites\/12\/2023\/10\/americano.jpg 766w, https:\/\/static-blogs.diariosur.es\/wp-content\/uploads\/sites\/12\/2023\/10\/americano-150x150.jpg 150w, https:\/\/static-blogs.diariosur.es\/wp-content\/uploads\/sites\/12\/2023\/10\/americano-403x400.jpg 403w\" sizes=\"(max-width: 766px) 100vw, 766px\" \/><\/a><\/p>\n<p>&nbsp;<\/p>\n<p data-pm-slice=\"1 1 []\">Si hay cambios en los avisos por lluvias, reeditar\u00e9 nuevamente el blog.<\/p>\n","protected":false},"excerpt":{"rendered":"<p>Muy buenos d\u00edas, amigos de la meteo. Qu\u00e9 fresquito m\u00e1s bueno esta ma\u00f1ana; la estaci\u00f3n de la AEMET del Centro Meteorol\u00f3gico ha registrado 14,7 grados. Destacar tambi\u00e9n Ronda con 8,7 grados, Antequera 10,7 grados y Archidona Huertas del R\u00edo con 8,9 grados. La m\u00e1s baja de las ocho capitales andaluzas la ha registrado C\u00f3rdoba Aeropuerto [&hellip;]<\/p>\n","protected":false},"author":16,"featured_media":38783,"comment_status":"open","ping_status":"open","sticky":false,"template":"","format":"standard","meta":[],"categories":[2],"tags":[94,100,151,1862,188,569,587,676,800,1059],"_links":{"self":[{"href":"https:\/\/blogs.diariosur.es\/tormentas-y-rayos\/wp-json\/wp\/v2\/posts\/38776"}],"collection":[{"href":"https:\/\/blogs.diariosur.es\/tormentas-y-rayos\/wp-json\/wp\/v2\/posts"}],"about":[{"href":"https:\/\/blogs.diariosur.es\/tormentas-y-rayos\/wp-json\/wp\/v2\/types\/post"}],"author":[{"embeddable":true,"href":"https:\/\/blogs.diariosur.es\/tormentas-y-rayos\/wp-json\/wp\/v2\/users\/16"}],"replies":[{"embeddable":true,"href":"https:\/\/blogs.diariosur.es\/tormentas-y-rayos\/wp-json\/wp\/v2\/comments?post=38776"}],"version-history":[{"count":5,"href":"https:\/\/blogs.diariosur.es\/tormentas-y-rayos\/wp-json\/wp\/v2\/posts\/38776\/revisions"}],"predecessor-version":[{"id":49227,"href":"https:\/\/blogs.diariosur.es\/tormentas-y-rayos\/wp-json\/wp\/v2\/posts\/38776\/revisions\/49227"}],"wp:featuredmedia":[{"embeddable":true,"href":"https:\/\/blogs.diariosur.es\/tormentas-y-rayos\/wp-json\/wp\/v2\/media\/38783"}],"wp:attachment":[{"href":"https:\/\/blogs.diariosur.es\/tormentas-y-rayos\/wp-json\/wp\/v2\/media?parent=38776"}],"wp:term":[{"taxonomy":"category","embeddable":true,"href":"https:\/\/blogs.diariosur.es\/tormentas-y-rayos\/wp-json\/wp\/v2\/categories?post=38776"},{"taxonomy":"post_tag","embeddable":true,"href":"https:\/\/blogs.diariosur.es\/tormentas-y-rayos\/wp-json\/wp\/v2\/tags?post=38776"}],"curies":[{"name":"wp","href":"https:\/\/api.w.org\/{rel}","templated":true}]}}