{"id":38786,"date":"2023-10-22T09:59:16","date_gmt":"2023-10-22T07:59:16","guid":{"rendered":"https:\/\/blogs.diariosur.es\/tormentas-y-rayos\/?p=38786"},"modified":"2026-02-22T09:30:21","modified_gmt":"2026-02-22T08:30:21","slug":"avisos-amarillo-y-naranja-por-rachas-fuertes-de-viento-en-la-provincia-de-malaga-llovera","status":"publish","type":"post","link":"https:\/\/blogs.diariosur.es\/tormentas-y-rayos\/2023\/10\/22\/avisos-amarillo-y-naranja-por-rachas-fuertes-de-viento-en-la-provincia-de-malaga-llovera\/","title":{"rendered":"Avisos amarillo y naranja por rachas fuertes de viento en la provincia de M\u00e1laga. \u00bfLlover\u00e1?"},"content":{"rendered":"<p><a href=\"https:\/\/static-blogs.diariosur.es\/wp-content\/uploads\/sites\/12\/2023\/10\/391553712_10227849747128054_5906882869659171719_n.jpg\"><img loading=\"lazy\" class=\"aligncenter size-thumbnail wp-image-38725\" src=\"https:\/\/static-blogs.diariosur.es\/wp-content\/uploads\/sites\/12\/2023\/10\/391553712_10227849747128054_5906882869659171719_n-150x150.jpg\" alt=\"\" width=\"150\" height=\"150\" \/><\/a><\/p>\n<p>&nbsp;<\/p>\n<p data-pm-slice=\"1 1 []\">Muy buenos d\u00edas, amigos de la meteo. La AEMET activa el aviso naranja por fuertes rachas de viento sur de 90 km\/h en las comarcas de Ronda y Antequera. El amarillo en la costa occidental y Guadalhorce por rachas de viento sur de 70 km\/h. Tambi\u00e9n se activa el amarillo por fen\u00f3menos costeros en toda la costa malague\u00f1a por viento este y sureste de 50 a 60 km\/h (fuerza 7) con olas de 2 a 3 m. Precauci\u00f3n por zonas arboladas.<\/p>\n<p>Aunque hoy domingo por la tarde-noche o madrugada del lunes se esperan algunas precipitaciones, no caer\u00e1n en todos los portales de la provincia. La mayor probabilidad de acumulados se dar\u00e1 en la zona occidental de la provincia. <strong>No descarto algunos chubascos en la capital.\u00a0<\/strong><\/p>\n<p>Las provincias de Huelva, Sevilla y Estrecho s\u00ed est\u00e1n en aviso amarillo por lluvias.<\/p>\n<p>Os paso el mapa de avisos de M\u00e1laga por viento y olas.<\/p>\n<p>&nbsp;<\/p>\n<p><a href=\"https:\/\/static-blogs.diariosur.es\/wp-content\/uploads\/sites\/12\/2023\/10\/Captura-de-pantalla-2023-10-22-093827.jpg\"><img loading=\"lazy\" class=\"aligncenter size-full wp-image-38787\" src=\"https:\/\/static-blogs.diariosur.es\/wp-content\/uploads\/sites\/12\/2023\/10\/Captura-de-pantalla-2023-10-22-093827.jpg\" alt=\"\" width=\"689\" height=\"551\" srcset=\"https:\/\/static-blogs.diariosur.es\/wp-content\/uploads\/sites\/12\/2023\/10\/Captura-de-pantalla-2023-10-22-093827.jpg 689w, https:\/\/static-blogs.diariosur.es\/wp-content\/uploads\/sites\/12\/2023\/10\/Captura-de-pantalla-2023-10-22-093827-500x400.jpg 500w\" sizes=\"(max-width: 689px) 100vw, 689px\" \/><\/a><\/p>\n<p>Os dejo con unas cuantas fotos que hice ayer.<\/p>\n<p>&nbsp;<\/p>\n<p><a href=\"https:\/\/static-blogs.diariosur.es\/wp-content\/uploads\/sites\/12\/2023\/10\/53276202879_5d458fb726_b.jpg\"><img loading=\"lazy\" class=\"aligncenter size-full wp-image-38789\" src=\"https:\/\/static-blogs.diariosur.es\/wp-content\/uploads\/sites\/12\/2023\/10\/53276202879_5d458fb726_b.jpg\" alt=\"\" width=\"1024\" height=\"576\" srcset=\"https:\/\/static-blogs.diariosur.es\/wp-content\/uploads\/sites\/12\/2023\/10\/53276202879_5d458fb726_b.jpg 1024w, https:\/\/static-blogs.diariosur.es\/wp-content\/uploads\/sites\/12\/2023\/10\/53276202879_5d458fb726_b-640x360.jpg 640w, https:\/\/static-blogs.diariosur.es\/wp-content\/uploads\/sites\/12\/2023\/10\/53276202879_5d458fb726_b-768x432.jpg 768w\" sizes=\"(max-width: 1024px) 100vw, 1024px\" \/><\/a><\/p>\n<p>&nbsp;<\/p>\n<p><a href=\"https:\/\/static-blogs.diariosur.es\/wp-content\/uploads\/sites\/12\/2023\/10\/53276130163_791c73ec64_b.jpg\"><img loading=\"lazy\" class=\"aligncenter size-full wp-image-38790\" src=\"https:\/\/static-blogs.diariosur.es\/wp-content\/uploads\/sites\/12\/2023\/10\/53276130163_791c73ec64_b.jpg\" alt=\"\" width=\"1024\" height=\"683\" srcset=\"https:\/\/static-blogs.diariosur.es\/wp-content\/uploads\/sites\/12\/2023\/10\/53276130163_791c73ec64_b.jpg 1024w, https:\/\/static-blogs.diariosur.es\/wp-content\/uploads\/sites\/12\/2023\/10\/53276130163_791c73ec64_b-600x400.jpg 600w, https:\/\/static-blogs.diariosur.es\/wp-content\/uploads\/sites\/12\/2023\/10\/53276130163_791c73ec64_b-768x512.jpg 768w\" sizes=\"(max-width: 1024px) 100vw, 1024px\" \/><\/a><\/p>\n<p>&nbsp;<\/p>\n<p><a href=\"https:\/\/static-blogs.diariosur.es\/wp-content\/uploads\/sites\/12\/2023\/10\/ATERDECER-21-DE-OCTUBRE-DE-2023-e1697961506760.jpg\"><img loading=\"lazy\" class=\"aligncenter size-full wp-image-38791\" src=\"https:\/\/static-blogs.diariosur.es\/wp-content\/uploads\/sites\/12\/2023\/10\/ATERDECER-21-DE-OCTUBRE-DE-2023-e1697961506760.jpg\" alt=\"\" width=\"1040\" height=\"693\" \/><\/a><\/p>\n","protected":false},"excerpt":{"rendered":"<p>&nbsp; Muy buenos d\u00edas, amigos de la meteo. La AEMET activa el aviso naranja por fuertes rachas de viento sur de 90 km\/h en las comarcas de Ronda y Antequera. El amarillo en la costa occidental y Guadalhorce por rachas de viento sur de 70 km\/h. Tambi\u00e9n se activa el amarillo por fen\u00f3menos costeros en [&hellip;]<\/p>\n","protected":false},"author":16,"featured_media":38788,"comment_status":"open","ping_status":"open","sticky":false,"template":"","format":"standard","meta":[],"categories":[2],"tags":[100,151,1862,1863,440,587,676,840,1059],"_links":{"self":[{"href":"https:\/\/blogs.diariosur.es\/tormentas-y-rayos\/wp-json\/wp\/v2\/posts\/38786"}],"collection":[{"href":"https:\/\/blogs.diariosur.es\/tormentas-y-rayos\/wp-json\/wp\/v2\/posts"}],"about":[{"href":"https:\/\/blogs.diariosur.es\/tormentas-y-rayos\/wp-json\/wp\/v2\/types\/post"}],"author":[{"embeddable":true,"href":"https:\/\/blogs.diariosur.es\/tormentas-y-rayos\/wp-json\/wp\/v2\/users\/16"}],"replies":[{"embeddable":true,"href":"https:\/\/blogs.diariosur.es\/tormentas-y-rayos\/wp-json\/wp\/v2\/comments?post=38786"}],"version-history":[{"count":2,"href":"https:\/\/blogs.diariosur.es\/tormentas-y-rayos\/wp-json\/wp\/v2\/posts\/38786\/revisions"}],"predecessor-version":[{"id":49225,"href":"https:\/\/blogs.diariosur.es\/tormentas-y-rayos\/wp-json\/wp\/v2\/posts\/38786\/revisions\/49225"}],"wp:featuredmedia":[{"embeddable":true,"href":"https:\/\/blogs.diariosur.es\/tormentas-y-rayos\/wp-json\/wp\/v2\/media\/38788"}],"wp:attachment":[{"href":"https:\/\/blogs.diariosur.es\/tormentas-y-rayos\/wp-json\/wp\/v2\/media?parent=38786"}],"wp:term":[{"taxonomy":"category","embeddable":true,"href":"https:\/\/blogs.diariosur.es\/tormentas-y-rayos\/wp-json\/wp\/v2\/categories?post=38786"},{"taxonomy":"post_tag","embeddable":true,"href":"https:\/\/blogs.diariosur.es\/tormentas-y-rayos\/wp-json\/wp\/v2\/tags?post=38786"}],"curies":[{"name":"wp","href":"https:\/\/api.w.org\/{rel}","templated":true}]}}