{"id":38800,"date":"2023-10-24T07:43:00","date_gmt":"2023-10-24T05:43:00","guid":{"rendered":"https:\/\/blogs.diariosur.es\/tormentas-y-rayos\/?p=38800"},"modified":"2026-02-22T09:25:26","modified_gmt":"2026-02-22T08:25:26","slug":"precipitaciones-acumuladas-en-la-provincia-de-malaga","status":"publish","type":"post","link":"https:\/\/blogs.diariosur.es\/tormentas-y-rayos\/2023\/10\/24\/precipitaciones-acumuladas-en-la-provincia-de-malaga\/","title":{"rendered":"Precipitaciones acumuladas en la provincia de M\u00e1laga."},"content":{"rendered":"<p><a href=\"https:\/\/static-blogs.diariosur.es\/wp-content\/uploads\/sites\/12\/2023\/10\/391553712_10227849747128054_5906882869659171719_n.jpg\"><img loading=\"lazy\" class=\"aligncenter size-thumbnail wp-image-38725\" src=\"https:\/\/static-blogs.diariosur.es\/wp-content\/uploads\/sites\/12\/2023\/10\/391553712_10227849747128054_5906882869659171719_n-150x150.jpg\" alt=\"\" width=\"150\" height=\"150\" \/><\/a><\/p>\n<p data-pm-slice=\"1 1 []\">Buenos d\u00edas, amigos de la meteo. Cuando son las siete menos cuarto de la ma\u00f1ana en M\u00e1laga capital, la estaci\u00f3n de la Aemet del Aeropuerto registra 14.6 grados, el viento sopla flojo de direcci\u00f3n variable y los cielos est\u00e1n poco nubosos.<\/p>\n<p>Aunque hoy martes y ma\u00f1ana pueden caer algunos chubascos por la zona m\u00e1s occidental de la provincia malague\u00f1a y comarca de Antequera, no espero gran cosa. Os paso los acumulados desde el martes 17 y hasta ayer lunes.<\/p>\n<p>Fuentes: Aemet, Meteoclimatic, Red Hidrosur, Acamet y Wunderground.<\/p>\n<p><span style=\"color: #ff0000;\"><strong>Pilones Sierra de las Nieves 141 mm<\/strong><\/span><\/p>\n<p><span style=\"color: #ff0000;\"><strong>Los Valientes Sierra de las Nieves 140 mm<\/strong><\/span><\/p>\n<p><span style=\"color: #ff0000;\"><strong>Las Navas Parauta\u00a0 121 mm<\/strong><\/span><\/p>\n<p><span style=\"color: #ff0000;\"><strong>Libar en Montejaque 104 mm<\/strong><\/span><\/p>\n<p><span style=\"color: #ff0000;\"><strong>Oregenal Cartajima\u00a0 124 mm<\/strong><\/span><\/p>\n<p><span style=\"color: #ff0000;\"><strong>Palmitera Benahav\u00eds 98 mm<\/strong><\/span><\/p>\n<p><span style=\"color: #ff0000;\"><strong>Cortes de la Frontera 86 mm<\/strong><\/span><\/p>\n<p><span style=\"color: #ff0000;\"><strong>Gauc\u00edn\u00a0 69 mm<\/strong><\/span><\/p>\n<p><span style=\"color: #ff0000;\"><strong>Alpandeire\u00a0 68 mm<\/strong><\/span><\/p>\n<p><strong>Estepona 34<\/strong><\/p>\n<p><strong>Benahavis\u00a0 39 mm<\/strong><\/p>\n<p><strong>Torremolinos 20<\/strong><\/p>\n<p><strong>Benalm\u00e1dena Arroyo de la Miel 18 mm<\/strong><\/p>\n<p><strong>Fuengirola\u00a0 19 mm<\/strong><\/p>\n<p><strong>Rinc\u00f3n de la Victoria 35<\/strong><\/p>\n<p><span style=\"color: #ff0000;\"><strong>Ronda San Crist\u00f3bal\u00a0 63 mm<\/strong><\/span><\/p>\n<p><strong>V\u00e9lez M\u00e1laga\u00a0 28 mm<\/strong><\/p>\n<p><strong>Nerja\u00a0 40 mm<\/strong><\/p>\n<p><strong>Tolox\u00a0 49 mm<\/strong><\/p>\n<p><strong>Alameda 43 mm<\/strong><\/p>\n<p><span style=\"color: #ff0000;\"><strong>Algatocin 103 mm<\/strong><\/span><\/p>\n<p><strong>Archidona Huertas del R\u00edo\u00a0 44 mm<\/strong><\/p>\n<p><strong>Alhaur\u00edn el Grande\u00a0 35 mm<\/strong><\/p>\n<p><strong>Alhaur\u00edn de la Torre 31 mm<\/strong><\/p>\n<p><strong>Co\u00edn\u00a0 43<\/strong><\/p>\n<p><strong>Frigiliana 30 mm<\/strong><\/p>\n<p><strong>Ist\u00e1n\u00a0 49 mm<\/strong><\/p>\n<p><strong>Mijas Pueblo 36 mm<\/strong><\/p>\n<p><strong>Tolox 48 mm<\/strong><\/p>\n<p><strong>La Cala del Moral 39 mm<\/strong><\/p>\n<p><strong>Sierra Mijas 31 mm<\/strong><\/p>\n<p><span style=\"color: #ff0000;\"><strong>Majada de las Lomas 110 mm<\/strong><\/span><\/p>\n<p><span style=\"color: #ff0000;\"><strong>Los Reales 76 mm<\/strong><\/span><\/p>\n<p><span style=\"color: #ff0000;\"><strong>R\u00edo Genal Jubrique 78 mm<\/strong><\/span><\/p>\n<p><span style=\"color: #ff0000;\"><strong>Pujerra\u00a0 86 mm<\/strong><\/span><\/p>\n<p><strong>Cuevas del Becerro 39 mm<\/strong><\/p>\n<p><strong>Ojen 34 mm<\/strong><\/p>\n<p><strong>El Torcal 39 mm<\/strong><\/p>\n<p><strong>Depuradora de Marbella 21 mm<\/strong><\/p>\n<p><strong>Ca\u00f1ete La Real\u00a0 44 mm<\/strong><\/p>\n<p><strong>Laguna de Fuente Piedra\u00a0 24 mm<\/strong><\/p>\n<p><strong>R\u00edo Guadalhorce C\u00e1rtama\u00a0 24<\/strong><\/p>\n<p><strong>Villanueva de la Concepci\u00f3n\u00a0 33 mm<\/strong><\/p>\n<p><strong>Casarabonela\u00a0 25 mm<\/strong><\/p>\n<p><strong>Colmenar 28<\/strong><\/p>\n<p><strong>Alfarnatejo\u00a0 34 mm<\/strong><\/p>\n<p><strong>R\u00edo Benamargosa\u00a0 40<\/strong><\/p>\n<p><strong>Torrox\u00a0 24 mm<\/strong><\/p>\n<p><strong>Torre del Mar\u00a0 20 mm<\/strong><\/p>\n<p><span style=\"color: #ff0000;\"><strong>R\u00edo Guadiaro Majaceite\u00a0 84 mm<\/strong><\/span><\/p>\n<p><strong>R\u00edo Grande\u00a0 Las Millanas 35 mm<\/strong><\/p>\n<p><strong>R\u00edo Guadalhorce Bobadilla\u00a0 26 mm<\/strong><\/p>\n<p><strong>R\u00edo Tur\u00f3n Ardales 37mm<\/strong><\/p>\n<p><strong>R\u00edo Guadalteba Aforo Teba 18 mm<\/strong><\/p>\n<p>Como pod\u00e9is comprobar, los embalses muy pocos acumulados<\/p>\n<p><span style=\"color: #0000ff;\"><strong>Embalse de la Vi\u00f1uela\u00a0 36 mm<\/strong><\/span><\/p>\n<p><span style=\"color: #0000ff;\"><strong>Embalse de Guadalteba\u00a0 23 mm<\/strong><\/span><\/p>\n<p><span style=\"color: #0000ff;\"><strong>Embalse del Limonero\u00a0 24 mm<\/strong><\/span><\/p>\n<p><span style=\"color: #0000ff;\"><strong>Embalse de Casasola\u00a0 23 mm<\/strong><\/span><\/p>\n<p><span style=\"color: #0000ff;\"><strong>Embalse de la Concepci\u00f3n\u00a0 29 mm<\/strong><\/span><\/p>\n<p><span style=\"color: #0000ff;\"><strong>Embalse del Guadalhorce\u00a0 23 mm<\/strong><\/span><\/p>\n<p><strong>Almachar 40 mm<\/strong><\/p>\n<p><strong>Benamocarra\u00a0 41 mm<\/strong><\/p>\n<p><strong>Miclinejo\u00a0 33 mm<\/strong><\/p>\n<p><strong>Competa 28 mm<\/strong><\/p>\n<p><strong>Periana 40 mm<\/strong><\/p>\n<p><strong>Venta Zafarralla\u00a0 53 mm<\/strong><\/p>\n<p><strong>Villanueva del Trabuco\u00a0 47 mm<\/strong><\/p>\n<p><span style=\"color: #ff0000;\"><strong>El Colmenar las Buitreras 66 mm<\/strong><\/span><\/p>\n<p><strong>Cuevas de San Marcos 57 mm<\/strong><\/p>\n<p><strong>Cuevas Bajas 52 mm<\/strong><\/p>\n<p><strong>Humilladero\u00a0 26 mm<\/strong><\/p>\n<p><strong>Campillos 33 mm<\/strong><\/p>\n<p><strong>Centro Meteorol\u00f3gico de M\u00e1laga 33 mm<\/strong><\/p>\n<p><strong>Antequera 23 mm<\/strong><\/p>\n<p><strong>C\u00e1rtama\u00a0 29 mm<\/strong><\/p>\n<p>Nos vemos ma\u00f1ana, os dejo con esta foto que hice el a\u00f1o pasado tal d\u00eda como hoy.<\/p>\n<p>&nbsp;<\/p>\n<p><a href=\"https:\/\/static-blogs.diariosur.es\/wp-content\/uploads\/sites\/12\/2023\/10\/312801649_10225362410506193_1254878626480943786_n-e1698123434288.jpg\"><img loading=\"lazy\" class=\"aligncenter size-full wp-image-38817\" src=\"https:\/\/static-blogs.diariosur.es\/wp-content\/uploads\/sites\/12\/2023\/10\/312801649_10225362410506193_1254878626480943786_n-e1698123434288.jpg\" alt=\"\" width=\"800\" height=\"438\" \/><\/a><\/p>\n<p>&nbsp;<\/p>\n<p>&nbsp;<\/p>\n<p>&nbsp;<\/p>\n<p>&nbsp;<\/p>\n<p>&nbsp;<\/p>\n<p>&nbsp;<\/p>\n<p>&nbsp;<\/p>\n<p>&nbsp;<\/p>\n<p>&nbsp;<\/p>\n<p>&nbsp;<\/p>\n","protected":false},"excerpt":{"rendered":"<p>Buenos d\u00edas, amigos de la meteo. Cuando son las siete menos cuarto de la ma\u00f1ana en M\u00e1laga capital, la estaci\u00f3n de la Aemet del Aeropuerto registra 14.6 grados, el viento sopla flojo de direcci\u00f3n variable y los cielos est\u00e1n poco nubosos. Aunque hoy martes y ma\u00f1ana pueden caer algunos chubascos por la zona m\u00e1s occidental [&hellip;]<\/p>\n","protected":false},"author":16,"featured_media":38816,"comment_status":"open","ping_status":"open","sticky":false,"template":"","format":"standard","meta":[],"categories":[2],"tags":[45,100,1862,188,569,587,1154,1059],"_links":{"self":[{"href":"https:\/\/blogs.diariosur.es\/tormentas-y-rayos\/wp-json\/wp\/v2\/posts\/38800"}],"collection":[{"href":"https:\/\/blogs.diariosur.es\/tormentas-y-rayos\/wp-json\/wp\/v2\/posts"}],"about":[{"href":"https:\/\/blogs.diariosur.es\/tormentas-y-rayos\/wp-json\/wp\/v2\/types\/post"}],"author":[{"embeddable":true,"href":"https:\/\/blogs.diariosur.es\/tormentas-y-rayos\/wp-json\/wp\/v2\/users\/16"}],"replies":[{"embeddable":true,"href":"https:\/\/blogs.diariosur.es\/tormentas-y-rayos\/wp-json\/wp\/v2\/comments?post=38800"}],"version-history":[{"count":16,"href":"https:\/\/blogs.diariosur.es\/tormentas-y-rayos\/wp-json\/wp\/v2\/posts\/38800\/revisions"}],"predecessor-version":[{"id":49222,"href":"https:\/\/blogs.diariosur.es\/tormentas-y-rayos\/wp-json\/wp\/v2\/posts\/38800\/revisions\/49222"}],"wp:featuredmedia":[{"embeddable":true,"href":"https:\/\/blogs.diariosur.es\/tormentas-y-rayos\/wp-json\/wp\/v2\/media\/38816"}],"wp:attachment":[{"href":"https:\/\/blogs.diariosur.es\/tormentas-y-rayos\/wp-json\/wp\/v2\/media?parent=38800"}],"wp:term":[{"taxonomy":"category","embeddable":true,"href":"https:\/\/blogs.diariosur.es\/tormentas-y-rayos\/wp-json\/wp\/v2\/categories?post=38800"},{"taxonomy":"post_tag","embeddable":true,"href":"https:\/\/blogs.diariosur.es\/tormentas-y-rayos\/wp-json\/wp\/v2\/tags?post=38800"}],"curies":[{"name":"wp","href":"https:\/\/api.w.org\/{rel}","templated":true}]}}