{"id":38838,"date":"2023-10-28T09:27:20","date_gmt":"2023-10-28T07:27:20","guid":{"rendered":"https:\/\/blogs.diariosur.es\/tormentas-y-rayos\/?p=38838"},"modified":"2026-02-22T09:22:05","modified_gmt":"2026-02-22T08:22:05","slug":"el-tiempo-en-andalucia-donde-llovera-mas-el-domingo-lunes-y-martes","status":"publish","type":"post","link":"https:\/\/blogs.diariosur.es\/tormentas-y-rayos\/2023\/10\/28\/el-tiempo-en-andalucia-donde-llovera-mas-el-domingo-lunes-y-martes\/","title":{"rendered":"El tiempo en Andaluc\u00eda. \u00bfD\u00f3nde llover\u00e1 mas el domingo, lunes y martes?"},"content":{"rendered":"<p><a href=\"https:\/\/static-blogs.diariosur.es\/wp-content\/uploads\/sites\/12\/2023\/10\/243418660_10223324765526342_8448445083528661051_n.jpg\"><img loading=\"lazy\" class=\"aligncenter size-thumbnail wp-image-38644\" src=\"https:\/\/static-blogs.diariosur.es\/wp-content\/uploads\/sites\/12\/2023\/10\/243418660_10223324765526342_8448445083528661051_n-150x150.jpg\" alt=\"\" width=\"150\" height=\"150\" \/><\/a><\/p>\n<p data-pm-slice=\"1 1 []\">Buenos d\u00edas, amigos de la meteo. Madrugada &#8220;fresquita&#8221; en Andaluc\u00eda; os pongo las temperaturas m\u00ednimas de las ocho capitales andaluzas.<\/p>\n<p>M\u00e1laga Aeropuerto: 13.1 grados<\/p>\n<p>C\u00f3rdoba Aeropuerto: 15.1 grados<\/p>\n<p>Almer\u00eda Aeropuerto: 12.2 grados<\/p>\n<p>Granada Aeropuerto: 6.7 grados<\/p>\n<p>Sevilla\u00a0Aeropuerto\u00a014.8 grados<\/p>\n<p>Ja\u00e9n, 11.7 grados<\/p>\n<p>C\u00e1diz, 17.5 grados.<\/p>\n<p>Huelva, 14.4 grados.<\/p>\n<p>Ya tenemos a la tercera borrasca con gran impacto; se llama Celine. La ha nombrado\u00a0M\u00e9t\u00e9o-France y afectar\u00e1 en mayor medida a las Islas Brit\u00e1nicas, Costa Atl\u00e1ntica de Francia y Litoral de Galicia. Os paso el mapa de superficie de la Aemet, donde se ve la posici\u00f3n prevista para hoy s\u00e1bado, muy cerca de Irlanda.<\/p>\n<p><a href=\"https:\/\/static-blogs.diariosur.es\/wp-content\/uploads\/sites\/12\/2023\/10\/2023102712024_ww_g1x0a2d1-e1698475376898.gif\"><img loading=\"lazy\" class=\"aligncenter size-full wp-image-38841\" src=\"https:\/\/static-blogs.diariosur.es\/wp-content\/uploads\/sites\/12\/2023\/10\/2023102712024_ww_g1x0a2d1-e1698475376898.gif\" alt=\"\" width=\"800\" height=\"560\" \/><\/a><\/p>\n<h3><\/h3>\n<h3><span style=\"color: #0000ff;\"><strong>\u00bfD\u00f3nde llover\u00e1 mas el domingo, lunes y martes?<\/strong><\/span><\/h3>\n<p data-pm-slice=\"1 1 []\">A \u00faltima hora de la noche del domingo, un centro de bajas presiones relativas se acercar\u00e1 al cabo de San Vicente. Las primeras precipitaciones llegar\u00e1n a las provincias de Huelva y Sevilla el domingo por la tarde, siendo m\u00e1s cuantiosas en zonas de monta\u00f1a. El lunes ir\u00e1n afectando a las provincias de C\u00e1diz, C\u00f3rdoba, Ja\u00e9n y la zona m\u00e1s occidental de la provincia de M\u00e1laga. Durante la madrugada del martes y probablemente en las primeras horas de la ma\u00f1ana, seguir\u00e1n algunos chubascos d\u00e9biles en las provincias de M\u00e1laga, Granada, Almer\u00eda y Ja\u00e9n.<\/p>\n<p>De momento, la probabilidad de mayores acumulados en estos d\u00edas ser\u00e1 en las provincias de Huelva y Sevilla. Es probable que en algunos puntos de estas provincias se active el aviso amarillo por precipitaciones.<\/p>\n<p>En cuanto a M\u00e1laga, se esperan precipitaciones, pero no gran cosa. Incluso es probable que caigan algunos chubascos d\u00e9biles en la capital.<\/p>\n<p>Esta noche o ma\u00f1ana pondr\u00e9 los probables acumulados que dan algunos modelos.<\/p>\n<p>Os dejo con el mapa de superficie previsto para ma\u00f1ana por la noche. Se ve perfectamente la baja relativa acerc\u00e1ndose al Cabo de San Vicente.<\/p>\n<p>&nbsp;<\/p>\n<p><a href=\"https:\/\/static-blogs.diariosur.es\/wp-content\/uploads\/sites\/12\/2023\/10\/Captura-de-pantalla-2023-10-28-091416.jpg\"><img loading=\"lazy\" class=\"aligncenter size-full wp-image-38842\" src=\"https:\/\/static-blogs.diariosur.es\/wp-content\/uploads\/sites\/12\/2023\/10\/Captura-de-pantalla-2023-10-28-091416.jpg\" alt=\"\" width=\"908\" height=\"635\" srcset=\"https:\/\/static-blogs.diariosur.es\/wp-content\/uploads\/sites\/12\/2023\/10\/Captura-de-pantalla-2023-10-28-091416.jpg 908w, https:\/\/static-blogs.diariosur.es\/wp-content\/uploads\/sites\/12\/2023\/10\/Captura-de-pantalla-2023-10-28-091416-572x400.jpg 572w, https:\/\/static-blogs.diariosur.es\/wp-content\/uploads\/sites\/12\/2023\/10\/Captura-de-pantalla-2023-10-28-091416-768x537.jpg 768w\" sizes=\"(max-width: 908px) 100vw, 908px\" \/><\/a><\/p>\n<p>&nbsp;<\/p>\n<p><strong>Recordar que durante la madrugada del domingo hay que cambiar la hora. Os dejo con esta bonita foto de mi amigo Crist\u00f3bal Gambero.<\/strong><\/p>\n<p>&nbsp;<\/p>\n<p><a href=\"https:\/\/static-blogs.diariosur.es\/wp-content\/uploads\/sites\/12\/2023\/10\/395311891_6680181168697487_5394207351319091528_n-e1698477798338.jpg\"><img loading=\"lazy\" class=\"aligncenter size-full wp-image-38843\" src=\"https:\/\/static-blogs.diariosur.es\/wp-content\/uploads\/sites\/12\/2023\/10\/395311891_6680181168697487_5394207351319091528_n-e1698477798338.jpg\" alt=\"\" width=\"800\" height=\"450\" \/><\/a><\/p>\n<p>&nbsp;<\/p>\n<p>&nbsp;<\/p>\n","protected":false},"excerpt":{"rendered":"<p>Buenos d\u00edas, amigos de la meteo. Madrugada &#8220;fresquita&#8221; en Andaluc\u00eda; os pongo las temperaturas m\u00ednimas de las ocho capitales andaluzas. M\u00e1laga Aeropuerto: 13.1 grados C\u00f3rdoba Aeropuerto: 15.1 grados Almer\u00eda Aeropuerto: 12.2 grados Granada Aeropuerto: 6.7 grados Sevilla\u00a0Aeropuerto\u00a014.8 grados Ja\u00e9n, 11.7 grados C\u00e1diz, 17.5 grados. Huelva, 14.4 grados. Ya tenemos a la tercera borrasca con gran [&hellip;]<\/p>\n","protected":false},"author":16,"featured_media":38843,"comment_status":"open","ping_status":"open","sticky":false,"template":"","format":"standard","meta":[],"categories":[2],"tags":[100,188,1861,358,569,587,1059],"_links":{"self":[{"href":"https:\/\/blogs.diariosur.es\/tormentas-y-rayos\/wp-json\/wp\/v2\/posts\/38838"}],"collection":[{"href":"https:\/\/blogs.diariosur.es\/tormentas-y-rayos\/wp-json\/wp\/v2\/posts"}],"about":[{"href":"https:\/\/blogs.diariosur.es\/tormentas-y-rayos\/wp-json\/wp\/v2\/types\/post"}],"author":[{"embeddable":true,"href":"https:\/\/blogs.diariosur.es\/tormentas-y-rayos\/wp-json\/wp\/v2\/users\/16"}],"replies":[{"embeddable":true,"href":"https:\/\/blogs.diariosur.es\/tormentas-y-rayos\/wp-json\/wp\/v2\/comments?post=38838"}],"version-history":[{"count":5,"href":"https:\/\/blogs.diariosur.es\/tormentas-y-rayos\/wp-json\/wp\/v2\/posts\/38838\/revisions"}],"predecessor-version":[{"id":49219,"href":"https:\/\/blogs.diariosur.es\/tormentas-y-rayos\/wp-json\/wp\/v2\/posts\/38838\/revisions\/49219"}],"wp:featuredmedia":[{"embeddable":true,"href":"https:\/\/blogs.diariosur.es\/tormentas-y-rayos\/wp-json\/wp\/v2\/media\/38843"}],"wp:attachment":[{"href":"https:\/\/blogs.diariosur.es\/tormentas-y-rayos\/wp-json\/wp\/v2\/media?parent=38838"}],"wp:term":[{"taxonomy":"category","embeddable":true,"href":"https:\/\/blogs.diariosur.es\/tormentas-y-rayos\/wp-json\/wp\/v2\/categories?post=38838"},{"taxonomy":"post_tag","embeddable":true,"href":"https:\/\/blogs.diariosur.es\/tormentas-y-rayos\/wp-json\/wp\/v2\/tags?post=38838"}],"curies":[{"name":"wp","href":"https:\/\/api.w.org\/{rel}","templated":true}]}}