{"id":38854,"date":"2023-10-30T17:25:05","date_gmt":"2023-10-30T16:25:05","guid":{"rendered":"https:\/\/blogs.diariosur.es\/tormentas-y-rayos\/?p=38854"},"modified":"2026-02-22T09:18:22","modified_gmt":"2026-02-22T08:18:22","slug":"la-primera-ciclogenesis-explosiva-del-otono-dara-lugar-a-una-potente-borrasca-con-nombre-ciaran","status":"publish","type":"post","link":"https:\/\/blogs.diariosur.es\/tormentas-y-rayos\/2023\/10\/30\/la-primera-ciclogenesis-explosiva-del-otono-dara-lugar-a-una-potente-borrasca-con-nombre-ciaran\/","title":{"rendered":"La primera ciclog\u00e9nesis explosiva del oto\u00f1o, dar\u00e1 lugar a una potente borrasca, con nombre Ciar\u00e1n."},"content":{"rendered":"<p><a href=\"https:\/\/static-blogs.diariosur.es\/wp-content\/uploads\/sites\/12\/2023\/10\/391553712_10227849747128054_5906882869659171719_n.jpg\"><img loading=\"lazy\" class=\"aligncenter size-thumbnail wp-image-38725\" src=\"https:\/\/static-blogs.diariosur.es\/wp-content\/uploads\/sites\/12\/2023\/10\/391553712_10227849747128054_5906882869659171719_n-150x150.jpg\" alt=\"\" width=\"150\" height=\"150\" \/><\/a><\/p>\n<p data-pm-slice=\"1 1 []\">Buenas tardes, amigos de la meteo. Para los nuevos que entr\u00e1is en el blog, os explico qu\u00e9 es una ciclog\u00e9nesis explosiva: Es el proceso muy r\u00e1pido de bajada de presi\u00f3n en una borrasca.<\/p>\n<p>A partir del mi\u00e9rcoles, una borrasca con 990 mb tendr\u00e1 un impresionante proceso de bajada de presi\u00f3n en 24 horas; se prev\u00e9 que llegue a 955 mb y se sit\u00fae en las Islas Brit\u00e1nicas y el oeste de la costa de Francia. Esta borrasca nombrada ya por\u00a0Met Office se llama Ciar\u00e1n.<\/p>\n<h3><span style=\"color: #ff0000;\"><strong>La Aemet ha sacado una informativa, avisando de un temporal atl\u00e1ntico con vientos intensos a partir del jueves. Os paso la nota informativa<\/strong><\/span><\/h3>\n<p><strong><em>En los pr\u00f3ximos d\u00edas, al igual que en las \u00faltimas semanas, continuar\u00e1n llegando a la Pen\u00ednsula sucesivas borrascas de origen atl\u00e1ntico, afectando principalmente al cuadrante noroeste peninsular. Sin embargo, para el jueves 2 se espera que llegue una borrasca mucho m\u00e1s profunda y de alto impacto, nombrada como \u201cCiar\u00e1n\u201d. Esta borrasca afectar\u00e1 a toda la Pen\u00ednsula y a Baleares dejando precipitaciones generalizadas, adem\u00e1s de traer vientos muy intensos, que se espera que sean el fen\u00f3meno m\u00e1s significativo. Durante hoy lunes, un frente ya muy debilitado dejar\u00e1 precipitaciones en el \u00e1rea Mediterr\u00e1nea, pero de poca entidad. Por otro lado, el flujo Atl\u00e1ntico generar\u00e1 chubascos fuertes en el oeste de Galicia, adem\u00e1s de un temporal costero en el Cant\u00e1brico. Ma\u00f1ana martes ser\u00eda un d\u00eda de transici\u00f3n sin apenas precipitaciones ni viento intenso. El mi\u00e9rcoles llegar\u00e1 una nueva borrasca atl\u00e1ntica, que afectar\u00e1 al cuadrante noroeste peninsular con chubascos fuertes y rachas de viento muy fuertes, pero su impacto no ser\u00e1 significativo en el resto del territorio. Ser\u00e1 a \u00faltimas horas del mi\u00e9rcoles, pero en especial el jueves, cuando se sentir\u00e1n los efectos de la borrasca Ciar\u00e1n. Comenzar\u00e1 entrando por el noroeste peninsular, donde se espera que deje chubascos fuertes ocasionalmente acompa\u00f1ados de tormenta en Galicia, el \u00e1rea Cant\u00e1brica y los Pirineos occidentales. Las precipitaciones se ir\u00edan extendiendo a lo largo del d\u00eda al resto de la Pen\u00ednsula y Baleares, aunque con menor intensidad. El sureste peninsular ser\u00eda el \u00e1rea menos afectada por las precipitaciones. Con la entrada de una masa de aire m\u00e1s fr\u00eda, la cota de nieve descender\u00e1 bruscamente, situ\u00e1ndose entre los 1000 y 1200 m en la mitad norte peninsular, por lo que en los sistemas monta\u00f1osos podemos esperar las primeras nevadas significativas de la temporada. Se espera que el jueves el fen\u00f3meno m\u00e1s significativo sea el viento, con rachas muy fuertes generalizadas en la Pen\u00ednsula y Baleares, siendo especialmente intensas en zonas de monta\u00f1a y en el \u00e1rea Cant\u00e1brica, donde se podr\u00e1n superar los 100 km\/h. Este d\u00eda tambi\u00e9n tendr\u00edamos un fuerte temporal mar\u00edtimo, en especial en el mar Cant\u00e1brico, pero que tambi\u00e9n afectar\u00eda al Mediterr\u00e1neo. Durante el resto de la semana continuar\u00e1 el flujo atl\u00e1ntico y el tiempo oto\u00f1al, pudiendo afectarnos el s\u00e1bado otra profunda borrasca atl\u00e1ntica. A d\u00eda de hoy la incertidumbre es elevada y es dif\u00edcil precisar el final de este episodio.<\/em><\/strong><\/p>\n<p>Os paso un mapa de superficie del Met Office, previsto para el jueves. Impresionante esos 955 mb.<\/p>\n<p><a href=\"https:\/\/static-blogs.diariosur.es\/wp-content\/uploads\/sites\/12\/2023\/10\/Captura-de-pantalla-2023-10-30-102655.jpg\"><img loading=\"lazy\" class=\"aligncenter size-full wp-image-38858\" src=\"https:\/\/static-blogs.diariosur.es\/wp-content\/uploads\/sites\/12\/2023\/10\/Captura-de-pantalla-2023-10-30-102655.jpg\" alt=\"\" width=\"1002\" height=\"592\" srcset=\"https:\/\/static-blogs.diariosur.es\/wp-content\/uploads\/sites\/12\/2023\/10\/Captura-de-pantalla-2023-10-30-102655.jpg 1002w, https:\/\/static-blogs.diariosur.es\/wp-content\/uploads\/sites\/12\/2023\/10\/Captura-de-pantalla-2023-10-30-102655-640x378.jpg 640w, https:\/\/static-blogs.diariosur.es\/wp-content\/uploads\/sites\/12\/2023\/10\/Captura-de-pantalla-2023-10-30-102655-768x454.jpg 768w\" sizes=\"(max-width: 1002px) 100vw, 1002px\" \/><\/a><\/p>\n<p>&nbsp;<\/p>\n<p data-pm-slice=\"1 1 []\">A la provincia malague\u00f1a su frente fr\u00edo asociado no traer\u00e1 mucha lluvia; el protagonista ser\u00e1 el viento con rachas fuertes el jueves y viernes.<\/p>\n<p>A partir del s\u00e1bado se espera tambi\u00e9n una bajada de temperaturas m\u00e1ximas y m\u00ednimas, m\u00e1s acorde con el mes de noviembre. Ya os avisar\u00e9 si tenemos que cambiar la ropa de armario.<\/p>\n<p>Haremos un seguimiento especial de esta situaci\u00f3n. Es probable que se activen avisos rojos en el norte peninsular por olas y vientos. Ser\u00e1n naranjas en la costa de Granada y Almer\u00eda.<\/p>\n<p>Imagen de archivo Diario Sur. Agencia Efe.<\/p>\n<p>&nbsp;<\/p>\n<p>&nbsp;<\/p>\n<p><a href=\"https:\/\/static-blogs.diariosur.es\/wp-content\/uploads\/sites\/12\/2023\/10\/Captura-de-pantalla-2023-10-30-172032-e1698682853911.jpg\"><img loading=\"lazy\" class=\"aligncenter size-full wp-image-38859\" src=\"https:\/\/static-blogs.diariosur.es\/wp-content\/uploads\/sites\/12\/2023\/10\/Captura-de-pantalla-2023-10-30-172032-e1698682853911.jpg\" alt=\"\" width=\"800\" height=\"503\" \/><\/a><\/p>\n<p>&nbsp;<\/p>\n<p>&nbsp;<\/p>\n<p>&nbsp;<\/p>\n","protected":false},"excerpt":{"rendered":"<p>Buenas tardes, amigos de la meteo. Para los nuevos que entr\u00e1is en el blog, os explico qu\u00e9 es una ciclog\u00e9nesis explosiva: Es el proceso muy r\u00e1pido de bajada de presi\u00f3n en una borrasca. A partir del mi\u00e9rcoles, una borrasca con 990 mb tendr\u00e1 un impresionante proceso de bajada de presi\u00f3n en 24 horas; se prev\u00e9 [&hellip;]<\/p>\n","protected":false},"author":16,"featured_media":38859,"comment_status":"open","ping_status":"open","sticky":false,"template":"","format":"standard","meta":[],"categories":[2],"tags":[100,151,188,1864,587,840,872,1791],"_links":{"self":[{"href":"https:\/\/blogs.diariosur.es\/tormentas-y-rayos\/wp-json\/wp\/v2\/posts\/38854"}],"collection":[{"href":"https:\/\/blogs.diariosur.es\/tormentas-y-rayos\/wp-json\/wp\/v2\/posts"}],"about":[{"href":"https:\/\/blogs.diariosur.es\/tormentas-y-rayos\/wp-json\/wp\/v2\/types\/post"}],"author":[{"embeddable":true,"href":"https:\/\/blogs.diariosur.es\/tormentas-y-rayos\/wp-json\/wp\/v2\/users\/16"}],"replies":[{"embeddable":true,"href":"https:\/\/blogs.diariosur.es\/tormentas-y-rayos\/wp-json\/wp\/v2\/comments?post=38854"}],"version-history":[{"count":7,"href":"https:\/\/blogs.diariosur.es\/tormentas-y-rayos\/wp-json\/wp\/v2\/posts\/38854\/revisions"}],"predecessor-version":[{"id":49216,"href":"https:\/\/blogs.diariosur.es\/tormentas-y-rayos\/wp-json\/wp\/v2\/posts\/38854\/revisions\/49216"}],"wp:featuredmedia":[{"embeddable":true,"href":"https:\/\/blogs.diariosur.es\/tormentas-y-rayos\/wp-json\/wp\/v2\/media\/38859"}],"wp:attachment":[{"href":"https:\/\/blogs.diariosur.es\/tormentas-y-rayos\/wp-json\/wp\/v2\/media?parent=38854"}],"wp:term":[{"taxonomy":"category","embeddable":true,"href":"https:\/\/blogs.diariosur.es\/tormentas-y-rayos\/wp-json\/wp\/v2\/categories?post=38854"},{"taxonomy":"post_tag","embeddable":true,"href":"https:\/\/blogs.diariosur.es\/tormentas-y-rayos\/wp-json\/wp\/v2\/tags?post=38854"}],"curies":[{"name":"wp","href":"https:\/\/api.w.org\/{rel}","templated":true}]}}