{"id":38863,"date":"2023-10-31T06:53:23","date_gmt":"2023-10-31T05:53:23","guid":{"rendered":"https:\/\/blogs.diariosur.es\/tormentas-y-rayos\/?p=38863"},"modified":"2026-02-22T09:16:26","modified_gmt":"2026-02-22T08:16:26","slug":"que-tiempo-hara-en-la-noche-de-halloween-en-la-provincia-de-malaga-aviso-naranja-y-amarillo-para-el-jueves-borrasca-ciaran","status":"publish","type":"post","link":"https:\/\/blogs.diariosur.es\/tormentas-y-rayos\/2023\/10\/31\/que-tiempo-hara-en-la-noche-de-halloween-en-la-provincia-de-malaga-aviso-naranja-y-amarillo-para-el-jueves-borrasca-ciaran\/","title":{"rendered":"\u00bfQu\u00e9 tiempo har\u00e1 en la noche de Halloween en la provincia de M\u00e1laga? Aviso naranja y amarillo para el jueves. Borrasca Ciar\u00e1n"},"content":{"rendered":"<p><a href=\"https:\/\/static-blogs.diariosur.es\/wp-content\/uploads\/sites\/12\/2023\/09\/380274744_10227628075266396_7294227596181000264_n.jpg\"><img loading=\"lazy\" class=\"aligncenter size-thumbnail wp-image-38514\" src=\"https:\/\/static-blogs.diariosur.es\/wp-content\/uploads\/sites\/12\/2023\/09\/380274744_10227628075266396_7294227596181000264_n-150x150.jpg\" alt=\"\" width=\"150\" height=\"150\" \/><\/a><\/p>\n<p style=\"text-align: justify;\">Buenos d\u00edas, amigos de la meteo. Como muchos me hab\u00e9is preguntado por el tiempo que har\u00e1 en la Noche de Halloween, os comento que hay probabilidad de algunos chubascos d\u00e9biles por la tarde o por la noche en el interior de la provincia y su costa, no en todos los portales. De cumplirse esas gotas, tendremos un ambiente m\u00e1s tenebroso. Mi amiga Beatriz Frabe me ha disfrazado de brujo terral, jijiii.<\/p>\n<p style=\"text-align: justify;\">Ayer os comentaba que a partir de ma\u00f1ana tendr\u00edamos la primera ciclog\u00e9nesis explosiva, os paso el enlace <a href=\"https:\/\/blogs.diariosur.es\/tormentas-y-rayos\/2023\/10\/30\/la-primera-ciclogenesis-explosiva-del-otono-dara-lugar-a-una-potente-borrasca-con-nombre-ciaran\/\">BORRASCA CIAR\u00c1N.<\/a><\/p>\n<p data-pm-slice=\"1 1 []\">De momento, la AEMET activa estos avisos por viento y fen\u00f3menos costeros para el jueves. La costa de M\u00e1laga estar\u00eda en amarillo por viento del oeste de 50 a 60 km\/h (fuerza 7) con olas de 3 m. Es muy probable que hoy se actualicen m\u00e1s avisos e incluso rojo en el norte.<\/p>\n<p>&nbsp;<\/p>\n<p><a href=\"https:\/\/static-blogs.diariosur.es\/wp-content\/uploads\/sites\/12\/2023\/10\/Captura-de-pantalla-2023-10-31-063555.jpg\"><img loading=\"lazy\" class=\"aligncenter size-full wp-image-38869\" src=\"https:\/\/static-blogs.diariosur.es\/wp-content\/uploads\/sites\/12\/2023\/10\/Captura-de-pantalla-2023-10-31-063555.jpg\" alt=\"\" width=\"687\" height=\"542\" srcset=\"https:\/\/static-blogs.diariosur.es\/wp-content\/uploads\/sites\/12\/2023\/10\/Captura-de-pantalla-2023-10-31-063555.jpg 687w, https:\/\/static-blogs.diariosur.es\/wp-content\/uploads\/sites\/12\/2023\/10\/Captura-de-pantalla-2023-10-31-063555-507x400.jpg 507w\" sizes=\"(max-width: 687px) 100vw, 687px\" \/><\/a><\/p>\n<p>&nbsp;<\/p>\n<p><a href=\"https:\/\/static-blogs.diariosur.es\/wp-content\/uploads\/sites\/12\/2023\/10\/Captura-de-pantalla-2023-10-31-064037.jpg\"><img loading=\"lazy\" class=\"aligncenter size-full wp-image-38870\" src=\"https:\/\/static-blogs.diariosur.es\/wp-content\/uploads\/sites\/12\/2023\/10\/Captura-de-pantalla-2023-10-31-064037.jpg\" alt=\"\" width=\"688\" height=\"547\" srcset=\"https:\/\/static-blogs.diariosur.es\/wp-content\/uploads\/sites\/12\/2023\/10\/Captura-de-pantalla-2023-10-31-064037.jpg 688w, https:\/\/static-blogs.diariosur.es\/wp-content\/uploads\/sites\/12\/2023\/10\/Captura-de-pantalla-2023-10-31-064037-503x400.jpg 503w\" sizes=\"(max-width: 688px) 100vw, 688px\" \/><\/a><\/p>\n<p>&nbsp;<\/p>\n<p>Nos vemos ma\u00f1ana con los acumulados de lluvias del mes de octubre en M\u00e1laga. Os dejo con este bonito amanecer.<\/p>\n<p>&nbsp;<\/p>\n<p><a href=\"https:\/\/static-blogs.diariosur.es\/wp-content\/uploads\/sites\/12\/2023\/10\/123107114_10221092162952673_8337893297564306397_n-e1698731513398.jpg\"><img loading=\"lazy\" class=\"aligncenter size-full wp-image-38872\" src=\"https:\/\/static-blogs.diariosur.es\/wp-content\/uploads\/sites\/12\/2023\/10\/123107114_10221092162952673_8337893297564306397_n-e1698731513398.jpg\" alt=\"\" width=\"800\" height=\"533\" \/><\/a><\/p>\n","protected":false},"excerpt":{"rendered":"<p>Buenos d\u00edas, amigos de la meteo. Como muchos me hab\u00e9is preguntado por el tiempo que har\u00e1 en la Noche de Halloween, os comento que hay probabilidad de algunos chubascos d\u00e9biles por la tarde o por la noche en el interior de la provincia y su costa, no en todos los portales. De cumplirse esas gotas, [&hellip;]<\/p>\n","protected":false},"author":16,"featured_media":38865,"comment_status":"open","ping_status":"open","sticky":false,"template":"","format":"standard","meta":[],"categories":[2],"tags":[94,100,151,188,1864,1865,587,676,736,800,1059],"_links":{"self":[{"href":"https:\/\/blogs.diariosur.es\/tormentas-y-rayos\/wp-json\/wp\/v2\/posts\/38863"}],"collection":[{"href":"https:\/\/blogs.diariosur.es\/tormentas-y-rayos\/wp-json\/wp\/v2\/posts"}],"about":[{"href":"https:\/\/blogs.diariosur.es\/tormentas-y-rayos\/wp-json\/wp\/v2\/types\/post"}],"author":[{"embeddable":true,"href":"https:\/\/blogs.diariosur.es\/tormentas-y-rayos\/wp-json\/wp\/v2\/users\/16"}],"replies":[{"embeddable":true,"href":"https:\/\/blogs.diariosur.es\/tormentas-y-rayos\/wp-json\/wp\/v2\/comments?post=38863"}],"version-history":[{"count":8,"href":"https:\/\/blogs.diariosur.es\/tormentas-y-rayos\/wp-json\/wp\/v2\/posts\/38863\/revisions"}],"predecessor-version":[{"id":49214,"href":"https:\/\/blogs.diariosur.es\/tormentas-y-rayos\/wp-json\/wp\/v2\/posts\/38863\/revisions\/49214"}],"wp:featuredmedia":[{"embeddable":true,"href":"https:\/\/blogs.diariosur.es\/tormentas-y-rayos\/wp-json\/wp\/v2\/media\/38865"}],"wp:attachment":[{"href":"https:\/\/blogs.diariosur.es\/tormentas-y-rayos\/wp-json\/wp\/v2\/media?parent=38863"}],"wp:term":[{"taxonomy":"category","embeddable":true,"href":"https:\/\/blogs.diariosur.es\/tormentas-y-rayos\/wp-json\/wp\/v2\/categories?post=38863"},{"taxonomy":"post_tag","embeddable":true,"href":"https:\/\/blogs.diariosur.es\/tormentas-y-rayos\/wp-json\/wp\/v2\/tags?post=38863"}],"curies":[{"name":"wp","href":"https:\/\/api.w.org\/{rel}","templated":true}]}}