{"id":38874,"date":"2023-11-01T08:37:07","date_gmt":"2023-11-01T07:37:07","guid":{"rendered":"https:\/\/blogs.diariosur.es\/tormentas-y-rayos\/?p=38874"},"modified":"2026-01-10T10:36:09","modified_gmt":"2026-01-10T09:36:09","slug":"la-borrasca-ciaran-como-afectara-a-malaga-acumulados-de-lluvias-mes-de-octubre-en-la-provincia","status":"publish","type":"post","link":"https:\/\/blogs.diariosur.es\/tormentas-y-rayos\/2023\/11\/01\/la-borrasca-ciaran-como-afectara-a-malaga-acumulados-de-lluvias-mes-de-octubre-en-la-provincia\/","title":{"rendered":"La borrasca Ciar\u00e1n \u00bfC\u00f3mo afectar\u00e1 a M\u00e1laga?  Acumulados de lluvias mes de octubre en la provincia."},"content":{"rendered":"<p><a href=\"https:\/\/static-blogs.diariosur.es\/wp-content\/uploads\/sites\/12\/2023\/10\/391553712_10227849747128054_5906882869659171719_n.jpg\"><img loading=\"lazy\" class=\"aligncenter size-thumbnail wp-image-38725\" src=\"https:\/\/static-blogs.diariosur.es\/wp-content\/uploads\/sites\/12\/2023\/10\/391553712_10227849747128054_5906882869659171719_n-150x150.jpg\" alt=\"\" width=\"150\" height=\"150\" \/><\/a><\/p>\n<p>&nbsp;<\/p>\n<p data-pm-slice=\"1 1 []\">Muy buenos d\u00edas fresquitos, amigos de la meteo. La estaci\u00f3n de la Aemet del aeropuerto malague\u00f1o ha registrado una m\u00ednima de 12.8 grados; los cielos est\u00e1n despejados y el viento sopla flojo de direcci\u00f3n variable. Ayer se cumplieron las previsiones y al final cayeron chubascos en todos los portales malague\u00f1os.<\/p>\n<p>Desde esta pasada madrugada, la borrasca Ciar\u00e1n est\u00e1 teniendo un proceso de bajada de presi\u00f3n muy r\u00e1pido, a lo que se le llama ciclog\u00e9nesis explosiva. De estar a 996 mb, bajar\u00e1 en menos de 24 horas a 955 mb. Esto traer\u00e1 consigo rachas huracanadas en alta mar y olas de m\u00e1s de 20 metros. Tambi\u00e9n destacar que en algunas zonas de la costa oeste de Francia pueden darse rachas de m\u00e1s de 170 km\/h, acompa\u00f1adas tambi\u00e9n de grandes olas.<\/p>\n<p>Os paso estos tres mapas de superficie de la AEMET para que ve\u00e1is c\u00f3mo baja de presi\u00f3n.<\/p>\n<p>&nbsp;<\/p>\n<p><a href=\"https:\/\/static-blogs.diariosur.es\/wp-content\/uploads\/sites\/12\/2023\/10\/1-e1698819890787.gif\"><img loading=\"lazy\" class=\"aligncenter size-full wp-image-38885\" src=\"https:\/\/static-blogs.diariosur.es\/wp-content\/uploads\/sites\/12\/2023\/10\/1-e1698819890787.gif\" alt=\"\" width=\"800\" height=\"560\" \/><\/a><\/p>\n<p>&nbsp;<\/p>\n<p><a href=\"https:\/\/static-blogs.diariosur.es\/wp-content\/uploads\/sites\/12\/2023\/11\/2-e1698819929968.gif\"><img loading=\"lazy\" class=\"aligncenter size-full wp-image-38886\" src=\"https:\/\/static-blogs.diariosur.es\/wp-content\/uploads\/sites\/12\/2023\/11\/2-e1698819929968.gif\" alt=\"\" width=\"800\" height=\"560\" \/><\/a><\/p>\n<p>&nbsp;<\/p>\n<p><a href=\"https:\/\/static-blogs.diariosur.es\/wp-content\/uploads\/sites\/12\/2023\/11\/3-e1698819961885.gif\"><img loading=\"lazy\" class=\"aligncenter size-full wp-image-38887\" src=\"https:\/\/static-blogs.diariosur.es\/wp-content\/uploads\/sites\/12\/2023\/11\/3-e1698819961885.gif\" alt=\"\" width=\"800\" height=\"560\" \/><\/a><\/p>\n<p>&nbsp;<\/p>\n<h3><span style=\"color: #0000ff;\"><strong>C\u00f3mo afectar\u00e1 Ciaran a la provincia malague\u00f1a<\/strong><\/span><\/h3>\n<p data-pm-slice=\"1 1 []\">El frente que viene acompa\u00f1ando a Ciar\u00e1n afectar\u00e1 muy poco a la provincia malague\u00f1a. Ser\u00e1 la zona interior m\u00e1s occidental y comarca de Antequera donde se pueden registrar algunos chubascos; no espero gran cosa. El efecto foehn, como ha pasado el pasado mes, nos joder\u00e1 las lluvias.<\/p>\n<p>Lo que s\u00ed tomar\u00e1 protagonismo es el viento; la comarca de Ronda y Antequera entra en aviso amarillo por rachas m\u00e1ximas: 80 km\/h, vientos de poniente. En la costa malague\u00f1a ser\u00e1 por fen\u00f3menos costeros, viento del oeste de 50 a 60 km\/h (fuerza 7) con olas de 2 a 3 m. Las rachas fuertes de viento las espero en la capital por la tarde, noche y madrugada del viernes. Mucha precauci\u00f3n si sal\u00eds a navegar o faenar por el Mar de Albor\u00e1n.<\/p>\n<p>En cuanto a las temperaturas, rondar\u00e1n entre los 23 y 26 grados en zonas donde el poniente entre de tierra; en las dem\u00e1s, entre 17 y 22 grados. No pasaremos fr\u00edo. El viernes s\u00ed espero una bajada de temperaturas.<\/p>\n<p>Os paso el mapa de avisos actualizados por viento y olas para ma\u00f1ana. En Galicia est\u00e1n en aviso rojo; se esperan olas de 8 y 9 metros.<\/p>\n<p>&nbsp;<\/p>\n<p><a href=\"https:\/\/static-blogs.diariosur.es\/wp-content\/uploads\/sites\/12\/2023\/11\/Captura-de-pantalla-2023-11-02-065240.jpg\"><img loading=\"lazy\" class=\"aligncenter size-full wp-image-38905\" src=\"https:\/\/static-blogs.diariosur.es\/wp-content\/uploads\/sites\/12\/2023\/11\/Captura-de-pantalla-2023-11-02-065240.jpg\" alt=\"\" width=\"699\" height=\"548\" srcset=\"https:\/\/static-blogs.diariosur.es\/wp-content\/uploads\/sites\/12\/2023\/11\/Captura-de-pantalla-2023-11-02-065240.jpg 699w, https:\/\/static-blogs.diariosur.es\/wp-content\/uploads\/sites\/12\/2023\/11\/Captura-de-pantalla-2023-11-02-065240-510x400.jpg 510w\" sizes=\"(max-width: 699px) 100vw, 699px\" \/><\/a><\/p>\n<p>&nbsp;<\/p>\n<p>&nbsp;<\/p>\n<p>FOTO DE PORTADA DE SALVADOR SALAS<\/p>\n<p>Me despido hasta ma\u00f1ana, con los acumulados de lluvias que hemos tenido el mes de octubre en la provincia de M\u00e1laga<\/p>\n<p><span style=\"color: #ff0000;\"><strong>Fuentes: Aemet, Meteoclimatic\u00a0 Red Hidrosur, Acamet y Wunderground.<\/strong><\/span><\/p>\n<p data-pm-slice=\"1 1 []\"><strong>Pilones Sierra de las Nieves 169 mm<\/strong><\/p>\n<p><strong>Los Valientes Sierra de las Nieves 150 mm<\/strong><\/p>\n<p><strong>Las Navas Parauta\u00a05 mm<\/strong><\/p>\n<p><strong>Libar en Montejaque 139 mm.mm.<\/strong><\/p>\n<p><strong>Oregenal Cartajima\u00a050 mm<\/strong><\/p>\n<p><strong>Palmitera Benahav\u00eds\u00a017 mm<\/strong><\/p>\n<p><strong>Cortes de la Frontera\u00a005 mm<\/strong><\/p>\n<p><strong>Gauc\u00edn\u00a06.6 mm<\/strong><\/p>\n<p><strong>Alpandeire\u00a0 88 mm<\/strong><\/p>\n<p><strong>Estepona 42 mm<\/strong><\/p>\n<p><strong>Benahavis\u00a0 46.6 mm<\/strong><\/p>\n<p><strong>Torremolinos 29 mm<\/strong><\/p>\n<p><strong>Benalm\u00e1dena Arroyo de la Miel 18 mm<\/strong><\/p>\n<p><strong>Fuengirola\u00a0 21 mm<\/strong><\/p>\n<p><strong>Rinc\u00f3n de la Victoria 41 mm<\/strong><\/p>\n<p><strong>Ronda San Crist\u00f3bal\u00a05. 6 mm<\/strong><\/p>\n<p><strong>V\u00e9lez M\u00e1laga\u00a04 mm<\/strong><\/p>\n<p><strong>Nerja\u00a0 43.6 mm<\/strong><\/p>\n<p><strong>Tolox\u00a06.5 mm<\/strong><\/p>\n<p><strong>Alameda 43mm<\/strong><\/p>\n<p><strong>Algatocin 144mm<\/strong><\/p>\n<p><strong>Archidona Huertas del R\u00edo\u00a048 mm<\/strong><\/p>\n<p><strong>Alhaur\u00edn el Grande:: 36.4 mm<\/strong><\/p>\n<p><strong>Alhaur\u00edn de la Torre 32 mm<\/strong><\/p>\n<p><strong>Co\u00edn\u00a0 43 mm<\/strong><\/p>\n<p><strong>Frigiliana 30 mm<\/strong><\/p>\n<p><strong>Ist\u00e1n\u00a05 mm<\/strong><\/p>\n<p><strong>Mijas Pueblo 36 mm<\/strong><\/p>\n<p><strong>La Cala del Moral 33\u00a0<\/strong><\/p>\n<p><strong>Sierra Mijas 33 mm<\/strong><\/p>\n<p><strong>Majada de las Lomas 139 mm<\/strong><\/p>\n<p><strong>Los Reales 103 mm<\/strong><\/p>\n<p><strong>R\u00edo Genal Jubrique 97 mm<\/strong><\/p>\n<p><strong>Pujerra\u00a013 mm<\/strong><\/p>\n<p><strong>Cuevas del Becerro 48 mm<\/strong><\/p>\n<p><strong>Ojen 36 mm<\/strong><\/p>\n<p><strong>El Torcal 46 mm<\/strong><\/p>\n<p><strong>Depuradora de Marbella 24 mm<\/strong><\/p>\n<p><strong>Ca\u00f1ete La Real\u00a06 mm<\/strong><\/p>\n<p><strong>Laguna de Fuente Piedra 35 mm<\/strong><\/p>\n<p><strong>R\u00edo Guadalhorce C\u00e1rtama\u00a04<\/strong><\/p>\n<p><strong>Villanueva de la Concepci\u00f3n36 mm<\/strong><\/p>\n<p><strong>Casarabonela\u00a0 27\u00a0 mm<\/strong><\/p>\n<p><strong>Colmenar 31 mm<\/strong><\/p>\n<p><strong>Alfarnatejo\u00a07 mm<\/strong><\/p>\n<p><strong>R\u00edo Benamargosa\u00a00<\/strong><\/p>\n<p><strong>Torrox\u00a05 mm<\/strong><\/p>\n<p><strong>Torre del Mar\u00a0 21 mm<\/strong><\/p>\n<p><strong>R\u00edo Guadiaro Majaceite\u00a007 mm<\/strong><\/p>\n<p><strong>R\u00edo Grande\u00a0 Las Millanas 37 mm<\/strong><\/p>\n<p><strong>R\u00edo Guadalhorce Bobadilla\u00a031 mm<\/strong><\/p>\n<p><strong>R\u00edo Tur\u00f3n Ardales 38 mm<\/strong><\/p>\n<p><strong>R\u00edo Guadalteba Aforo Teba 20 mm<\/strong><\/p>\n<p>Como pod\u00e9is comprobar, los embalses, muy pocos acumulados.<\/p>\n<p><strong>Embalse de la Vi\u00f1uela\u00a0 acumulados.: 36 mm<\/strong><\/p>\n<p><strong>Embalse de Guadalteba\u00a0 : : 23 mm<\/strong><\/p>\n<p><strong>Embalse del Limonero\u00a0 : : 24 mm<\/strong><\/p>\n<p><strong>Embalse de Casasola\u00a0 23 mm<\/strong><\/p>\n<p><strong>Embalse de la Concepci\u00f3n\u00a0 : : 31 mm<\/strong><\/p>\n<p><strong>Embalse del Guadalhorce: : : 25 mm<\/strong><\/p>\n<p><strong>Almachar 40 mm<\/strong><\/p>\n<p><strong>Benamocarra\u00a01 mm<\/strong><\/p>\n<p><strong>Miclinejo\u00a033 mm<\/strong><\/p>\n<p><strong>CompetaCompleta28 mm.Completa.<\/strong><\/p>\n<p><strong>Periana 40 mm<\/strong><\/p>\n<p><strong>Venta Zafarralla\u00a03 mm<\/strong><\/p>\n<p><strong>Villanueva del Trabuco\u00a047 mm<\/strong><\/p>\n<p><strong>El Colmenar las Buitreras 85.6 mm<\/strong><\/p>\n<p><strong>Cuevas de San Marcos 57 mm<\/strong><\/p>\n<p><strong>Cuevas Bajas 52 mm<\/strong><\/p>\n<p><strong>Humilladero\u00a026 mm<\/strong><\/p>\n<p><strong>Campillos 33 mm<\/strong><\/p>\n<p><strong>Centro Meteorol\u00f3gico de M\u00e1laga: 38.4 mm<\/strong><\/p>\n<p><strong>Antequera 23 mm<\/strong><\/p>\n<p><strong>C\u00e1rtama\u00a029 mm<\/strong><\/p>\n","protected":false},"excerpt":{"rendered":"<p>&nbsp; Muy buenos d\u00edas fresquitos, amigos de la meteo. La estaci\u00f3n de la Aemet del aeropuerto malague\u00f1o ha registrado una m\u00ednima de 12.8 grados; los cielos est\u00e1n despejados y el viento sopla flojo de direcci\u00f3n variable. Ayer se cumplieron las previsiones y al final cayeron chubascos en todos los portales malague\u00f1os. Desde esta pasada madrugada, [&hellip;]<\/p>\n","protected":false},"author":16,"featured_media":38895,"comment_status":"open","ping_status":"open","sticky":false,"template":"","format":"standard","meta":[],"categories":[2],"tags":[100,151,188,1864,358,375,569,587,676,736,800,872,1059],"_links":{"self":[{"href":"https:\/\/blogs.diariosur.es\/tormentas-y-rayos\/wp-json\/wp\/v2\/posts\/38874"}],"collection":[{"href":"https:\/\/blogs.diariosur.es\/tormentas-y-rayos\/wp-json\/wp\/v2\/posts"}],"about":[{"href":"https:\/\/blogs.diariosur.es\/tormentas-y-rayos\/wp-json\/wp\/v2\/types\/post"}],"author":[{"embeddable":true,"href":"https:\/\/blogs.diariosur.es\/tormentas-y-rayos\/wp-json\/wp\/v2\/users\/16"}],"replies":[{"embeddable":true,"href":"https:\/\/blogs.diariosur.es\/tormentas-y-rayos\/wp-json\/wp\/v2\/comments?post=38874"}],"version-history":[{"count":21,"href":"https:\/\/blogs.diariosur.es\/tormentas-y-rayos\/wp-json\/wp\/v2\/posts\/38874\/revisions"}],"predecessor-version":[{"id":48531,"href":"https:\/\/blogs.diariosur.es\/tormentas-y-rayos\/wp-json\/wp\/v2\/posts\/38874\/revisions\/48531"}],"wp:featuredmedia":[{"embeddable":true,"href":"https:\/\/blogs.diariosur.es\/tormentas-y-rayos\/wp-json\/wp\/v2\/media\/38895"}],"wp:attachment":[{"href":"https:\/\/blogs.diariosur.es\/tormentas-y-rayos\/wp-json\/wp\/v2\/media?parent=38874"}],"wp:term":[{"taxonomy":"category","embeddable":true,"href":"https:\/\/blogs.diariosur.es\/tormentas-y-rayos\/wp-json\/wp\/v2\/categories?post=38874"},{"taxonomy":"post_tag","embeddable":true,"href":"https:\/\/blogs.diariosur.es\/tormentas-y-rayos\/wp-json\/wp\/v2\/tags?post=38874"}],"curies":[{"name":"wp","href":"https:\/\/api.w.org\/{rel}","templated":true}]}}