{"id":38899,"date":"2023-11-02T08:02:57","date_gmt":"2023-11-02T07:02:57","guid":{"rendered":"https:\/\/blogs.diariosur.es\/tormentas-y-rayos\/?p=38899"},"modified":"2025-12-30T11:30:48","modified_gmt":"2025-12-30T10:30:48","slug":"seguiremos-sentados-esperando-las-ansiadas-lluvias-en-malaga","status":"publish","type":"post","link":"https:\/\/blogs.diariosur.es\/tormentas-y-rayos\/2023\/11\/02\/seguiremos-sentados-esperando-las-ansiadas-lluvias-en-malaga\/","title":{"rendered":"\u00bfSeguiremos sentados esperando las ansiadas lluvias en M\u00e1laga?"},"content":{"rendered":"<p><a href=\"https:\/\/static-blogs.diariosur.es\/wp-content\/uploads\/sites\/12\/2023\/10\/243418660_10223324765526342_8448445083528661051_n.jpg\"><img loading=\"lazy\" class=\"aligncenter size-thumbnail wp-image-38644\" src=\"https:\/\/static-blogs.diariosur.es\/wp-content\/uploads\/sites\/12\/2023\/10\/243418660_10223324765526342_8448445083528661051_n-150x150.jpg\" alt=\"\" width=\"150\" height=\"150\" \/><\/a><\/p>\n<p data-pm-slice=\"1 1 []\">Buenos d\u00edas, amigos de la meteo. Antes de nada, os paso el enlace al post de ayer, donde comentaba c\u00f3mo nos afectar\u00e1 la borrasca Ciri\u00e1n. Est\u00e1 dejando rachas de viento de m\u00e1s de 140 km\/h y precipitaciones de m\u00e1s de 70 y 100 mm en muchos puntos de la pen\u00ednsula.<\/p>\n<p><a href=\"https:\/\/blogs.diariosur.es\/tormentas-y-rayos\/wp-admin\/post.php?post=38874&amp;action=edit\">BORRASCA CIRI\u00c1N Y LOS ACUMULADOS DE PRECIPITACI\u00d3N EN LA PROVINCIA MALAGUE\u00d1A DEL MES DE OCTUBRE.<\/a><\/p>\n<h3><\/h3>\n<h3><span style=\"color: #0000ff;\"><strong>\u00bfSeguiremos sentados esperando las ansiadas lluvias en M\u00e1laga?<\/strong><\/span><\/h3>\n<p data-pm-slice=\"1 1 []\">De momento y los primeros d\u00edas de la semana que viene, no se ven esas ansiadas lluvias que llenen los embalses. Con esto no quiero decir que no caigan algunos chubascos\u00a0 por la provincia hoy jueves, el viernes y s\u00e1bado, siendo m\u00e1s probables por la zona interior m\u00e1s occidental. Lo que si notaremos es una bajada de las temperaturas m\u00ednimas, m\u00e1s acorde con las fechas que estamos. En cuanto a las m\u00e1ximas, estar\u00e1n m\u00e1s o menos dentro de media o un poco m\u00e1s altas.<\/p>\n<p>Ma\u00f1ana os dar\u00e9 la previsi\u00f3n del fin de semana.<\/p>\n<p>Os dejo con esta bonita luna que fotografi\u00e9 ayer. Luna menguante convexa.<\/p>\n<p>&nbsp;<\/p>\n<p style=\"text-align: justify;\"><a href=\"https:\/\/static-blogs.diariosur.es\/wp-content\/uploads\/sites\/12\/2023\/11\/LUNA-CONVEXA-MENGUANTE-1-e1698907800944.jpg\"><img loading=\"lazy\" class=\"aligncenter size-full wp-image-38909\" src=\"https:\/\/static-blogs.diariosur.es\/wp-content\/uploads\/sites\/12\/2023\/11\/LUNA-CONVEXA-MENGUANTE-1-e1698907800944.jpg\" alt=\"\" width=\"1000\" height=\"750\" \/><\/a><\/p>\n<p>&nbsp;<\/p>\n<p>&nbsp;<\/p>\n<p>&nbsp;<\/p>\n<p>&nbsp;<\/p>\n<p>&nbsp;<\/p>\n","protected":false},"excerpt":{"rendered":"<p>Buenos d\u00edas, amigos de la meteo. Antes de nada, os paso el enlace al post de ayer, donde comentaba c\u00f3mo nos afectar\u00e1 la borrasca Ciri\u00e1n. Est\u00e1 dejando rachas de viento de m\u00e1s de 140 km\/h y precipitaciones de m\u00e1s de 70 y 100 mm en muchos puntos de la pen\u00ednsula. BORRASCA CIRI\u00c1N Y LOS ACUMULADOS [&hellip;]<\/p>\n","protected":false},"author":16,"featured_media":38912,"comment_status":"open","ping_status":"open","sticky":false,"template":"","format":"standard","meta":[],"categories":[2],"tags":[100,151,188,1866,375,569,587,676,809,872],"_links":{"self":[{"href":"https:\/\/blogs.diariosur.es\/tormentas-y-rayos\/wp-json\/wp\/v2\/posts\/38899"}],"collection":[{"href":"https:\/\/blogs.diariosur.es\/tormentas-y-rayos\/wp-json\/wp\/v2\/posts"}],"about":[{"href":"https:\/\/blogs.diariosur.es\/tormentas-y-rayos\/wp-json\/wp\/v2\/types\/post"}],"author":[{"embeddable":true,"href":"https:\/\/blogs.diariosur.es\/tormentas-y-rayos\/wp-json\/wp\/v2\/users\/16"}],"replies":[{"embeddable":true,"href":"https:\/\/blogs.diariosur.es\/tormentas-y-rayos\/wp-json\/wp\/v2\/comments?post=38899"}],"version-history":[{"count":5,"href":"https:\/\/blogs.diariosur.es\/tormentas-y-rayos\/wp-json\/wp\/v2\/posts\/38899\/revisions"}],"predecessor-version":[{"id":48410,"href":"https:\/\/blogs.diariosur.es\/tormentas-y-rayos\/wp-json\/wp\/v2\/posts\/38899\/revisions\/48410"}],"wp:featuredmedia":[{"embeddable":true,"href":"https:\/\/blogs.diariosur.es\/tormentas-y-rayos\/wp-json\/wp\/v2\/media\/38912"}],"wp:attachment":[{"href":"https:\/\/blogs.diariosur.es\/tormentas-y-rayos\/wp-json\/wp\/v2\/media?parent=38899"}],"wp:term":[{"taxonomy":"category","embeddable":true,"href":"https:\/\/blogs.diariosur.es\/tormentas-y-rayos\/wp-json\/wp\/v2\/categories?post=38899"},{"taxonomy":"post_tag","embeddable":true,"href":"https:\/\/blogs.diariosur.es\/tormentas-y-rayos\/wp-json\/wp\/v2\/tags?post=38899"}],"curies":[{"name":"wp","href":"https:\/\/api.w.org\/{rel}","templated":true}]}}