{"id":38924,"date":"2023-11-04T08:31:01","date_gmt":"2023-11-04T07:31:01","guid":{"rendered":"https:\/\/blogs.diariosur.es\/tormentas-y-rayos\/?p=38924"},"modified":"2023-11-04T08:31:01","modified_gmt":"2023-11-04T07:31:01","slug":"los-817-mm-recogidos-el-3-de-noviembre-de-1987-en-el-pluviometro-de-oliva-blog-aemet","status":"publish","type":"post","link":"https:\/\/blogs.diariosur.es\/tormentas-y-rayos\/2023\/11\/04\/los-817-mm-recogidos-el-3-de-noviembre-de-1987-en-el-pluviometro-de-oliva-blog-aemet\/","title":{"rendered":"Los 817 mm recogidos el 3 de noviembre de 1987 en el pluvi\u00f3metro de Oliva. Blog Aemet"},"content":{"rendered":"<p><a href=\"https:\/\/static-blogs.diariosur.es\/wp-content\/uploads\/sites\/12\/2023\/10\/391553712_10227849747128054_5906882869659171719_n.jpg\"><img loading=\"lazy\" class=\"aligncenter size-thumbnail wp-image-38725\" src=\"https:\/\/static-blogs.diariosur.es\/wp-content\/uploads\/sites\/12\/2023\/10\/391553712_10227849747128054_5906882869659171719_n-150x150.jpg\" alt=\"\" width=\"150\" height=\"150\" \/><\/a><\/p>\n<p>Muy buenos d\u00edas, amigos de la meteo. Os pongo este interesante articulo del Blog de la Aemet. Ma\u00f1ana os dar\u00e9 la predicci\u00f3n de los primeros d\u00edas de la semana que viene.<\/p>\n<p>&nbsp;<\/p>\n<h3><a href=\"https:\/\/aemetblog.es\/2023\/11\/03\/la-riada-de-la-safor-del-3-de-noviembre-de-1987-relato-de-las-24-horas-mas-lluviosas-registradas-en-espana\/\" rel=\"external nofollow\"><span style=\"color: #ff0000;\"><strong>Los 817 mm recogidos el 3 de noviembre de 1987 en el pluvi\u00f3metro de Oliva. Blog Aemet<\/strong><\/span><\/a><\/h3>\n<p>Foto de portada\u00a0XIMO FERRI, Peri\u00f3dico Levante<\/p>\n<p>&nbsp;<\/p>\n<p>&nbsp;<\/p>\n<p>&nbsp;<\/p>\n","protected":false},"excerpt":{"rendered":"<p>Muy buenos d\u00edas, amigos de la meteo. Os pongo este interesante articulo del Blog de la Aemet. Ma\u00f1ana os dar\u00e9 la predicci\u00f3n de los primeros d\u00edas de la semana que viene. &nbsp; Los 817 mm recogidos el 3 de noviembre de 1987 en el pluvi\u00f3metro de Oliva. Blog Aemet Foto de portada\u00a0XIMO FERRI, Peri\u00f3dico Levante [&hellip;]<\/p>\n","protected":false},"author":16,"featured_media":38926,"comment_status":"open","ping_status":"open","sticky":false,"template":"","format":"standard","meta":[],"categories":[2],"tags":[],"_links":{"self":[{"href":"https:\/\/blogs.diariosur.es\/tormentas-y-rayos\/wp-json\/wp\/v2\/posts\/38924"}],"collection":[{"href":"https:\/\/blogs.diariosur.es\/tormentas-y-rayos\/wp-json\/wp\/v2\/posts"}],"about":[{"href":"https:\/\/blogs.diariosur.es\/tormentas-y-rayos\/wp-json\/wp\/v2\/types\/post"}],"author":[{"embeddable":true,"href":"https:\/\/blogs.diariosur.es\/tormentas-y-rayos\/wp-json\/wp\/v2\/users\/16"}],"replies":[{"embeddable":true,"href":"https:\/\/blogs.diariosur.es\/tormentas-y-rayos\/wp-json\/wp\/v2\/comments?post=38924"}],"version-history":[{"count":2,"href":"https:\/\/blogs.diariosur.es\/tormentas-y-rayos\/wp-json\/wp\/v2\/posts\/38924\/revisions"}],"predecessor-version":[{"id":38927,"href":"https:\/\/blogs.diariosur.es\/tormentas-y-rayos\/wp-json\/wp\/v2\/posts\/38924\/revisions\/38927"}],"wp:featuredmedia":[{"embeddable":true,"href":"https:\/\/blogs.diariosur.es\/tormentas-y-rayos\/wp-json\/wp\/v2\/media\/38926"}],"wp:attachment":[{"href":"https:\/\/blogs.diariosur.es\/tormentas-y-rayos\/wp-json\/wp\/v2\/media?parent=38924"}],"wp:term":[{"taxonomy":"category","embeddable":true,"href":"https:\/\/blogs.diariosur.es\/tormentas-y-rayos\/wp-json\/wp\/v2\/categories?post=38924"},{"taxonomy":"post_tag","embeddable":true,"href":"https:\/\/blogs.diariosur.es\/tormentas-y-rayos\/wp-json\/wp\/v2\/tags?post=38924"}],"curies":[{"name":"wp","href":"https:\/\/api.w.org\/{rel}","templated":true}]}}