{"id":38936,"date":"2023-11-06T08:17:18","date_gmt":"2023-11-06T07:17:18","guid":{"rendered":"https:\/\/blogs.diariosur.es\/tormentas-y-rayos\/?p=38936"},"modified":"2026-01-10T10:41:42","modified_gmt":"2026-01-10T09:41:42","slug":"seguiremos-sin-las-deseadas-lluvias-la-primera-quincena-de-noviembre-en-malaga-temperaturas-en-alza","status":"publish","type":"post","link":"https:\/\/blogs.diariosur.es\/tormentas-y-rayos\/2023\/11\/06\/seguiremos-sin-las-deseadas-lluvias-la-primera-quincena-de-noviembre-en-malaga-temperaturas-en-alza\/","title":{"rendered":"\u00bfSeguiremos sin las deseadas lluvias la primera quincena de noviembre en M\u00e1laga? Temperaturas en alza."},"content":{"rendered":"<p><a href=\"https:\/\/static-blogs.diariosur.es\/wp-content\/uploads\/sites\/12\/2023\/09\/380274744_10227628075266396_7294227596181000264_n.jpg\"><img loading=\"lazy\" class=\"aligncenter size-thumbnail wp-image-38514\" src=\"https:\/\/static-blogs.diariosur.es\/wp-content\/uploads\/sites\/12\/2023\/09\/380274744_10227628075266396_7294227596181000264_n-150x150.jpg\" alt=\"\" width=\"150\" height=\"150\" \/><\/a><\/p>\n<p data-pm-slice=\"1 1 []\">Muy buenos d\u00edas, amigos de la meteo. Cuando son las siete de la ma\u00f1ana en M\u00e1laga capital, el aeropuerto ha registrado una m\u00ednima de 12.6 grados, los cielos est\u00e1n despejados y sopla viento flojo de terral de oto\u00f1o. Destacar las m\u00ednimas de Archidona Huertas del R\u00edo con 6.3 grados y Ronda y Antequera con 8.2 grados. Fuente meteoclimatic, aemet. Ma\u00f1ana y el mi\u00e9rcoles las temperaturas m\u00ednimas rondar\u00e1n entre los 6 y 14 grados.<\/p>\n<p>Salvo sorpresas, que no creo, la primera quincena de noviembre terminar\u00e1 sin las deseadas lluvias en M\u00e1laga y Andaluc\u00eda. El anticicl\u00f3n tomar\u00e1 protagonismo, y no solo eso, tambi\u00e9n vendr\u00e1 acompa\u00f1ado de una masa de aire c\u00e1lida que nos afectar\u00e1 a partir del viernes. La temperatura a 850 hPa (1500 m) tendr\u00e1 anomal\u00edas positivas de 4 y 8 grados. Esto traer\u00e1 consigo temperaturas m\u00e1ximas y m\u00ednimas muy por encima de la media.<\/p>\n<p>Os pongo el mapa de anomal\u00edas de temperatura a 850 hPa, previsto para el domingo.<\/p>\n<p>&nbsp;<\/p>\n<p><a href=\"https:\/\/static-blogs.diariosur.es\/wp-content\/uploads\/sites\/12\/2023\/11\/Captura-de-pantalla-2023-11-06-075809.jpg\"><img loading=\"lazy\" class=\"aligncenter size-full wp-image-38944\" src=\"https:\/\/static-blogs.diariosur.es\/wp-content\/uploads\/sites\/12\/2023\/11\/Captura-de-pantalla-2023-11-06-075809.jpg\" alt=\"\" width=\"772\" height=\"550\" srcset=\"https:\/\/static-blogs.diariosur.es\/wp-content\/uploads\/sites\/12\/2023\/11\/Captura-de-pantalla-2023-11-06-075809.jpg 772w, https:\/\/static-blogs.diariosur.es\/wp-content\/uploads\/sites\/12\/2023\/11\/Captura-de-pantalla-2023-11-06-075809-561x400.jpg 561w, https:\/\/static-blogs.diariosur.es\/wp-content\/uploads\/sites\/12\/2023\/11\/Captura-de-pantalla-2023-11-06-075809-768x547.jpg 768w\" sizes=\"(max-width: 772px) 100vw, 772px\" \/><\/a><\/p>\n<p>&nbsp;<\/p>\n<p>Poco m\u00e1s que contar. Os dejo con un par de fotos que he hecho a la luna a las seis de la ma\u00f1ana.<\/p>\n<p>&nbsp;<\/p>\n<p><a href=\"https:\/\/static-blogs.diariosur.es\/wp-content\/uploads\/sites\/12\/2023\/11\/bb-e1699254026201.jpg\"><img loading=\"lazy\" class=\"aligncenter size-full wp-image-38945\" src=\"https:\/\/static-blogs.diariosur.es\/wp-content\/uploads\/sites\/12\/2023\/11\/bb-e1699254026201.jpg\" alt=\"\" width=\"900\" height=\"814\" \/><\/a><\/p>\n<p>&nbsp;<\/p>\n<p><a href=\"https:\/\/static-blogs.diariosur.es\/wp-content\/uploads\/sites\/12\/2023\/11\/blog-e1699254106323.jpg\"><img loading=\"lazy\" class=\"aligncenter size-full wp-image-38946\" src=\"https:\/\/static-blogs.diariosur.es\/wp-content\/uploads\/sites\/12\/2023\/11\/blog-e1699254106323.jpg\" alt=\"\" width=\"900\" height=\"675\" \/><\/a><\/p>\n<p>&nbsp;<\/p>\n<p>&nbsp;<\/p>\n","protected":false},"excerpt":{"rendered":"<p>Muy buenos d\u00edas, amigos de la meteo. Cuando son las siete de la ma\u00f1ana en M\u00e1laga capital, el aeropuerto ha registrado una m\u00ednima de 12.6 grados, los cielos est\u00e1n despejados y sopla viento flojo de terral de oto\u00f1o. Destacar las m\u00ednimas de Archidona Huertas del R\u00edo con 6.3 grados y Ronda y Antequera con 8.2 [&hellip;]<\/p>\n","protected":false},"author":16,"featured_media":38942,"comment_status":"open","ping_status":"open","sticky":false,"template":"","format":"standard","meta":[],"categories":[2],"tags":[100,114,188,358,587,800],"_links":{"self":[{"href":"https:\/\/blogs.diariosur.es\/tormentas-y-rayos\/wp-json\/wp\/v2\/posts\/38936"}],"collection":[{"href":"https:\/\/blogs.diariosur.es\/tormentas-y-rayos\/wp-json\/wp\/v2\/posts"}],"about":[{"href":"https:\/\/blogs.diariosur.es\/tormentas-y-rayos\/wp-json\/wp\/v2\/types\/post"}],"author":[{"embeddable":true,"href":"https:\/\/blogs.diariosur.es\/tormentas-y-rayos\/wp-json\/wp\/v2\/users\/16"}],"replies":[{"embeddable":true,"href":"https:\/\/blogs.diariosur.es\/tormentas-y-rayos\/wp-json\/wp\/v2\/comments?post=38936"}],"version-history":[{"count":8,"href":"https:\/\/blogs.diariosur.es\/tormentas-y-rayos\/wp-json\/wp\/v2\/posts\/38936\/revisions"}],"predecessor-version":[{"id":48413,"href":"https:\/\/blogs.diariosur.es\/tormentas-y-rayos\/wp-json\/wp\/v2\/posts\/38936\/revisions\/48413"}],"wp:featuredmedia":[{"embeddable":true,"href":"https:\/\/blogs.diariosur.es\/tormentas-y-rayos\/wp-json\/wp\/v2\/media\/38942"}],"wp:attachment":[{"href":"https:\/\/blogs.diariosur.es\/tormentas-y-rayos\/wp-json\/wp\/v2\/media?parent=38936"}],"wp:term":[{"taxonomy":"category","embeddable":true,"href":"https:\/\/blogs.diariosur.es\/tormentas-y-rayos\/wp-json\/wp\/v2\/categories?post=38936"},{"taxonomy":"post_tag","embeddable":true,"href":"https:\/\/blogs.diariosur.es\/tormentas-y-rayos\/wp-json\/wp\/v2\/tags?post=38936"}],"curies":[{"name":"wp","href":"https:\/\/api.w.org\/{rel}","templated":true}]}}